{"id":5432,"date":"2015-10-02T01:22:15","date_gmt":"2015-10-02T04:22:15","guid":{"rendered":"http:\/\/webvasco.com\/artigos\/?p=5432"},"modified":"2015-10-02T01:27:02","modified_gmt":"2015-10-02T04:27:02","slug":"ponto-final","status":"publish","type":"post","link":"https:\/\/webvasco.com\/artigos\/colunistas\/luizcarlosrocha\/ponto-final\/","title":{"rendered":"PONTO FINAL!"},"content":{"rendered":"<div>\n<div style=\"color:#000; background-color:#fff; font-family:HelveticaNeue-Light, Helvetica Neue Light, Helvetica Neue, Helvetica, Arial, Lucida Grande, sans-serif;font-size:32px\">\n<div class=\"\" style=\"text-align:justify;text-indent:35.4pt;tab-stops:111.0pt\" id=\"yui_3_16_0_1_1443759470791_2497\"><span style=\"font-size:12.0pt;line-height:115%;font-family:&quot;Arial&quot;,&quot;sans-serif&quot;\" id=\"yui_3_16_0_1_1443759470791_2499\" class=\"\">Em  \u00e9poca que muito se fala de pontua\u00e7\u00e3o em S\u00e3o Janu\u00e1rio (n\u00e3o s\u00f3 a soma, no  Campeonato Brasileiro, a fim de fugir do terceiro rebaixamento, mas tamb\u00e9m porque  o presidente Eurico Miranda sempre afirma que agora com a volta ao \u201ctrono\u201d,  alega que o respeito voltou e ponto. Pois \u00e9, de tanto invocar o pequeno sinal o  Vasco da Gama foi eliminado da Copa do Brasil e ponto final!<o:p id=\"yui_3_16_0_1_1443759470791_2501\" class=\"\"><\/o:p><\/span><\/div>\n<div class=\"\" style=\"text-align:justify;text-indent:35.4pt;tab-stops:111.0pt\" id=\"yui_3_16_0_1_1443759470791_2503\"><span style=\"font-size:12.0pt;line-height:115%;font-family:&quot;Arial&quot;,&quot;sans-serif&quot;\" id=\"yui_3_16_0_1_1443759470791_2505\" class=\"\">A  partida pelas Quartas de final, no Maracan\u00e3 ficou na igualdade entre as  equipes. O gol do Cruzmaltino foi marcado pelo atacante Riascos. Para o  Tricolor Paulista descontou Centuri\u00f3n. Como o jogo de ida foi 3 a 0 para o time  de Sampa, o resultado de ontem garantiu a participa\u00e7\u00e3o na pr\u00f3xima fase da  competi\u00e7\u00e3o.<o:p id=\"yui_3_16_0_1_1443759470791_2507\" class=\"\"><\/o:p><\/span><\/div>\n<div class=\"\" style=\"text-align:justify;text-indent:35.4pt;tab-stops:111.0pt\" id=\"yui_3_16_0_1_1443759470791_2509\"><span style=\"font-size:12.0pt;line-height:115%;font-family:&quot;Arial&quot;,&quot;sans-serif&quot;\" id=\"yui_3_16_0_1_1443759470791_2511\" class=\"\">Talvez  se esse mesmo time reserva do Vasco que atuou na noite passada, tivesse jogado  na quarta, dia 23 de setembro, o Gigante da Colina n\u00e3o tivesse tomado tr\u00eas gols  de forma infantil e amadora. Os suplentes jogaram com muita determina\u00e7\u00e3o.  Talvez tenha faltado um pouco de t\u00e9cnica, mas vontade n\u00e3o!<o:p id=\"yui_3_16_0_1_1443759470791_2513\" class=\"\"><\/o:p><\/span><\/div>\n<div class=\"\" style=\"text-align:justify;text-indent:35.4pt;tab-stops:111.0pt\" id=\"yui_3_16_0_1_1443759470791_2515\"><span style=\"font-size:12.0pt;line-height:115%;font-family:&quot;Arial&quot;,&quot;sans-serif&quot;\" id=\"yui_3_16_0_1_1443759470791_2517\" class=\"\">Ap\u00f3s  o Adeus \u00e0 Copa do Brasil, o foco agora \u00e9 o Campeonato Brasileiro. Bem diferente  de outrora, quando nosso time era forte e disputava t\u00edtulos, a luta nesta  vers\u00e3o do campeonato \u00e9 para n\u00e3o cair, ou seja, para n\u00e3o ser rebaixado mais uma  vez. <o:p id=\"yui_3_16_0_1_1443759470791_2519\" class=\"\"><\/o:p><\/span><\/div>\n<div class=\"\" style=\"text-align:justify;text-indent:35.4pt;tab-stops:111.0pt\" id=\"yui_3_16_0_1_1443759470791_2521\"><span style=\"font-size:12.0pt;line-height:115%;font-family:&quot;Arial&quot;,&quot;sans-serif&quot;\" id=\"yui_3_16_0_1_1443759470791_2523\" class=\"\">\u00c9  preciso rever conceitos para que ao Vasco volte a um lugar de destaque no  cen\u00e1rio desportivo. Muitas coisas ter\u00e3o de mudar radicalmente em 2016 para que  essa institui\u00e7\u00e3o que tem muitos amantes n\u00e3o sofra as consequ\u00eancias. Acorda  Vasc\u00e3o! E ponto final!<o:p id=\"yui_3_16_0_1_1443759470791_2525\" class=\"\"><\/o:p><\/span><\/div>\n<div class=\"\" style=\"text-align:justify;text-indent:35.4pt;tab-stops:111.0pt\" id=\"yui_3_16_0_1_1443759470791_2527\"><span style=\"font-size:12.0pt;line-height:115%;font-family:&quot;Arial&quot;,&quot;sans-serif&quot;\" id=\"yui_3_16_0_1_1443759470791_2529\" class=\"\"><o:p id=\"yui_3_16_0_1_1443759470791_2531\" class=\"\">&nbsp;<\/o:p><\/span><\/div>\n<div class=\"\" style=\"text-align:justify;text-indent:35.4pt;tab-stops:111.0pt\" id=\"yui_3_16_0_1_1443759470791_2533\"><span style=\"font-size:12.0pt;line-height:115%;font-family:&quot;Arial&quot;,&quot;sans-serif&quot;\" id=\"yui_3_16_0_1_1443759470791_2535\" class=\"\"><o:p id=\"yui_3_16_0_1_1443759470791_2537\" class=\"\">&nbsp;<\/o:p><\/span><\/div>\n<div class=\"\" style=\"text-align:justify;text-indent:35.4pt;tab-stops:111.0pt\" id=\"yui_3_16_0_1_1443759470791_2539\"><span style=\"font-size:12.0pt;line-height:115%;font-family:&quot;Arial&quot;,&quot;sans-serif&quot;\" id=\"yui_3_16_0_1_1443759470791_2541\" class=\"\"><o:p id=\"yui_3_16_0_1_1443759470791_2543\" class=\"\">&nbsp;<\/o:p><\/span><\/div>\n<div class=\"\" style=\"text-align:justify;text-indent:35.4pt;tab-stops:111.0pt\" id=\"yui_3_16_0_1_1443759470791_2545\"><span style=\"font-size:12.0pt;line-height:115%;font-family:&quot;Arial&quot;,&quot;sans-serif&quot;\" id=\"yui_3_16_0_1_1443759470791_2547\" class=\"\"><o:p id=\"yui_3_16_0_1_1443759470791_2549\" class=\"\">&nbsp;<\/o:p><\/span><\/div>\n<div class=\"\" style=\"text-align:justify;text-indent:35.4pt;tab-stops:111.0pt\" id=\"yui_3_16_0_1_1443759470791_2551\"><b id=\"yui_3_16_0_1_1443759470791_2553\" class=\"\"><u id=\"yui_3_16_0_1_1443759470791_2555\" class=\"\"><span style=\"font-size:20.0pt;line-height:115%;font-family:&quot;Arial&quot;,&quot;sans-serif&quot;\" id=\"yui_3_16_0_1_1443759470791_2557\" class=\"\">DIVULGUEM ESSA COVARDIA:<\/span><\/u><\/b><span style=\"font-size:16.0pt;line-height:115%;font-family:&quot;Arial&quot;,&quot;sans-serif&quot;\" id=\"yui_3_16_0_1_1443759470791_2559\" class=\"\"> GOSTARIA  DE PEDIR A TODOS OS MEUS AMIGOS E LEITORES QUE TIRASSE UM TEMPINHO PARA LER A  PETI\u00c7\u00c3O P\u00daBLICA, AO QUAL SEGUE ABAIXO O LINK. TAL DOCUMENTO REFERE-SE A <b id=\"yui_3_16_0_1_1443759470791_2561\" class=\"\"><u id=\"yui_3_16_0_1_1443759470791_2563\" class=\"\">UM ATO DE COVARDIA POR PARTE DA  VOLKSWAGEN DO BRASIL EM COAUTORIA DA ABOLI\u00c7\u00c3O VE\u00cdCULOS (GRUPO AB)<\/u><\/b>  CONTRA ESTE VELHO JORNALISTA. A REFERIDA CONCESSION\u00c1RIA EST\u00c1 ME LESANDO DESDE  FEVEREIRO DE 2013. MEU CARRO FOI BATIDO DENTRO DA OFICINA, FURTARAM ACESS\u00d3RIOS,  TEM PROBLEMAS CAUSADOS POR ELES, AL\u00c9M DE DEFEITOS DE FABRICA\u00c7\u00c3O. O CARRO 0 KM  COMPRADO POR MIM HOJE SE ENCONTRA NA OFICINA DA ABOLI\u00c7\u00c3O VE\u00cdCULOS (CENTRO DE  NITER\u00d3I) <b id=\"yui_3_16_0_1_1443759470791_2565\" class=\"\"><u id=\"yui_3_16_0_1_1443759470791_2567\" class=\"\">DESDE 10 DE JUNHO DE 2013<\/u><\/b>,  OU SEJA, H\u00c1 <b id=\"yui_3_16_0_1_1443759470791_2569\" class=\"\"><u id=\"yui_3_16_0_1_1443759470791_2571\" class=\"\">27 MESES, OU SEJA, 2 ANOS  E TR\u00caS MESES.<\/u><\/b> <b id=\"yui_3_16_0_1_1443759470791_2573\" class=\"\"><u id=\"yui_3_16_0_1_1443759470791_2575\" class=\"\">TEM APENAS 729  KM RODADOS<\/u><\/b> PARA COMPROVAR O CALV\u00c1RIO TENHO DOCUMENTOS, GRAVA\u00c7\u00d5ES DE  AUDIO E V\u00cdDEO, MAIS DE 600 FOTOGRAFIAS E E-MAILS TROCADOS COM FUNCION\u00c1RIOS DO  BAIXO, M\u00c9DIO E ALTO ESCAL\u00c3O DA EMPRESA. POR FAVOR, ASSINEM O DOCUMENTO PARA QUE  OUTROS CONSUMIDORES N\u00c3O SEJAM LESADOS POR EMPRESAS DESTE N\u00cdVEL.&nbsp; <\/span><a href=\"https:\/\/secure.avaaz.org\/po\/petition\/Aos_Orgaos_de_Defesa_do_Consumidor_e_ao_Poder_Judiciario_JUSTICA_CONTRA_UMA_MARCA_E_SUA_REVENDERORA_QUE_DESCUMPREM_A_LEI\/?lJEcNfb&amp;pv=0\" id=\"yui_3_16_0_1_1443759470791_2577\" class=\"\"><span style=\"font-size:16.0pt;line-height:115%;font-family:&quot;Arial&quot;,&quot;sans-serif&quot;\" id=\"yui_3_16_0_1_1443759470791_2579\" class=\"\"><a href=\"https:\/\/secure.avaaz.org\/po\/petition\/Aos_Orgaos_de_Defesa_do_Consumidor_e_ao_Poder_Judiciario_JUSTICA_CONTRA_UMA_MARCA_E_SUA_REVENDERORA_QUE_DESCUMPREM_A_LEI\/?lJEcNfb&amp;pv=0\" >https:\/\/secure.avaaz.org\/po\/petition\/Aos_Orgaos_de_Defesa_do_Consumidor_e_ao_Poder_Judiciario_JUSTICA_CONTRA_UMA_MARCA_E_SUA_REVENDERORA_QUE_DESCUMPREM_A_LEI\/?lJEcNfb&amp;pv=0<\/a><\/span><\/a><span style=\"font-size:16.0pt;line-height:115%;font-family:&quot;Arial&quot;,&quot;sans-serif&quot;\" id=\"yui_3_16_0_1_1443759470791_2581\" class=\"\"><o:p id=\"yui_3_16_0_1_1443759470791_2583\" class=\"\"><\/o:p><\/span><\/div>\n<div class=\"\" style=\"text-align:justify;tab-stops:111.0pt\" id=\"yui_3_16_0_1_1443759470791_2585\"><span style=\"font-size:16.0pt;line-height:115%;font-family:&quot;Arial&quot;,&quot;sans-serif&quot;\" id=\"yui_3_16_0_1_1443759470791_2587\" class=\"\"><o:p id=\"yui_3_16_0_1_1443759470791_2589\" class=\"\">&nbsp;<\/o:p><\/span><\/div>\n<div class=\"\" style=\"text-align:justify;tab-stops:111.0pt\" id=\"yui_3_16_0_1_1443759470791_2591\"><b id=\"yui_3_16_0_1_1443759470791_2593\" class=\"\"><span style=\"font-size:16.0pt;line-height:115%;font-family:&quot;Arial&quot;,&quot;sans-serif&quot;\" id=\"yui_3_16_0_1_1443759470791_2595\" class=\"\">&nbsp;&nbsp;&nbsp;&nbsp;&nbsp;&nbsp;&nbsp;&nbsp;&nbsp;&nbsp;&nbsp;&nbsp;&nbsp;&nbsp;&nbsp;&nbsp;&nbsp;&nbsp;&nbsp;&nbsp;&nbsp;&nbsp;&nbsp;&nbsp; &nbsp;&nbsp;&nbsp;&nbsp;&nbsp;&nbsp; <o:p id=\"yui_3_16_0_1_1443759470791_2597\" class=\"\"><\/o:p><\/span><\/b><\/div>\n<div id=\"yui_3_16_0_1_1443759470791_2341\" dir=\"ltr\">                                                <b id=\"yui_3_16_0_1_1443759470791_2495\" class=\"\"><span style=\"font-size:14.0pt;line-height:115%;font-family:&quot;Arial&quot;,&quot;sans-serif&quot;;mso-fareast-font-family:Calibri;mso-fareast-theme-font:minor-latin;mso-ansi-language:PT-BR;mso-fareast-language:EN-US;mso-bidi-language:AR-SA\" id=\"yui_3_16_0_1_1443759470791_2494\" class=\"\">AP\u00d3S AS TODAS AS PARTIDAS DO VASC\u00c3O EM MEU  PERFIL DO FACEBOOK (QUEM QUISER RECEBER AS CR\u00d4NICAS DE PRIMEIRA M\u00c3O \u00c9 S\u00d3 ME  ADICIONAR), E NOS SITES WEBVASCO (www.webvasco.com), E VASCA\u00cdNOS UNIDOS (www.vascainosunidos.com.br)  TEM A OPINI\u00c3O DO JORNALISTA LUIZ CARLOS ROCHA. LEIAM! COMPARTILHEM E CURTAM!  VASCA\u00cdNOS UNIDOS JAMAIS SER\u00c3O VENCIDOS.<\/span><\/b><span><\/span><\/div>\n<div id=\"yui_3_16_0_1_1443759470791_2341\"><span><br \/><\/span><\/div>\n<div id=\"yui_3_16_0_1_1443759470791_2341\"><span><br \/><\/span><\/div>\n<div id=\"yui_3_16_0_1_1443759470791_2341\"><span><br \/><\/span><\/div>\n<div><\/div>\n<div id=\"yui_3_16_0_1_1443759470791_2409\">&nbsp;<\/div>\n<div class=\"signature\" id=\"yui_3_16_0_1_1443759470791_2416\">\n<div id=\"RTEContent\">\n<div id=\"yui_3_16_0_1_1443759470791_2415\">\n<div id=\"yui_3_16_0_1_1443759470791_2414\">\n<div id=\"yui_3_16_0_1_1443759470791_2413\">\n<div align=\"center\" id=\"yui_3_16_0_1_1443759470791_2412\"><\/div>\n<\/div>\n<\/div>\n<\/div>\n<\/div>\n<\/div>\n<\/div>\n<\/div>\n<p><\/p>\n","protected":false},"excerpt":{"rendered":"<p>Em \u00e9poca que muito se fala de pontua\u00e7\u00e3o em S\u00e3o Janu\u00e1rio (n\u00e3o s\u00f3 a soma,&#8230;<\/p>\n","protected":false},"author":7,"featured_media":0,"comment_status":"open","ping_status":"closed","sticky":false,"template":"","format":"standard","meta":{"footnotes":""},"categories":[4],"tags":[],"class_list":["post-5432","post","type-post","status-publish","format-standard","hentry","category-luizcarlosrocha"],"_links":{"self":[{"href":"https:\/\/webvasco.com\/artigos\/wp-json\/wp\/v2\/posts\/5432","targetHints":{"allow":["GET"]}}],"collection":[{"href":"https:\/\/webvasco.com\/artigos\/wp-json\/wp\/v2\/posts"}],"about":[{"href":"https:\/\/webvasco.com\/artigos\/wp-json\/wp\/v2\/types\/post"}],"author":[{"embeddable":true,"href":"https:\/\/webvasco.com\/artigos\/wp-json\/wp\/v2\/users\/7"}],"replies":[{"embeddable":true,"href":"https:\/\/webvasco.com\/artigos\/wp-json\/wp\/v2\/comments?post=5432"}],"version-history":[{"count":0,"href":"https:\/\/webvasco.com\/artigos\/wp-json\/wp\/v2\/posts\/5432\/revisions"}],"wp:attachment":[{"href":"https:\/\/webvasco.com\/artigos\/wp-json\/wp\/v2\/media?parent=5432"}],"wp:term":[{"taxonomy":"category","embeddable":true,"href":"https:\/\/webvasco.com\/artigos\/wp-json\/wp\/v2\/categories?post=5432"},{"taxonomy":"post_tag","embeddable":true,"href":"https:\/\/webvasco.com\/artigos\/wp-json\/wp\/v2\/tags?post=5432"}],"curies":[{"name":"wp","href":"https:\/\/api.w.org\/{rel}","templated":true}]}}