{"id":5526,"date":"2015-10-04T17:53:18","date_gmt":"2015-10-04T20:53:18","guid":{"rendered":"http:\/\/webvasco.com\/artigos\/?p=5526"},"modified":"2015-10-04T17:57:38","modified_gmt":"2015-10-04T20:57:38","slug":"derrota-animal","status":"publish","type":"post","link":"https:\/\/webvasco.com\/artigos\/colunistas\/luizcarlosrocha\/derrota-animal\/","title":{"rendered":"DERROTA ANIMAL!"},"content":{"rendered":"<div>\n<div style=\"color:#000; background-color:#fff; font-family:HelveticaNeue-Light, Helvetica Neue Light, Helvetica Neue, Helvetica, Arial, Lucida Grande, sans-serif;font-size:32px\">\n<div class=\"\" style=\"text-align:justify;text-indent:35.4pt;tab-stops:111.0pt\" id=\"yui_3_16_0_1_1443991694301_2448\"><span style=\"font-size:12.0pt;line-height:115%;font-family:&quot;Arial&quot;,&quot;sans-serif&quot;\" id=\"yui_3_16_0_1_1443991694301_2450\" class=\"\">Em  pleno dia de S\u00e3o Francisco de Assis \u2013 Santo protetor dos bichinhos &#8211; o Vasco da  Gama foi ao Est\u00e1dio da Ressacada, em Florian\u00f3polis e ficou no empate por 1 a 1  com o Ava\u00ed. Nen\u00ea de p\u00eanalti inaugurou o marcador para os cariocas, Andr\u00e9 Lima  deixou tudo igual. &nbsp;Com o resultado da  29\u00aa Rodada do Campeonato Brasileiro, o Cruzmaltino somou apenas um ponto. Agora  com 27, continua ocupando a 19\u00aa posi\u00e7\u00e3o na tabela de classifica\u00e7\u00e3o.<o:p id=\"yui_3_16_0_1_1443991694301_2452\" class=\"\"><\/o:p><\/span><\/div>\n<div class=\"\" style=\"text-align:justify;text-indent:35.4pt;tab-stops:111.0pt\" id=\"yui_3_16_0_1_1443991694301_2454\"><span style=\"font-size:12.0pt;line-height:115%;font-family:&quot;Arial&quot;,&quot;sans-serif&quot;\" id=\"yui_3_16_0_1_1443991694301_2456\" class=\"\">A  competi\u00e7\u00e3o supracitada \u00e9 \u00e1rdua. A verdade \u00e9 que o time de S\u00e3o Janu\u00e1rio achou  que conquistando o campeonato regional estaria preparado para o Brasileir\u00e3o.  Uma competi\u00e7\u00e3o local \u00e9 formulada em padr\u00f5es mais brandos, no que tange a parte  t\u00e1tica e t\u00e9cnica.&nbsp; A emula\u00e7\u00e3o em n\u00edvel  federal requer maior habilidade e conhecimento futebol\u00edstico. Portanto, o  Gigante da Colina est\u00e1 colhendo os frutos que plantou. N\u00e3o h\u00e1 do que reclamar. <o:p id=\"yui_3_16_0_1_1443991694301_2458\" class=\"\"><\/o:p><\/span><\/div>\n<div class=\"\" style=\"text-align:justify;text-indent:35.4pt;tab-stops:111.0pt\" id=\"yui_3_16_0_1_1443991694301_2460\"><span style=\"font-size:12.0pt;line-height:115%;font-family:&quot;Arial&quot;,&quot;sans-serif&quot;\" id=\"yui_3_16_0_1_1443991694301_2462\" class=\"\">Est\u00e1  certo que a arbitragem vem prejudicando. Mas se a equipe fizesse a sua parte em  campo n\u00e3o haveria um problema sequer. Ou seja, se o \u00e1rbitro invalidar um gol,  ou at\u00e9 mesmo deixar de marcar um p\u00eanalti, e o Vasco fizer dois gols n\u00e3o teremos  mais do que nos queixar. A grosso modo \u00e9 uma esp\u00e9cie de lei da oferta e da  procura. Traduzindo: precisamos marcar mais e sofrer menos gols! Em alus\u00e3o a  S\u00e3o Chiquinho, os erros de hoje foram animais! <o:p id=\"yui_3_16_0_1_1443991694301_2464\" class=\"\"><\/o:p><\/span><\/div>\n<div class=\"\" style=\"text-align:justify;text-indent:35.4pt;tab-stops:111.0pt\" id=\"yui_3_16_0_1_1443991694301_2466\"><span style=\"font-size:12.0pt;line-height:115%;font-family:&quot;Arial&quot;,&quot;sans-serif&quot;\" id=\"yui_3_16_0_1_1443991694301_2468\" class=\"\">Os  irracionais deixaram tanto a desejar, que o gol marcado pelo time catarinense  veio aos 40 minutos da etapa final. O que j\u00e1 aconteceu diversas vezes nesta  temporada. A inexatid\u00e3o come\u00e7ou pela escala\u00e7\u00e3o, vejamos:<o:p id=\"yui_3_16_0_1_1443991694301_2470\" class=\"\"><\/o:p><\/span><\/div>\n<div class=\"\" style=\"text-align:justify;text-indent:35.4pt;tab-stops:111.0pt\" id=\"yui_3_16_0_1_1443991694301_2472\"><span style=\"font-size:12.0pt;line-height:115%;font-family:&quot;Arial&quot;,&quot;sans-serif&quot;\" id=\"yui_3_16_0_1_1443991694301_2474\" class=\"\">O  burro do Jorginho, auxiliado pela mula do Zinho mandaram a campo animais que  deveriam estar enjaulados, jamais soltos por a\u00ed, que dir\u00e1 vestindo o manto  sagrado vasca\u00edno. O frangueiro Mart\u00edn Silva n\u00e3o \u00e9 goleiro! O cavalo Madson nem  no coice \u00e9 bom. J\u00falio C\u00e9sar \u00e9 uma anta! Bruno? \u00c9 o Gallo. A contrata\u00e7\u00e3o de  Jorge Henrique foi o maior mico! Leandr\u00e3o \u00e9 como um rinoceronte que marca gols \u00e0s  vezes pela for\u00e7a e n\u00e3o pela t\u00e9cnica. <o:p id=\"yui_3_16_0_1_1443991694301_2476\" class=\"\"><\/o:p><\/span><\/div>\n<div class=\"\" style=\"text-align:justify;text-indent:35.4pt;tab-stops:111.0pt\" id=\"yui_3_16_0_1_1443991694301_2478\"><span style=\"font-size:12.0pt;line-height:115%;font-family:&quot;Arial&quot;,&quot;sans-serif&quot;\" id=\"yui_3_16_0_1_1443991694301_2480\" class=\"\">No  banco de reservas a coisa foi muito pior: Jordi, Lucas e Romarinho s\u00e3o os  \u00fanicos que futuramente se bem trabalhados poder\u00e3o dar frutos, mas \u00e9 preciso ir  com calma, sem queimar os meninos. Quem foi que iludiu o golfinho (aquele que  faz uma gra\u00e7a no auge, mas na maior parte do tempo fica mergulhado) do Rafael  Silva dizendo a ele que o futebol apresentado \u00e9 brilhante? <o:p id=\"yui_3_16_0_1_1443991694301_2482\" class=\"\"><\/o:p><\/span><\/div>\n<div class=\"\" style=\"text-align:justify;text-indent:35.4pt;tab-stops:111.0pt\" id=\"yui_3_16_0_1_1443991694301_2484\"><span style=\"font-size:12.0pt;line-height:115%;font-family:&quot;Arial&quot;,&quot;sans-serif&quot;\" id=\"yui_3_16_0_1_1443991694301_2486\" class=\"\">A  linda ora\u00e7\u00e3o de S\u00e3o Francisco traduz a realidade vasca\u00edna: \u201c&#8230; Onde houver  desespero, que eu leve a esperan\u00e7a; Onde houver tristeza, que eu leve a  alegria; Onde houver trevas, que eu leve a luz\u201d. Ser\u00e1 necess\u00e1ria muita reza  forte para que os ratos n\u00e3o continuem a tomar conta de S\u00e3o Janu\u00e1rio. Cartolas que  j\u00e1 foram rem\u00e9dios importantes de outrora, hoje s\u00e3o vistos como venenos por  grande parte da Imensa Torcida Bem Feliz.<o:p id=\"yui_3_16_0_1_1443991694301_2488\" class=\"\"><\/o:p><\/span><\/div>\n<div class=\"\" style=\"text-align:justify;text-indent:35.4pt;tab-stops:111.0pt\" id=\"yui_3_16_0_1_1443991694301_2490\"><span style=\"font-size:12.0pt;line-height:115%;font-family:&quot;Arial&quot;,&quot;sans-serif&quot;\" id=\"yui_3_16_0_1_1443991694301_2492\" class=\"\">Jorginho  tem de ser esperto como uma \u00e1guia e preparar bem o Vasco para o pr\u00f3ximo  desafio, que ser\u00e1 na quinta-feira, dia 15 de outubro, \u00e0s 19h30m, no Maracan\u00e3,  diante da Chapecoense, advers\u00e1rio direto na luta contra o rebaixamento. De tudo  o que aconteceu hoje, s\u00f3 tem uma certeza: ganhando, perdendo ou empatando o meu  amor pelo Vasco \u00e9 o Bicho!<o:p id=\"yui_3_16_0_1_1443991694301_2494\" class=\"\"><\/o:p><\/span><\/div>\n<div class=\"\" style=\"text-align:justify;text-indent:35.4pt;tab-stops:111.0pt\" id=\"yui_3_16_0_1_1443991694301_2496\"><b id=\"yui_3_16_0_1_1443991694301_2498\" class=\"\"><u id=\"yui_3_16_0_1_1443991694301_2500\" class=\"\"><span style=\"font-size:12.0pt;line-height:115%;font-family:&quot;Arial&quot;,&quot;sans-serif&quot;\" id=\"yui_3_16_0_1_1443991694301_2502\" class=\"\">IN MEMORIAM<\/span><\/u><\/b><span style=\"font-size:12.0pt;line-height:115%;font-family:&quot;Arial&quot;,&quot;sans-serif&quot;\" id=\"yui_3_16_0_1_1443991694301_2504\" class=\"\">:  Fosse viva a minha av\u00f3 querida Iraci (mam\u00e3e da minha m\u00e3e) faria anivers\u00e1rio  hoje. Ela que embora tenha tido tr\u00eas netos, sempre disse em alto e bom som que  o Luizinho era o predileto! Obrigado Vov\u00f3. A senhora jamais sair\u00e1 dos meus  pensamentos e da minha considera\u00e7\u00e3o. Te amo!&nbsp;  <o:p id=\"yui_3_16_0_1_1443991694301_2506\" class=\"\"><\/o:p><\/span><\/div>\n<div class=\"\" style=\"text-align:justify;text-indent:35.4pt;tab-stops:111.0pt\" id=\"yui_3_16_0_1_1443991694301_2508\"><span style=\"font-size:12.0pt;line-height:115%;font-family:&quot;Arial&quot;,&quot;sans-serif&quot;\" id=\"yui_3_16_0_1_1443991694301_2510\" class=\"\"><o:p id=\"yui_3_16_0_1_1443991694301_2512\" class=\"\">&nbsp;<\/o:p><\/span><\/div>\n<div class=\"\" style=\"text-align:justify;text-indent:35.4pt;tab-stops:111.0pt\" id=\"yui_3_16_0_1_1443991694301_2514\"><span style=\"font-size:12.0pt;line-height:115%;font-family:&quot;Arial&quot;,&quot;sans-serif&quot;\" id=\"yui_3_16_0_1_1443991694301_2516\" class=\"\"><o:p id=\"yui_3_16_0_1_1443991694301_2518\" class=\"\">&nbsp;<\/o:p><\/span><\/div>\n<div class=\"\" style=\"text-align:justify;text-indent:35.4pt;tab-stops:111.0pt\" id=\"yui_3_16_0_1_1443991694301_2520\"><span style=\"font-size:12.0pt;line-height:115%;font-family:&quot;Arial&quot;,&quot;sans-serif&quot;\" id=\"yui_3_16_0_1_1443991694301_2522\" class=\"\"><o:p id=\"yui_3_16_0_1_1443991694301_2524\" class=\"\">&nbsp;<\/o:p><\/span><\/div>\n<div class=\"\" style=\"text-align:justify;text-indent:35.4pt;tab-stops:111.0pt\" id=\"yui_3_16_0_1_1443991694301_2526\"><b id=\"yui_3_16_0_1_1443991694301_2528\" class=\"\"><u id=\"yui_3_16_0_1_1443991694301_2530\" class=\"\"><span style=\"font-size:20.0pt;line-height:115%;font-family:&quot;Arial&quot;,&quot;sans-serif&quot;\" id=\"yui_3_16_0_1_1443991694301_2532\" class=\"\">DIVULGUEM ESSA COVARDIA:<\/span><\/u><\/b><span style=\"font-size:16.0pt;line-height:115%;font-family:&quot;Arial&quot;,&quot;sans-serif&quot;\" id=\"yui_3_16_0_1_1443991694301_2534\" class=\"\"> GOSTARIA  DE PEDIR A TODOS OS MEUS AMIGOS E LEITORES QUE TIRASSE UM TEMPINHO PARA LER A  PETI\u00c7\u00c3O P\u00daBLICA, AO QUAL SEGUE ABAIXO O LINK. TAL DOCUMENTO REFERE-SE A <b id=\"yui_3_16_0_1_1443991694301_2536\" class=\"\"><u id=\"yui_3_16_0_1_1443991694301_2538\" class=\"\">UM ATO DE COVARDIA POR PARTE DA  VOLKSWAGEN DO BRASIL EM COAUTORIA DA ABOLI\u00c7\u00c3O VE\u00cdCULOS (GRUPO AB)<\/u><\/b>  CONTRA ESTE VELHO JORNALISTA. A REFERIDA CONCESSION\u00c1RIA EST\u00c1 ME LESANDO DESDE  FEVEREIRO DE 2013. MEU CARRO FOI BATIDO DENTRO DA OFICINA, FURTARAM ACESS\u00d3RIOS,  TEM PROBLEMAS CAUSADOS POR ELES, AL\u00c9M DE DEFEITOS DE FABRICA\u00c7\u00c3O. O CARRO 0 KM  COMPRADO POR MIM HOJE SE ENCONTRA NA OFICINA DA ABOLI\u00c7\u00c3O VE\u00cdCULOS (CENTRO DE  NITER\u00d3I) <b id=\"yui_3_16_0_1_1443991694301_2540\" class=\"\"><u id=\"yui_3_16_0_1_1443991694301_2542\" class=\"\">DESDE 10 DE JUNHO DE 2013<\/u><\/b>,  OU SEJA, H\u00c1 <b id=\"yui_3_16_0_1_1443991694301_2544\" class=\"\"><u id=\"yui_3_16_0_1_1443991694301_2546\" class=\"\">27 MESES, OU SEJA, 2 ANOS  E TR\u00caS MESES.<\/u><\/b> <b id=\"yui_3_16_0_1_1443991694301_2548\" class=\"\"><u id=\"yui_3_16_0_1_1443991694301_2550\" class=\"\">TEM APENAS 729  KM RODADOS<\/u><\/b> PARA COMPROVAR O CALV\u00c1RIO TENHO DOCUMENTOS, GRAVA\u00c7\u00d5ES DE  AUDIO E V\u00cdDEO, MAIS DE 600 FOTOGRAFIAS E E-MAILS TROCADOS COM FUNCION\u00c1RIOS DO  BAIXO, M\u00c9DIO E ALTO ESCAL\u00c3O DA EMPRESA. POR FAVOR, ASSINEM O DOCUMENTO PARA QUE  OUTROS CONSUMIDORES N\u00c3O SEJAM LESADOS POR EMPRESAS DESTE N\u00cdVEL.&nbsp; <\/span><a href=\"https:\/\/secure.avaaz.org\/po\/petition\/Aos_Orgaos_de_Defesa_do_Consumidor_e_ao_Poder_Judiciario_JUSTICA_CONTRA_UMA_MARCA_E_SUA_REVENDERORA_QUE_DESCUMPREM_A_LEI\/?lJEcNfb&amp;pv=0\" id=\"yui_3_16_0_1_1443991694301_2552\" class=\"\"><span style=\"font-size:16.0pt;line-height:115%;font-family:&quot;Arial&quot;,&quot;sans-serif&quot;\" id=\"yui_3_16_0_1_1443991694301_2554\" class=\"\"><a href=\"https:\/\/secure.avaaz.org\/po\/petition\/Aos_Orgaos_de_Defesa_do_Consumidor_e_ao_Poder_Judiciario_JUSTICA_CONTRA_UMA_MARCA_E_SUA_REVENDERORA_QUE_DESCUMPREM_A_LEI\/?lJEcNfb&amp;pv=0\" >https:\/\/secure.avaaz.org\/po\/petition\/Aos_Orgaos_de_Defesa_do_Consumidor_e_ao_Poder_Judiciario_JUSTICA_CONTRA_UMA_MARCA_E_SUA_REVENDERORA_QUE_DESCUMPREM_A_LEI\/?lJEcNfb&amp;pv=0<\/a><\/span><\/a><span style=\"font-size:16.0pt;line-height:115%;font-family:&quot;Arial&quot;,&quot;sans-serif&quot;\" id=\"yui_3_16_0_1_1443991694301_2556\" class=\"\"><o:p id=\"yui_3_16_0_1_1443991694301_2558\" class=\"\"><\/o:p><\/span><\/div>\n<div class=\"\" style=\"text-align:justify;tab-stops:111.0pt\" id=\"yui_3_16_0_1_1443991694301_2560\"><span style=\"font-size:16.0pt;line-height:115%;font-family:&quot;Arial&quot;,&quot;sans-serif&quot;\" id=\"yui_3_16_0_1_1443991694301_2562\" class=\"\"><o:p id=\"yui_3_16_0_1_1443991694301_2564\" class=\"\">&nbsp;<\/o:p><\/span><\/div>\n<div class=\"\" style=\"text-align:justify;tab-stops:111.0pt\" id=\"yui_3_16_0_1_1443991694301_2566\"><b id=\"yui_3_16_0_1_1443991694301_2568\" class=\"\"><span style=\"font-size:16.0pt;line-height:115%;font-family:&quot;Arial&quot;,&quot;sans-serif&quot;\" id=\"yui_3_16_0_1_1443991694301_2570\" class=\"\">&nbsp;&nbsp;&nbsp;&nbsp;&nbsp;&nbsp;&nbsp;&nbsp;&nbsp;&nbsp;&nbsp;&nbsp;&nbsp;&nbsp;&nbsp;&nbsp;&nbsp;&nbsp;&nbsp;&nbsp;&nbsp;&nbsp;&nbsp;&nbsp; &nbsp;&nbsp;&nbsp;&nbsp;&nbsp;&nbsp; <o:p id=\"yui_3_16_0_1_1443991694301_2572\" class=\"\"><\/o:p><\/span><\/b><\/div>\n<div id=\"yui_3_16_0_1_1443991694301_2298\">                                                            <\/div>\n<div class=\"\" style=\"text-align:justify\" id=\"yui_3_16_0_1_1443991694301_2446\" dir=\"ltr\"><b id=\"yui_3_16_0_1_1443991694301_2445\" class=\"\"><span style=\"font-size:14.0pt;line-height:115%;font-family:&quot;Arial&quot;,&quot;sans-serif&quot;\" id=\"yui_3_16_0_1_1443991694301_2444\" class=\"\">AP\u00d3S  AS TODAS AS PARTIDAS DO VASC\u00c3O EM MEU PERFIL DO FACEBOOK (QUEM QUISER RECEBER  AS CR\u00d4NICAS DE PRIMEIRA M\u00c3O \u00c9 S\u00d3 ME ADICIONAR), E NOS SITES WEBVASCO  (www.webvasco.com), E VASCA\u00cdNOS UNIDOS (www.vascainosunidos.com.br) TEM A  OPINI\u00c3O DO JORNALISTA LUIZ CARLOS ROCHA. LEIAM! COMPARTILHEM E CURTAM!  VASCA\u00cdNOS UNIDOS JAMAIS SER\u00c3O VENCIDOS.<o:p id=\"yui_3_16_0_1_1443991694301_2577\" class=\"\"><\/o:p><\/span><\/b><\/div>\n<div id=\"yui_3_16_0_1_1443991694301_2298\"><span><br \/><\/span><\/div>\n<div id=\"yui_3_16_0_1_1443991694301_2298\"><span><br \/><\/span><\/div>\n<div id=\"yui_3_16_0_1_1443991694301_2298\"><span><br \/><\/span><\/div>\n<div id=\"yui_3_16_0_1_1443991694301_2298\"><span><br \/><\/span><\/div>\n<div><\/div>\n<div id=\"yui_3_16_0_1_1443991694301_2306\">&nbsp;<\/div>\n<div class=\"signature\" id=\"yui_3_16_0_1_1443991694301_2314\">\n<div id=\"RTEContent\">\n<div id=\"yui_3_16_0_1_1443991694301_2313\">\n<div id=\"yui_3_16_0_1_1443991694301_2312\">\n<div id=\"yui_3_16_0_1_1443991694301_2311\">\n<div align=\"center\" id=\"yui_3_16_0_1_1443991694301_2310\"><\/div>\n<div align=\"center\" id=\"yui_3_16_0_1_1443991694301_2327\">\n<div align=\"center\" id=\"yui_3_16_0_1_1443991694301_2326\"><font size=\"6\" id=\"yui_3_16_0_1_1443991694301_2325\"><b id=\"yui_3_16_0_1_1443991694301_2324\"><font face=\"bookman old style, new york, times, serif\" size=\"5\" id=\"yui_3_16_0_1_1443991694301_2329\">&nbsp;<\/font><\/b><\/font><\/div>\n<div align=\"center\" id=\"yui_3_16_0_1_1443991694301_2397\">&nbsp;<\/div>\n<\/div>\n<div align=\"center\" id=\"yui_3_16_0_1_1443991694301_2393\"><\/div>\n<\/div>\n<\/div>\n<\/div>\n<\/div>\n<\/div>\n<\/div>\n<\/div>\n<p><\/p>\n","protected":false},"excerpt":{"rendered":"<p>Em pleno dia de S\u00e3o Francisco de Assis \u2013 Santo protetor dos bichinhos &#8211; o&#8230;<\/p>\n","protected":false},"author":7,"featured_media":0,"comment_status":"open","ping_status":"closed","sticky":false,"template":"","format":"standard","meta":{"footnotes":""},"categories":[4],"tags":[],"class_list":["post-5526","post","type-post","status-publish","format-standard","hentry","category-luizcarlosrocha"],"_links":{"self":[{"href":"https:\/\/webvasco.com\/artigos\/wp-json\/wp\/v2\/posts\/5526","targetHints":{"allow":["GET"]}}],"collection":[{"href":"https:\/\/webvasco.com\/artigos\/wp-json\/wp\/v2\/posts"}],"about":[{"href":"https:\/\/webvasco.com\/artigos\/wp-json\/wp\/v2\/types\/post"}],"author":[{"embeddable":true,"href":"https:\/\/webvasco.com\/artigos\/wp-json\/wp\/v2\/users\/7"}],"replies":[{"embeddable":true,"href":"https:\/\/webvasco.com\/artigos\/wp-json\/wp\/v2\/comments?post=5526"}],"version-history":[{"count":0,"href":"https:\/\/webvasco.com\/artigos\/wp-json\/wp\/v2\/posts\/5526\/revisions"}],"wp:attachment":[{"href":"https:\/\/webvasco.com\/artigos\/wp-json\/wp\/v2\/media?parent=5526"}],"wp:term":[{"taxonomy":"category","embeddable":true,"href":"https:\/\/webvasco.com\/artigos\/wp-json\/wp\/v2\/categories?post=5526"},{"taxonomy":"post_tag","embeddable":true,"href":"https:\/\/webvasco.com\/artigos\/wp-json\/wp\/v2\/tags?post=5526"}],"curies":[{"name":"wp","href":"https:\/\/api.w.org\/{rel}","templated":true}]}}