{"id":556,"date":"2013-08-21T17:24:15","date_gmt":"2013-08-21T20:24:15","guid":{"rendered":"http:\/\/webvasco.com\/artigos\/?p=556"},"modified":"2013-08-21T17:38:33","modified_gmt":"2013-08-21T20:38:33","slug":"115-anos-parabns-vasco","status":"publish","type":"post","link":"https:\/\/webvasco.com\/artigos\/colunistas\/marcus-simonini\/115-anos-parabns-vasco\/","title":{"rendered":"115 ANOS: PARAB&Eacute;NS, VASCO!"},"content":{"rendered":"<div>\n<div dir='ltr'>\n<div style=\"width: 860px;\" id=\"attachment_2599\" class=\"wp-caption aligncenter\"><a href=\"http:\/\/incondicionalmentevasco.files.wordpress.com\/2013\/08\/vasco-115-anos.jpg\"><img decoding=\"async\" class=\"size-full wp-image-2599\" alt=\"Club de Regatas Vasco da Gama - 115 anos\" src=\"http:\/\/incondicionalmentevasco.files.wordpress.com\/2013\/08\/vasco-115-anos.jpg?w=620\"\/><\/a><\/p>\n<p class=\"wp-caption-text\">Club de Regatas Vasco da Gama \u2013 115 anos<\/p>\n<\/div>\n<p>Parab\u00e9ns, Vasco, pelos seus 115 anos de exist\u00eancia! <br \/>&nbsp;<br \/>A voc\u00ea meu primeiro amigo quero agradecer pelos momento de alegria, sobretudo, pelos t\u00edtulos que voc\u00ea ganhou ao longo da  minha inf\u00e2ncia e juventude, como as conquistas de: 82, 87, 88 e 89, o Carioca de 92, invicto! O Brasileiro de 97, A Libertadores de 98 e o Rio S\u00e3o Paulo de 99, O Brasileiro de 2000 e a Copa Mercosul, tamb\u00e9m, de 2000, e, por fim, a Copa do Brasil de 2011. <br \/>&nbsp;<br \/>No dia de hoje, quero te desejar sa\u00fade (financeira), Paz (Pol\u00edtica e Administrativa), Amor (da sua imensa Torcida), e muitas viradas, pois esta \u00e9 uma das tuas alcunhas!<br \/>&nbsp;<br \/>Vasco, da mais linda Hist\u00f3ria, da luta contra o racismo, de s\u00f3cios leais e determinados, que ergueram S\u00e3o Janu\u00e1rio! Um Est\u00e1dio com alma, a qual se sente no cora\u00e7\u00e3o bastando para tanto apenas andar pelas suas arquibancadas!<br \/>&nbsp;<br \/>Que voc\u00ea consiga retomar os teus caminhos de gl\u00f3rias! De vit\u00f3rias e de lideran\u00e7a e pioneirismo, porque voc\u00ea foi destinado a isto! A Cruz \u00e9 o teu batismo, e de mais ningu\u00e9m!<br \/>&nbsp;<br \/>Que voc\u00ea tenha um futuro pr\u00f3spero, com s\u00f3cios que te amem e cuidem de voc\u00ea, para que sejas imortal, pela for\u00e7a e energia que vem das crian\u00e7as cruz-maltinas, que apesar de te conhecerem neste momento dif\u00edcil, te amam pelo testemunho dos pais, os quais te conhecem bem!<br \/>&nbsp;<br \/>Que voc\u00ea tenha Diretores que trabalhem com abnega\u00e7\u00e3o, determina\u00e7\u00e3o e retid\u00e3o! Que queiram apenas e unicamente te servir, e n\u00e3o servir-se de voc\u00ea, da tua camisa e da tua hist\u00f3ria, do teu nome forte, para seus pr\u00f3prios fins e carreiras, pois estes n\u00e3o te amam, n\u00e3o t\u00eam compromisso com voc\u00ea! T\u00eam projeto de poder e n\u00e3o s\u00e3o d\u00edgnos de usar os teus s\u00edmbolos!<br \/>&nbsp;<br \/>Que voc\u00ea, enfim, se levante, e uma vez erguido, nunca mais caia do alto patamar que voc\u00ea mesmo construiu! <br \/>&nbsp;<br \/>Vasco, dos Camisas Negras, do Expresso da Vit\u00f3ria, de 48, 98 e 2000, parab\u00e9ns!<br \/>&nbsp;<br \/>Que Deus e Nossa Senhora das Vit\u00f3rias te aben\u00e7oe e guie teus caminhos! Estaremos sempre contigo, nos bons e maus momentos, sobretudo nos maus, para te defender e reerguer! Porque o Sentimento n\u00e3o para!<br \/>&nbsp;<br \/>Estes s\u00e3o os votos do Blog Incondicionalmente Vasco!<br \/>&nbsp;<br \/>21\/08\/2013, 115\u00ba anivers\u00e1rio do Club de Regatas Vasco da Gama<br \/>&nbsp;<br \/>Marcus Simonini Ferreira<br \/>Editor do Blog IV! \t\t \t   \t\t  <\/div>\n<\/div>\n<p><\/p>\n","protected":false},"excerpt":{"rendered":"<p>Club de Regatas Vasco da Gama \u2013 115 anos Parab\u00e9ns, Vasco, pelos seus 115 anos&#8230;<\/p>\n","protected":false},"author":8,"featured_media":2599,"comment_status":"open","ping_status":"closed","sticky":false,"template":"","format":"standard","meta":{"footnotes":""},"categories":[6],"tags":[],"class_list":["post-556","post","type-post","status-publish","format-standard","has-post-thumbnail","hentry","category-marcus-simonini"],"_links":{"self":[{"href":"https:\/\/webvasco.com\/artigos\/wp-json\/wp\/v2\/posts\/556","targetHints":{"allow":["GET"]}}],"collection":[{"href":"https:\/\/webvasco.com\/artigos\/wp-json\/wp\/v2\/posts"}],"about":[{"href":"https:\/\/webvasco.com\/artigos\/wp-json\/wp\/v2\/types\/post"}],"author":[{"embeddable":true,"href":"https:\/\/webvasco.com\/artigos\/wp-json\/wp\/v2\/users\/8"}],"replies":[{"embeddable":true,"href":"https:\/\/webvasco.com\/artigos\/wp-json\/wp\/v2\/comments?post=556"}],"version-history":[{"count":0,"href":"https:\/\/webvasco.com\/artigos\/wp-json\/wp\/v2\/posts\/556\/revisions"}],"wp:featuredmedia":[{"embeddable":true,"href":"https:\/\/webvasco.com\/artigos\/wp-json\/wp\/v2\/media\/2599"}],"wp:attachment":[{"href":"https:\/\/webvasco.com\/artigos\/wp-json\/wp\/v2\/media?parent=556"}],"wp:term":[{"taxonomy":"category","embeddable":true,"href":"https:\/\/webvasco.com\/artigos\/wp-json\/wp\/v2\/categories?post=556"},{"taxonomy":"post_tag","embeddable":true,"href":"https:\/\/webvasco.com\/artigos\/wp-json\/wp\/v2\/tags?post=556"}],"curies":[{"name":"wp","href":"https:\/\/api.w.org\/{rel}","templated":true}]}}