{"id":575,"date":"2013-08-26T10:28:51","date_gmt":"2013-08-26T13:28:51","guid":{"rendered":"http:\/\/webvasco.com\/artigos\/?p=575"},"modified":"2013-08-26T11:38:00","modified_gmt":"2013-08-26T14:38:00","slug":"encontro-historico","status":"publish","type":"post","link":"https:\/\/webvasco.com\/artigos\/colunistas\/encontro-historico\/","title":{"rendered":"ENCONTRO HIST\u00d3RICO!"},"content":{"rendered":"<div style=\"text-align: left;\" align=\"center\"><a href=\"https:\/\/webvasco.com\/artigos\/wp-content\/uploads\/2013\/08\/022.jpg\"><img loading=\"lazy\" decoding=\"async\" class=\"alignleft size-thumbnail wp-image-576\" style=\"margin: 0px 9px;\" alt=\"022\" src=\"https:\/\/webvasco.com\/artigos\/wp-content\/uploads\/2013\/08\/022-150x112.jpg\" width=\"150\" height=\"112\" srcset=\"https:\/\/webvasco.com\/artigos\/wp-content\/uploads\/2013\/08\/022-150x112.jpg 150w, https:\/\/webvasco.com\/artigos\/wp-content\/uploads\/2013\/08\/022-300x225.jpg 300w, https:\/\/webvasco.com\/artigos\/wp-content\/uploads\/2013\/08\/022.jpg 640w\" sizes=\"auto, (max-width: 150px) 100vw, 150px\" \/><\/a>\u00a0 \u00a0 \u00a0 \u00a0 \u00a0 \u00a0 \u00a0Aconteceu neste \u00faltimo s\u00e1bado (24\/08\/2013), no Bar da Portuguesa, em Ramos, o I Encontro de Colecionadores Club de Regatas Vasco da Gama. O evento foi um sucesso! Diversos expositores de todos os cantos do Rio de Janeiro mostraram com orgulho suas camisas do Vasco de diversas \u00e9pocas do clube. Al\u00e9m do bom gosto de ser vasca\u00edno, o ambiente tamb\u00e9m propiciou a exposi\u00e7\u00e3o de lindos mantos sagrados, boas conversas, recorda\u00e7\u00f5es diversas e um delicioso bacalhau.<\/div>\n<div><center><\/center><a href=\"https:\/\/webvasco.com\/artigos\/wp-content\/uploads\/2013\/08\/058.jpg\"><img loading=\"lazy\" decoding=\"async\" class=\"alignright size-thumbnail wp-image-586\" style=\"margin-left: 9px; margin-right: 9px;\" alt=\"058\" src=\"https:\/\/webvasco.com\/artigos\/wp-content\/uploads\/2013\/08\/058-150x112.jpg\" width=\"150\" height=\"112\" srcset=\"https:\/\/webvasco.com\/artigos\/wp-content\/uploads\/2013\/08\/058-150x112.jpg 150w, https:\/\/webvasco.com\/artigos\/wp-content\/uploads\/2013\/08\/058-300x225.jpg 300w, https:\/\/webvasco.com\/artigos\/wp-content\/uploads\/2013\/08\/058-1024x768.jpg 1024w\" sizes=\"auto, (max-width: 150px) 100vw, 150px\" \/><\/a>\u00a0\u00a0\u00a0\u00a0\u00a0\u00a0\u00a0\u00a0 A equipe do Web Vasco foi representada pelos colunistas Marcus Simonini (tamb\u00e9m editor do <a title=\"Blog Incondicionalmente Vasco\" href=\"http:\/\/incondicionalmentevasco.wordpress.com\/\" target=\"_blank\">Blog Incondicionalmente Vasco<\/a>) e\u00a0Marcelo Paiva e pelos editores Andr\u00e9 Pedro e Luiz Carlos Rocha. Tamb\u00e9m estava presente Raimundo Almeida, que participa do grupo volunt\u00e1rio que luta pela Revitaliza\u00e7\u00e3o do Entorno de S\u00e3o Janu\u00e1rio.<\/div>\n<div><a href=\"https:\/\/webvasco.com\/artigos\/wp-content\/uploads\/2013\/08\/057.jpg\"><img loading=\"lazy\" decoding=\"async\" class=\"alignleft size-thumbnail wp-image-597\" alt=\"057\" src=\"https:\/\/webvasco.com\/artigos\/wp-content\/uploads\/2013\/08\/057-150x112.jpg\" width=\"150\" height=\"112\" srcset=\"https:\/\/webvasco.com\/artigos\/wp-content\/uploads\/2013\/08\/057-150x112.jpg 150w, https:\/\/webvasco.com\/artigos\/wp-content\/uploads\/2013\/08\/057-300x225.jpg 300w, https:\/\/webvasco.com\/artigos\/wp-content\/uploads\/2013\/08\/057.jpg 640w\" sizes=\"auto, (max-width: 150px) 100vw, 150px\" \/><\/a>\u00a0\u00a0\u00a0\u00a0\u00a0\u00a0\u00a0\u00a0 Dentre os pr\u00eamios bom de boca, o <strong>Bar da Portuguesa<\/strong> foi eleito em 2010 como o <strong>boteco com a melhor gastronomia<\/strong>, pela Revista Veja Rio. N\u00e3o foi por acaso que o m\u00fasico Alfredo Viana da Rocha Filho, popularmente conhecido como <strong>Pixinguinha<\/strong> escolheu o local para frequentar e fazer refei\u00e7\u00f5es.<\/div>\n<div>\u00a0\u00a0\u00a0\u00a0\u00a0\u00a0\u00a0\u00a0 O Programa Caldeir\u00e3o Vasca\u00edno, em conjunto com WebVasco e o Blog Incondicionalmente Vasco, levou tr\u00eas camisas casuais do Vasco da Gama para serem sorteadas na hora. Os ganhadores Ricardo Alem\u00e3o, Rodrigo Carneiro e Cristian Rodrigues ser\u00e3o entrevistados amanh\u00e3, no Programa Caldeir\u00e3o Vasca\u00edno (R\u00e1dio Livre, 1440 AM\/RJ).<\/div>\n<div><a href=\"https:\/\/webvasco.com\/artigos\/wp-content\/uploads\/2013\/08\/047.jpg\"><img loading=\"lazy\" decoding=\"async\" class=\"alignright size-thumbnail wp-image-583\" alt=\"047\" src=\"https:\/\/webvasco.com\/artigos\/wp-content\/uploads\/2013\/08\/047-150x112.jpg\" width=\"150\" height=\"112\" srcset=\"https:\/\/webvasco.com\/artigos\/wp-content\/uploads\/2013\/08\/047-150x112.jpg 150w, https:\/\/webvasco.com\/artigos\/wp-content\/uploads\/2013\/08\/047-300x225.jpg 300w, https:\/\/webvasco.com\/artigos\/wp-content\/uploads\/2013\/08\/047-1024x768.jpg 1024w\" sizes=\"auto, (max-width: 150px) 100vw, 150px\" \/><\/a>\u00a0\u00a0\u00a0\u00a0\u00a0\u00a0\u00a0\u00a0 Entre os que foram prestigiar o evento estavam os representantes do Programa D\u00edvida Zero Ricardo Alem\u00e3o, Fernando Veiga e Guilherme Santos. Thiago Figo representou a Torcida Organizada Vasmetal. Leandro Brand\u00e3o foi homem da Cruzada Vasca\u00edna.<\/div>\n<div><a href=\"https:\/\/webvasco.com\/artigos\/wp-content\/uploads\/2013\/08\/069.jpg\"><img loading=\"lazy\" decoding=\"async\" class=\"alignleft size-thumbnail wp-image-590\" alt=\"069\" src=\"https:\/\/webvasco.com\/artigos\/wp-content\/uploads\/2013\/08\/069-150x112.jpg\" width=\"150\" height=\"112\" srcset=\"https:\/\/webvasco.com\/artigos\/wp-content\/uploads\/2013\/08\/069-150x112.jpg 150w, https:\/\/webvasco.com\/artigos\/wp-content\/uploads\/2013\/08\/069-300x225.jpg 300w, https:\/\/webvasco.com\/artigos\/wp-content\/uploads\/2013\/08\/069.jpg 640w\" sizes=\"auto, (max-width: 150px) 100vw, 150px\" \/><\/a>\u00a0\u00a0\u00a0\u00a0\u00a0\u00a0\u00a0\u00a0 Misturado nos populares presentes estavam Irani Mota que veio especialmente para o Encontro. Dona Sueli veio da Bahia s\u00f3 para participar. Mais de 1.000 camisas foram mostradas. Com valores incalcul\u00e1veis as mesmas foram muito admiradas. Desde ao anos 40 at\u00e9 camisas oficias atuais.<\/div>\n<div><a href=\"https:\/\/webvasco.com\/artigos\/wp-content\/uploads\/2013\/08\/044.jpg\"><img loading=\"lazy\" decoding=\"async\" class=\"alignright size-thumbnail wp-image-582\" alt=\"044\" src=\"https:\/\/webvasco.com\/artigos\/wp-content\/uploads\/2013\/08\/044-150x112.jpg\" width=\"150\" height=\"112\" srcset=\"https:\/\/webvasco.com\/artigos\/wp-content\/uploads\/2013\/08\/044-150x112.jpg 150w, https:\/\/webvasco.com\/artigos\/wp-content\/uploads\/2013\/08\/044-300x225.jpg 300w, https:\/\/webvasco.com\/artigos\/wp-content\/uploads\/2013\/08\/044-1024x768.jpg 1024w\" sizes=\"auto, (max-width: 150px) 100vw, 150px\" \/><\/a>\u00a0\u00a0\u00a0\u00a0\u00a0\u00a0\u00a0\u00a0 Segundo os idealizadores Paulo Gomes, Allan Vieira, Paulo Pires, Gustavo e Rodrigo Bob (na ordem da foto) j\u00e1 explanaram a vontade de ter outro Encontro devido a todo sucesso deste. O tradicional grito de casaca n\u00e3o faltou.<\/div>\n<div><a href=\"https:\/\/webvasco.com\/artigos\/wp-content\/uploads\/2013\/08\/055.jpg\"><img loading=\"lazy\" decoding=\"async\" class=\"alignleft size-thumbnail wp-image-585\" alt=\"055\" src=\"https:\/\/webvasco.com\/artigos\/wp-content\/uploads\/2013\/08\/055-150x112.jpg\" width=\"150\" height=\"112\" srcset=\"https:\/\/webvasco.com\/artigos\/wp-content\/uploads\/2013\/08\/055-150x112.jpg 150w, https:\/\/webvasco.com\/artigos\/wp-content\/uploads\/2013\/08\/055-300x225.jpg 300w, https:\/\/webvasco.com\/artigos\/wp-content\/uploads\/2013\/08\/055-1024x768.jpg 1024w\" sizes=\"auto, (max-width: 150px) 100vw, 150px\" \/><\/a>\u00a0\u00a0\u00a0\u00a0\u00a0\u00a0\u00a0\u00a0 Tamb\u00e9m foi observada vasta presen\u00e7a das crian\u00e7as, devidamente a car\u00e1ter. Os pequenos estavam encantados com tantas camisas do Gigante da Colina no mesmo ambiente. Conversando com os baixinhos a equipe de Web Vasco descobriu que al\u00e9m da tradi\u00e7\u00e3o os s\u00edmbolos tamb\u00e9m foram motivos de escolha: \u201cEu gosto do Vasco porque ele tem a camisa mais bonita do Rio, do Rio n\u00e3o, do Brasil, do Brasil n\u00e3o do mundo! A cruz \u00e9 linda\u201d, disse A., de apenas 8 anos, que ainda completou: \u201cS\u00f3 o papa tem a cruz\u201d, em observa\u00e7\u00e3o a batina do pont\u00edfice.<\/div>\n<div>\u00a0\u00a0\u00a0\u00a0\u00a0\u00a0\u00a0\u00a0 Como dizia o saudoso sambista Dicr\u00f3 todos n\u00f3s nascemos vasca\u00ednos, ao longo da vida alguns desgarram. Esta tese define bem a vis\u00e3o dos pequenos vasca\u00ednos.\u00a0Abaixo seguem as fotos do evento (clique em cada uma para ampliar).<\/div>\n<div>Esta mat\u00e9ria foi feita em conjunto com Andr\u00e9 Pedro e Marcelo Paiva.<\/div>\n<div><\/div>\n<div>\n<figure id=\"attachment_584\" aria-describedby=\"caption-attachment-584\" style=\"width: 300px\" class=\"wp-caption aligncenter\"><a href=\"https:\/\/webvasco.com\/artigos\/wp-content\/uploads\/2013\/08\/049.jpg\"><img loading=\"lazy\" decoding=\"async\" class=\"size-medium wp-image-584\" alt=\"Vasca\u00ednos podendo apreciar as belas camisas do Vasc\u00e3o de cada \u00e9poca, desde 1940.\" src=\"https:\/\/webvasco.com\/artigos\/wp-content\/uploads\/2013\/08\/049-300x225.jpg\" width=\"300\" height=\"225\" srcset=\"https:\/\/webvasco.com\/artigos\/wp-content\/uploads\/2013\/08\/049-300x225.jpg 300w, https:\/\/webvasco.com\/artigos\/wp-content\/uploads\/2013\/08\/049-150x112.jpg 150w, https:\/\/webvasco.com\/artigos\/wp-content\/uploads\/2013\/08\/049-1024x768.jpg 1024w\" sizes=\"auto, (max-width: 300px) 100vw, 300px\" \/><\/a><figcaption id=\"caption-attachment-584\" class=\"wp-caption-text\">Vasca\u00ednos podendo apreciar as belas camisas do Vasc\u00e3o de cada \u00e9poca, desde 1940.<\/figcaption><\/figure>\n<\/div>\n<div>\n<figure id=\"attachment_592\" aria-describedby=\"caption-attachment-592\" style=\"width: 300px\" class=\"wp-caption aligncenter\"><a href=\"https:\/\/webvasco.com\/artigos\/wp-content\/uploads\/2013\/08\/073.jpg\"><img loading=\"lazy\" decoding=\"async\" class=\"size-medium wp-image-592\" alt=\"O amigo Bjorn, Noruegu\u00eas, que participou do evento e levou a camisa &quot;Camisas Negras&quot; como presente para seu filho na Noruega.\" src=\"https:\/\/webvasco.com\/artigos\/wp-content\/uploads\/2013\/08\/073-300x225.jpg\" width=\"300\" height=\"225\" srcset=\"https:\/\/webvasco.com\/artigos\/wp-content\/uploads\/2013\/08\/073-300x225.jpg 300w, https:\/\/webvasco.com\/artigos\/wp-content\/uploads\/2013\/08\/073-150x112.jpg 150w, https:\/\/webvasco.com\/artigos\/wp-content\/uploads\/2013\/08\/073.jpg 640w\" sizes=\"auto, (max-width: 300px) 100vw, 300px\" \/><\/a><figcaption id=\"caption-attachment-592\" class=\"wp-caption-text\">O amigo Bjorn, Noruegu\u00eas, que participou do evento e, ao final, levou a camisa &#8220;Camisas Negras&#8221; como presente para seu filho na Noruega ap\u00f3s tomar conhecimento da hist\u00f3ria daquela camisa.<\/figcaption><\/figure>\n<\/div>\n<div>\n<figure id=\"attachment_588\" aria-describedby=\"caption-attachment-588\" style=\"width: 300px\" class=\"wp-caption aligncenter\"><a href=\"https:\/\/webvasco.com\/artigos\/wp-content\/uploads\/2013\/08\/065.jpg\"><img loading=\"lazy\" decoding=\"async\" class=\"size-medium wp-image-588\" alt=\"Ganhador de camisa sorteada no evento.\" src=\"https:\/\/webvasco.com\/artigos\/wp-content\/uploads\/2013\/08\/065-300x225.jpg\" width=\"300\" height=\"225\" srcset=\"https:\/\/webvasco.com\/artigos\/wp-content\/uploads\/2013\/08\/065-300x225.jpg 300w, https:\/\/webvasco.com\/artigos\/wp-content\/uploads\/2013\/08\/065-150x112.jpg 150w, https:\/\/webvasco.com\/artigos\/wp-content\/uploads\/2013\/08\/065.jpg 640w\" sizes=\"auto, (max-width: 300px) 100vw, 300px\" \/><\/a><figcaption id=\"caption-attachment-588\" class=\"wp-caption-text\">Ganhador de camisa sorteada no evento.<\/figcaption><\/figure>\n<\/div>\n<div>\n<figure id=\"attachment_587\" aria-describedby=\"caption-attachment-587\" style=\"width: 300px\" class=\"wp-caption aligncenter\"><a href=\"https:\/\/webvasco.com\/artigos\/wp-content\/uploads\/2013\/08\/062.jpg\"><img loading=\"lazy\" decoding=\"async\" class=\"size-medium wp-image-587\" alt=\"Ganhador de camisa sorteada no evento.\" src=\"https:\/\/webvasco.com\/artigos\/wp-content\/uploads\/2013\/08\/062-300x225.jpg\" width=\"300\" height=\"225\" srcset=\"https:\/\/webvasco.com\/artigos\/wp-content\/uploads\/2013\/08\/062-300x225.jpg 300w, https:\/\/webvasco.com\/artigos\/wp-content\/uploads\/2013\/08\/062-150x112.jpg 150w, https:\/\/webvasco.com\/artigos\/wp-content\/uploads\/2013\/08\/062.jpg 640w\" sizes=\"auto, (max-width: 300px) 100vw, 300px\" \/><\/a><figcaption id=\"caption-attachment-587\" class=\"wp-caption-text\">Ganhador de camisa sorteada no evento.<\/figcaption><\/figure>\n<\/div>\n<div>\n<figure id=\"attachment_589\" aria-describedby=\"caption-attachment-589\" style=\"width: 300px\" class=\"wp-caption aligncenter\"><a href=\"https:\/\/webvasco.com\/artigos\/wp-content\/uploads\/2013\/08\/067.jpg\"><img loading=\"lazy\" decoding=\"async\" class=\"size-medium wp-image-589\" alt=\"Ganhador de camisa sorteada no evento.\" src=\"https:\/\/webvasco.com\/artigos\/wp-content\/uploads\/2013\/08\/067-300x225.jpg\" width=\"300\" height=\"225\" srcset=\"https:\/\/webvasco.com\/artigos\/wp-content\/uploads\/2013\/08\/067-300x225.jpg 300w, https:\/\/webvasco.com\/artigos\/wp-content\/uploads\/2013\/08\/067-150x112.jpg 150w, https:\/\/webvasco.com\/artigos\/wp-content\/uploads\/2013\/08\/067.jpg 640w\" sizes=\"auto, (max-width: 300px) 100vw, 300px\" \/><\/a><figcaption id=\"caption-attachment-589\" class=\"wp-caption-text\">Ganhador de camisa sorteada no evento.<\/figcaption><\/figure>\n<\/div>\n<div>\n<figure id=\"attachment_581\" aria-describedby=\"caption-attachment-581\" style=\"width: 300px\" class=\"wp-caption aligncenter\"><a href=\"https:\/\/webvasco.com\/artigos\/wp-content\/uploads\/2013\/08\/036.jpg\"><img loading=\"lazy\" decoding=\"async\" class=\"size-medium wp-image-581\" alt=\"Bandeir\u00e3o colocado no pr\u00e9dio em frente ao evento.\" src=\"https:\/\/webvasco.com\/artigos\/wp-content\/uploads\/2013\/08\/036-300x225.jpg\" width=\"300\" height=\"225\" srcset=\"https:\/\/webvasco.com\/artigos\/wp-content\/uploads\/2013\/08\/036-300x225.jpg 300w, https:\/\/webvasco.com\/artigos\/wp-content\/uploads\/2013\/08\/036-150x112.jpg 150w, https:\/\/webvasco.com\/artigos\/wp-content\/uploads\/2013\/08\/036-1024x768.jpg 1024w\" sizes=\"auto, (max-width: 300px) 100vw, 300px\" \/><\/a><figcaption id=\"caption-attachment-581\" class=\"wp-caption-text\">Bandeir\u00e3o colocado no pr\u00e9dio em frente ao evento.<\/figcaption><\/figure>\n<\/div>\n<div>\n<figure id=\"attachment_585\" aria-describedby=\"caption-attachment-585\" style=\"width: 300px\" class=\"wp-caption aligncenter\"><a href=\"https:\/\/webvasco.com\/artigos\/wp-content\/uploads\/2013\/08\/055.jpg\"><img loading=\"lazy\" decoding=\"async\" class=\"size-medium wp-image-585\" alt=\"Al\u00e9m de ver as camisas do Vasc\u00e3o, os participantes tamb\u00e9m degustaram o famoso bolinho de bacalhau da casa, al\u00e9m de outra iguarias.\" src=\"https:\/\/webvasco.com\/artigos\/wp-content\/uploads\/2013\/08\/055-300x225.jpg\" width=\"300\" height=\"225\" srcset=\"https:\/\/webvasco.com\/artigos\/wp-content\/uploads\/2013\/08\/055-300x225.jpg 300w, https:\/\/webvasco.com\/artigos\/wp-content\/uploads\/2013\/08\/055-150x112.jpg 150w, https:\/\/webvasco.com\/artigos\/wp-content\/uploads\/2013\/08\/055-1024x768.jpg 1024w\" sizes=\"auto, (max-width: 300px) 100vw, 300px\" \/><\/a><figcaption id=\"caption-attachment-585\" class=\"wp-caption-text\">Al\u00e9m de ver as camisas do Vasc\u00e3o, os participantes tamb\u00e9m degustaram o famoso bolinho de bacalhau da casa, al\u00e9m de outra iguarias.<\/figcaption><\/figure>\n<\/div>\n<div>\n<figure id=\"attachment_578\" aria-describedby=\"caption-attachment-578\" style=\"width: 300px\" class=\"wp-caption aligncenter\"><a href=\"https:\/\/webvasco.com\/artigos\/wp-content\/uploads\/2013\/08\/032.jpg\"><img loading=\"lazy\" decoding=\"async\" class=\"size-medium wp-image-578\" alt=\"Camisa autografada por Edmundo e exposta de forma permanente no local.\" src=\"https:\/\/webvasco.com\/artigos\/wp-content\/uploads\/2013\/08\/032-300x225.jpg\" width=\"300\" height=\"225\" srcset=\"https:\/\/webvasco.com\/artigos\/wp-content\/uploads\/2013\/08\/032-300x225.jpg 300w, https:\/\/webvasco.com\/artigos\/wp-content\/uploads\/2013\/08\/032-150x112.jpg 150w, https:\/\/webvasco.com\/artigos\/wp-content\/uploads\/2013\/08\/032-1024x768.jpg 1024w\" sizes=\"auto, (max-width: 300px) 100vw, 300px\" \/><\/a><figcaption id=\"caption-attachment-578\" class=\"wp-caption-text\">Camisa autografada por Edmundo e exposta de forma permanente no local.<\/figcaption><\/figure>\n<\/div>\n<div>\n<figure id=\"attachment_580\" aria-describedby=\"caption-attachment-580\" style=\"width: 300px\" class=\"wp-caption aligncenter\"><a href=\"https:\/\/webvasco.com\/artigos\/wp-content\/uploads\/2013\/08\/034.jpg\"><img loading=\"lazy\" decoding=\"async\" class=\"size-medium wp-image-580\" alt=\"Mais camisas do Vasco de diversas \u00e9pocas.\" src=\"https:\/\/webvasco.com\/artigos\/wp-content\/uploads\/2013\/08\/034-300x225.jpg\" width=\"300\" height=\"225\" srcset=\"https:\/\/webvasco.com\/artigos\/wp-content\/uploads\/2013\/08\/034-300x225.jpg 300w, https:\/\/webvasco.com\/artigos\/wp-content\/uploads\/2013\/08\/034-150x112.jpg 150w, https:\/\/webvasco.com\/artigos\/wp-content\/uploads\/2013\/08\/034-1024x768.jpg 1024w\" sizes=\"auto, (max-width: 300px) 100vw, 300px\" \/><\/a><figcaption id=\"caption-attachment-580\" class=\"wp-caption-text\">Mais camisas do Vasco de diversas \u00e9pocas.<\/figcaption><\/figure>\n<\/div>\n<div>\n<figure id=\"attachment_579\" aria-describedby=\"caption-attachment-579\" style=\"width: 300px\" class=\"wp-caption aligncenter\"><a href=\"https:\/\/webvasco.com\/artigos\/wp-content\/uploads\/2013\/08\/033.jpg\"><img loading=\"lazy\" decoding=\"async\" class=\"size-medium wp-image-579\" alt=\"Foto de Pixinguinha, cliente ass\u00edduo do local.\" src=\"https:\/\/webvasco.com\/artigos\/wp-content\/uploads\/2013\/08\/033-300x225.jpg\" width=\"300\" height=\"225\" srcset=\"https:\/\/webvasco.com\/artigos\/wp-content\/uploads\/2013\/08\/033-300x225.jpg 300w, https:\/\/webvasco.com\/artigos\/wp-content\/uploads\/2013\/08\/033-150x112.jpg 150w, https:\/\/webvasco.com\/artigos\/wp-content\/uploads\/2013\/08\/033-1024x768.jpg 1024w\" sizes=\"auto, (max-width: 300px) 100vw, 300px\" \/><\/a><figcaption id=\"caption-attachment-579\" class=\"wp-caption-text\">Foto de Pixinguinha, cliente ass\u00edduo do local.<\/figcaption><\/figure>\n<\/div>\n<div>\n<figure id=\"attachment_577\" aria-describedby=\"caption-attachment-577\" style=\"width: 300px\" class=\"wp-caption aligncenter\"><a href=\"https:\/\/webvasco.com\/artigos\/wp-content\/uploads\/2013\/08\/029.jpg\"><img loading=\"lazy\" decoding=\"async\" class=\"size-medium wp-image-577\" alt=\"Local do Evento.\" src=\"https:\/\/webvasco.com\/artigos\/wp-content\/uploads\/2013\/08\/029-300x225.jpg\" width=\"300\" height=\"225\" srcset=\"https:\/\/webvasco.com\/artigos\/wp-content\/uploads\/2013\/08\/029-300x225.jpg 300w, https:\/\/webvasco.com\/artigos\/wp-content\/uploads\/2013\/08\/029-150x112.jpg 150w, https:\/\/webvasco.com\/artigos\/wp-content\/uploads\/2013\/08\/029.jpg 640w\" sizes=\"auto, (max-width: 300px) 100vw, 300px\" \/><\/a><figcaption id=\"caption-attachment-577\" class=\"wp-caption-text\">Local do Evento.<\/figcaption><\/figure>\n<\/div>\n<div><\/div>\n<div><\/div>\n<div><b>AP\u00d3S AS TODAS AS PARTIDAS DO VASC\u00c3O EM MEU PERFIL DO FACEBOOK (QUEM QUISER RECEBER AS CR\u00d4NICAS DE PRIMEIRA M\u00c3O \u00c9 S\u00d3 ME ADICIONAR), E NOS SITES WEBVASCO (www.webvasco.com), E VASCA\u00cdNOS UNIDOS (www.vascainosunidos.com.br) TEM A OPINI\u00c3O DO JORNALISTA LUIZ CARLOS ROCHA. LEIAM! COMPARTILHEM E CURTAM! VASCA\u00cdNOS UNIDOS JAMAIS SER\u00c3O VENCIDOS.<\/b><\/div>\n","protected":false},"excerpt":{"rendered":"<p>\u00a0 \u00a0 \u00a0 \u00a0 \u00a0 \u00a0 \u00a0Aconteceu neste \u00faltimo s\u00e1bado (24\/08\/2013), no Bar da Portuguesa,&#8230;<\/p>\n","protected":false},"author":7,"featured_media":576,"comment_status":"open","ping_status":"closed","sticky":false,"template":"","format":"standard","meta":{"footnotes":""},"categories":[3,4],"tags":[],"class_list":["post-575","post","type-post","status-publish","format-standard","has-post-thumbnail","hentry","category-colunistas","category-luizcarlosrocha"],"_links":{"self":[{"href":"https:\/\/webvasco.com\/artigos\/wp-json\/wp\/v2\/posts\/575","targetHints":{"allow":["GET"]}}],"collection":[{"href":"https:\/\/webvasco.com\/artigos\/wp-json\/wp\/v2\/posts"}],"about":[{"href":"https:\/\/webvasco.com\/artigos\/wp-json\/wp\/v2\/types\/post"}],"author":[{"embeddable":true,"href":"https:\/\/webvasco.com\/artigos\/wp-json\/wp\/v2\/users\/7"}],"replies":[{"embeddable":true,"href":"https:\/\/webvasco.com\/artigos\/wp-json\/wp\/v2\/comments?post=575"}],"version-history":[{"count":6,"href":"https:\/\/webvasco.com\/artigos\/wp-json\/wp\/v2\/posts\/575\/revisions"}],"predecessor-version":[{"id":596,"href":"https:\/\/webvasco.com\/artigos\/wp-json\/wp\/v2\/posts\/575\/revisions\/596"}],"wp:featuredmedia":[{"embeddable":true,"href":"https:\/\/webvasco.com\/artigos\/wp-json\/wp\/v2\/media\/576"}],"wp:attachment":[{"href":"https:\/\/webvasco.com\/artigos\/wp-json\/wp\/v2\/media?parent=575"}],"wp:term":[{"taxonomy":"category","embeddable":true,"href":"https:\/\/webvasco.com\/artigos\/wp-json\/wp\/v2\/categories?post=575"},{"taxonomy":"post_tag","embeddable":true,"href":"https:\/\/webvasco.com\/artigos\/wp-json\/wp\/v2\/tags?post=575"}],"curies":[{"name":"wp","href":"https:\/\/api.w.org\/{rel}","templated":true}]}}