{"id":5763,"date":"2015-10-16T07:15:26","date_gmt":"2015-10-16T10:15:26","guid":{"rendered":"http:\/\/webvasco.com\/artigos\/?p=5763"},"modified":"2015-10-16T07:21:54","modified_gmt":"2015-10-16T10:21:54","slug":"muita-reclamao-pouco-futebol","status":"publish","type":"post","link":"https:\/\/webvasco.com\/artigos\/colunistas\/luizcarlosrocha\/muita-reclamao-pouco-futebol\/","title":{"rendered":"MUITA RECLAMA&Ccedil;&Atilde;O, POUCO FUTEBOL!"},"content":{"rendered":"<div>\n<div style=\"color:#000; background-color:#fff; font-family:HelveticaNeue-Light, Helvetica Neue Light, Helvetica Neue, Helvetica, Arial, Lucida Grande, sans-serif;font-size:32px\">\n<div class=\"\" style=\"text-align:justify;text-indent:35.4pt;tab-stops:111.0pt\" id=\"yui_3_16_0_1_1444990272310_2400\"><span style=\"font-size:12.0pt;line-height:115%;font-family:&quot;Arial&quot;,&quot;sans-serif&quot;\" id=\"yui_3_16_0_1_1444990272310_2402\" class=\"\">O  empate em 1 a 1, entre Vasco e Chapecoense, ontem, no Maracan\u00e3, que marcou a 30<\/span><span style=\"mso-bidi-font-size:12.0pt;line-height:115%;font-family:&quot;Arial&quot;,&quot;sans-serif&quot;\" id=\"yui_3_16_0_1_1444990272310_2404\" class=\"\">\u00aa<\/span><span style=\"font-size:12.0pt;line-height:115%;font-family:&quot;Arial&quot;,&quot;sans-serif&quot;\" id=\"yui_3_16_0_1_1444990272310_2406\" class=\"\">  Rodada do Campeonato Brasileiro teve muito bl\u00e1, bl\u00e1, bl\u00e1 e pouco futebol. Rodrigo  inaugurou o placar e Bruno Rangel, em p\u00eanalti duvidoso deixou tudo igual. Com o  resultado, o Cruzmaltino se manteve na 19\u00aa posi\u00e7\u00e3o na tabela de classifica\u00e7\u00e3o,  agora com 28 pontos ganhos, e amargando a vice-lanterna da competi\u00e7\u00e3o. O  pr\u00f3ximo desafio ser\u00e1 domingo, \u00e0s 16h, no Morumbi, diante do S\u00e3o Paulo. <o:p id=\"yui_3_16_0_1_1444990272310_2408\" class=\"\"><\/o:p><\/span><\/div>\n<div class=\"\" style=\"text-align:justify;text-indent:35.4pt;tab-stops:111.0pt\" id=\"yui_3_16_0_1_1444990272310_2410\"><span style=\"font-size:12.0pt;line-height:115%;font-family:&quot;Arial&quot;,&quot;sans-serif&quot;\" id=\"yui_3_16_0_1_1444990272310_2412\" class=\"\">A  conta \u00e9 simples. Dos 24 pontos que restam (8 Rodadas), o Vasco precisa  conquistar no m\u00ednimo 17 pontos, ou seja, ganhar 5 e empatar 2 jogos!  Praticamente imposs\u00edvel! O que j\u00e1 era ruim est\u00e1 cada dia pior! Nunca imaginei  ver a Imensa Torcida Bem (nem tanto assim) Feliz sofrer tanto. Em outros tempos  a conta era para chegar ao t\u00edtulo!<o:p id=\"yui_3_16_0_1_1444990272310_2414\" class=\"\"><\/o:p><\/span><\/div>\n<div class=\"\" style=\"text-align:justify;text-indent:35.4pt;tab-stops:111.0pt\" id=\"yui_3_16_0_1_1444990272310_2416\"><span style=\"font-size:12.0pt;line-height:115%;font-family:&quot;Arial&quot;,&quot;sans-serif&quot;\" id=\"yui_3_16_0_1_1444990272310_2418\" class=\"\">A  mais pura realidade \u00e9 que se o Gigante da Colina tivesse se preparado para uma  competi\u00e7\u00e3o mais \u00e1rdua, n\u00e3o estaria melancolicamente nesta situa\u00e7\u00e3o. Ap\u00f3s  conquistar uma competi\u00e7\u00e3o de merda, como o Campeonato Carioca, achou que era a  \u00faltima Coca-Cola do deserto e esnobou uma pr\u00e9-temporada s\u00f3lida (entenda-se  taticamente, tecnicamente, contrata\u00e7\u00f5es de n\u00edvel alto, parceiros financeiros  renomados e etc.). Quanto \u00e0 partida de ontem: Teve muito mi, mi, mi e pouca  vontade de vencer! At\u00e9 aqui foram trinta rodadas. Desde o in\u00edcio da competi\u00e7\u00e3o  o Vasco vem se arrastando.<o:p id=\"yui_3_16_0_1_1444990272310_2420\" class=\"\"><\/o:p><\/span><\/div>\n<div class=\"\" style=\"text-align:justify;text-indent:35.4pt;tab-stops:111.0pt\" id=\"yui_3_16_0_1_1444990272310_2422\"><span style=\"font-size:12.0pt;line-height:115%;font-family:&quot;Arial&quot;,&quot;sans-serif&quot;\" id=\"yui_3_16_0_1_1444990272310_2424\" class=\"\">Primeiro  com Doriva, que \u00e9 treinador de v\u00e1rzea! Depois o falido Celso Roth afundou a  Caravela, digo, bote vasca\u00edno. Quando Jorginho \u2013 que n\u00e3o \u00e9 grande coisa, mas  diante dos \u00faltimos que comandaram o plantel \u00e9 \u00f3timo, pois em terra de cego quem  tem um olho \u00e9 rei \u2013 chegou j\u00e1 era tarde demais! Prova disso, foi testemunhar  ontem o Jogo do Inho! O t\u00e9cnico Jorginho em conversa com o auxiliar Zinho,  resolveram promover a entrada de Diguinho como se fosse o Salvador da P\u00e1tria.  Do banco de reservas para o gramado. Pobre Vasquinho!<o:p id=\"yui_3_16_0_1_1444990272310_2426\" class=\"\"><\/o:p><\/span><\/div>\n<div class=\"\" style=\"text-align:justify;text-indent:35.4pt;tab-stops:111.0pt\" id=\"yui_3_16_0_1_1444990272310_2428\"><span style=\"font-size:12.0pt;line-height:115%;font-family:&quot;Arial&quot;,&quot;sans-serif&quot;\" id=\"yui_3_16_0_1_1444990272310_2430\" class=\"\">Para  fechar a noite de fracasso, o presidente da entidade, Eurico Miranda jogou  bosta no ventilador ao apontar o presidente da Federa\u00e7\u00e3o Catarinense de Futebol  como mentor de um esquema de corrup\u00e7\u00e3o da arbitragem, a fim de salvar os times  de Santa Catarina de uma degola, ou melhor, segundo Dom Charuto, todas as  equipes do Sul t\u00eam chances reais de n\u00e3o participarem do Brasileir\u00e3o, em 2016.  Com isso, o Estado ficaria enfraquecido futebolisticamente. Para que este fato  n\u00e3o ocorra, alega o mandat\u00e1rio vasca\u00edno, h\u00e1 um forte movimento il\u00edcito por  parte dos homens de preto, prejudicando principalmente os concorrentes na luta contra  o rebaixamento. Por\u00e9m, se o Vasco atuasse como outrora, para ser campe\u00e3o, esse  fato agora n\u00e3o teria relev\u00e2ncia. Quem est\u00e1 na ponta da tabela, pouco se importa  com quem est\u00e1 na Zona do Inferno! E ponto!<o:p id=\"yui_3_16_0_1_1444990272310_2432\" class=\"\"><\/o:p><\/span><\/div>\n<div class=\"\" style=\"text-align:justify;text-indent:35.4pt;tab-stops:111.0pt\" id=\"yui_3_16_0_1_1444990272310_2434\"><span style=\"font-size:12.0pt;line-height:115%;font-family:&quot;Arial&quot;,&quot;sans-serif&quot;\" id=\"yui_3_16_0_1_1444990272310_2436\" class=\"\">Dom  Charuto tamb\u00e9m foi muito seguro quando disparou que embora muitos digam que o clube  de S\u00e3o Janu\u00e1rio j\u00e1 est\u00e1 rebaixado e outros digam que o time cair\u00e1, o Vasco  permanecer\u00e1 na Elite do Futebol, em 2016. Claro que sim. Fontes fidedignas me  garantem que haver\u00e1 virada de mesa! Que o Campeonato Brasileiro ter\u00e1 24  equipes, com duas chaves de 12 cada. Para isso n\u00e3o descer\u00e1 nenhum clube e os  quatro primeiros da S\u00e9rie B subir\u00e3o!<o:p id=\"yui_3_16_0_1_1444990272310_2438\" class=\"\"><\/o:p><\/span><\/div>\n<div class=\"\" style=\"text-align:justify;text-indent:35.4pt;tab-stops:111.0pt\" id=\"yui_3_16_0_1_1444990272310_2440\"><span style=\"font-size:12.0pt;line-height:115%;font-family:&quot;Arial&quot;,&quot;sans-serif&quot;\" id=\"yui_3_16_0_1_1444990272310_2442\" class=\"\">Desta  forma n\u00e3o \u00e9 bonito. Est\u00e1 fora dos padr\u00f5es de grandeza da hist\u00f3ria do Vasco.  Mesmo que tenha uma virada de mesa, o Vasco tem a obriga\u00e7\u00e3o moral de se livrar  da Segundona por m\u00e9ritos pr\u00f3prios. Isso sim \u00e9 Vasco da Gama! Tapet\u00e3o \u00e9 coisa de  Tricolete! At\u00e9 porque, se houver uma manipula\u00e7\u00e3o extracampo pela perman\u00eancia, o  Vasco n\u00e3o ter\u00e1 mais moral de cobrar a Segunda Divis\u00e3o das Meninas das Laranjeiras.  Estar\u00e1 fazendo a mesma birrinha! <o:p id=\"yui_3_16_0_1_1444990272310_2444\" class=\"\"><\/o:p><\/span><\/div>\n<div class=\"\" style=\"text-align:justify;text-indent:35.4pt;tab-stops:111.0pt\" id=\"yui_3_16_0_1_1444990272310_2446\"><span style=\"font-size:12.0pt;line-height:115%;font-family:&quot;Arial&quot;,&quot;sans-serif&quot;\" id=\"yui_3_16_0_1_1444990272310_2448\" class=\"\">Dom  Charuto: mais trabalho e menos reclama\u00e7\u00e3o tirar\u00e1 o Vasco mais r\u00e1pido dessa  situa\u00e7\u00e3o vexat\u00f3ria. Em boca fechada n\u00e3o entra mosca!<o:p id=\"yui_3_16_0_1_1444990272310_2450\" class=\"\"><\/o:p><\/span><\/div>\n<div class=\"\" style=\"text-align:justify;text-indent:35.4pt;tab-stops:111.0pt\" id=\"yui_3_16_0_1_1444990272310_2452\"><span style=\"font-size:12.0pt;line-height:115%;font-family:&quot;Arial&quot;,&quot;sans-serif&quot;\" id=\"yui_3_16_0_1_1444990272310_2454\" class=\"\"><o:p id=\"yui_3_16_0_1_1444990272310_2456\" class=\"\">&nbsp;<\/o:p><\/span><\/div>\n<div class=\"\" style=\"text-align:justify;text-indent:35.4pt;tab-stops:111.0pt\" id=\"yui_3_16_0_1_1444990272310_2458\"><span style=\"font-size:12.0pt;line-height:115%;font-family:&quot;Arial&quot;,&quot;sans-serif&quot;\" id=\"yui_3_16_0_1_1444990272310_2460\" class=\"\"><o:p id=\"yui_3_16_0_1_1444990272310_2462\" class=\"\">&nbsp;<\/o:p><\/span><\/div>\n<div class=\"\" style=\"text-align:justify;text-indent:35.4pt;tab-stops:111.0pt\" id=\"yui_3_16_0_1_1444990272310_2464\"><span style=\"font-size:12.0pt;line-height:115%;font-family:&quot;Arial&quot;,&quot;sans-serif&quot;\" id=\"yui_3_16_0_1_1444990272310_2466\" class=\"\"><o:p id=\"yui_3_16_0_1_1444990272310_2468\" class=\"\">&nbsp;<\/o:p><\/span><\/div>\n<div class=\"\" style=\"text-align:justify;text-indent:35.4pt;tab-stops:111.0pt\" id=\"yui_3_16_0_1_1444990272310_2470\"><b id=\"yui_3_16_0_1_1444990272310_2472\" class=\"\"><u id=\"yui_3_16_0_1_1444990272310_2474\" class=\"\"><span style=\"font-size:20.0pt;line-height:115%;font-family:&quot;Arial&quot;,&quot;sans-serif&quot;\" id=\"yui_3_16_0_1_1444990272310_2476\" class=\"\">DIVULGUEM ESSA COVARDIA:<\/span><\/u><\/b><span style=\"font-size:16.0pt;line-height:115%;font-family:&quot;Arial&quot;,&quot;sans-serif&quot;\" id=\"yui_3_16_0_1_1444990272310_2478\" class=\"\"> GOSTARIA  DE PEDIR A TODOS OS MEUS AMIGOS E LEITORES QUE TIRASSE UM TEMPINHO PARA LER A  PETI\u00c7\u00c3O P\u00daBLICA, AO QUAL SEGUE ABAIXO O LINK. TAL DOCUMENTO REFERE-SE A <b id=\"yui_3_16_0_1_1444990272310_2480\" class=\"\"><u id=\"yui_3_16_0_1_1444990272310_2482\" class=\"\">UM ATO DE COVARDIA POR PARTE DA  VOLKSWAGEN DO BRASIL EM COAUTORIA DA ABOLI\u00c7\u00c3O VE\u00cdCULOS (GRUPO AB)<\/u><\/b>  CONTRA ESTE VELHO JORNALISTA. A REFERIDA CONCESSION\u00c1RIA EST\u00c1 ME LESANDO DESDE  FEVEREIRO DE 2013. MEU CARRO FOI BATIDO DENTRO DA OFICINA, FURTARAM ACESS\u00d3RIOS,  TEM PROBLEMAS CAUSADOS POR ELES, AL\u00c9M DE DEFEITOS DE FABRICA\u00c7\u00c3O. O CARRO 0 KM  COMPRADO POR MIM HOJE SE ENCONTRA NA OFICINA DA ABOLI\u00c7\u00c3O VE\u00cdCULOS (CENTRO DE  NITER\u00d3I) <b id=\"yui_3_16_0_1_1444990272310_2484\" class=\"\"><u id=\"yui_3_16_0_1_1444990272310_2486\" class=\"\">DESDE 10 DE JUNHO DE 2013<\/u><\/b>,  OU SEJA, H\u00c1 <b id=\"yui_3_16_0_1_1444990272310_2488\" class=\"\"><u id=\"yui_3_16_0_1_1444990272310_2490\" class=\"\">28 MESES, OU SEJA, 2 ANOS  E QUATRO MESES.<\/u><\/b> <b id=\"yui_3_16_0_1_1444990272310_2492\" class=\"\"><u id=\"yui_3_16_0_1_1444990272310_2494\" class=\"\">TEM APENAS 729  KM RODADOS<\/u><\/b> PARA COMPROVAR O CALV\u00c1RIO TENHO DOCUMENTOS, GRAVA\u00c7\u00d5ES DE  AUDIO E V\u00cdDEO, MAIS DE 600 FOTOGRAFIAS E E-MAILS TROCADOS COM FUNCION\u00c1RIOS DO  BAIXO, M\u00c9DIO E ALTO ESCAL\u00c3O DA EMPRESA. POR FAVOR, ASSINEM O DOCUMENTO PARA QUE  OUTROS CONSUMIDORES N\u00c3O SEJAM LESADOS POR EMPRESAS DESTE N\u00cdVEL.&nbsp; <\/span><a href=\"https:\/\/secure.avaaz.org\/po\/petition\/Aos_Orgaos_de_Defesa_do_Consumidor_e_ao_Poder_Judiciario_JUSTICA_CONTRA_UMA_MARCA_E_SUA_REVENDERORA_QUE_DESCUMPREM_A_LEI\/?lJEcNfb&amp;pv=0\" id=\"yui_3_16_0_1_1444990272310_2496\" class=\"\"><span style=\"font-size:16.0pt;line-height:115%;font-family:&quot;Arial&quot;,&quot;sans-serif&quot;\" id=\"yui_3_16_0_1_1444990272310_2498\" class=\"\"><a href=\"https:\/\/secure.avaaz.org\/po\/petition\/Aos_Orgaos_de_Defesa_do_Consumidor_e_ao_Poder_Judiciario_JUSTICA_CONTRA_UMA_MARCA_E_SUA_REVENDERORA_QUE_DESCUMPREM_A_LEI\/?lJEcNfb&amp;pv=0\" >https:\/\/secure.avaaz.org\/po\/petition\/Aos_Orgaos_de_Defesa_do_Consumidor_e_ao_Poder_Judiciario_JUSTICA_CONTRA_UMA_MARCA_E_SUA_REVENDERORA_QUE_DESCUMPREM_A_LEI\/?lJEcNfb&amp;pv=0<\/a><\/span><\/a><span style=\"font-size:16.0pt;line-height:115%;font-family:&quot;Arial&quot;,&quot;sans-serif&quot;\" id=\"yui_3_16_0_1_1444990272310_2500\" class=\"\"><o:p id=\"yui_3_16_0_1_1444990272310_2502\" class=\"\"><\/o:p><\/span><\/div>\n<div class=\"\" style=\"text-align:justify;tab-stops:111.0pt\" id=\"yui_3_16_0_1_1444990272310_2504\"><span style=\"font-size:16.0pt;line-height:115%;font-family:&quot;Arial&quot;,&quot;sans-serif&quot;\" id=\"yui_3_16_0_1_1444990272310_2506\" class=\"\"><o:p id=\"yui_3_16_0_1_1444990272310_2508\" class=\"\">&nbsp;<\/o:p><\/span><\/div>\n<div class=\"\" style=\"text-align:justify;tab-stops:111.0pt\" id=\"yui_3_16_0_1_1444990272310_2510\"><b id=\"yui_3_16_0_1_1444990272310_2512\" class=\"\"><span style=\"font-size:16.0pt;line-height:115%;font-family:&quot;Arial&quot;,&quot;sans-serif&quot;\" id=\"yui_3_16_0_1_1444990272310_2514\" class=\"\">&nbsp;&nbsp;&nbsp;&nbsp;&nbsp;&nbsp;&nbsp;&nbsp;&nbsp;&nbsp;&nbsp;&nbsp;&nbsp;&nbsp;&nbsp;&nbsp;&nbsp;&nbsp;&nbsp;&nbsp;&nbsp;&nbsp;&nbsp;&nbsp; &nbsp;&nbsp;&nbsp;&nbsp;&nbsp;&nbsp; <o:p id=\"yui_3_16_0_1_1444990272310_2516\" class=\"\"><\/o:p><\/span><\/b><\/div>\n<div id=\"yui_3_16_0_1_1444990272310_2275\">                                                        <\/div>\n<div class=\"\" style=\"text-align:justify\" id=\"yui_3_16_0_1_1444990272310_2398\" dir=\"ltr\"><b id=\"yui_3_16_0_1_1444990272310_2519\" class=\"\"><span style=\"font-size:14.0pt;line-height:115%;font-family:&quot;Arial&quot;,&quot;sans-serif&quot;\" id=\"yui_3_16_0_1_1444990272310_2521\" class=\"\">AP\u00d3S  AS TODAS AS PARTIDAS DO VASC\u00c3O EM MEU PERFIL DO FACEBOOK (QUEM QUISER RECEBER  AS CR\u00d4NICAS DE PRIMEIRA M\u00c3O \u00c9 S\u00d3 ME ADICIONAR), E NOS SITES WEBVASCO  (www.webvasco.com), E VASCA\u00cdNOS UNIDOS (www.vascainosunidos.com.br) TEM A  OPINI\u00c3O DO JORNALISTA LUIZ CARLOS ROCHA. LEIAM! COMPARTILHEM E CURTAM!  VASCA\u00cdNOS UNIDOS JAMAIS SER\u00c3O VENCIDOS.<o:p id=\"yui_3_16_0_1_1444990272310_2523\" class=\"\"><\/o:p><\/span><\/b><\/div>\n<div id=\"yui_3_16_0_1_1444990272310_2275\"><span><br \/><\/span><\/div>\n<div id=\"yui_3_16_0_1_1444990272310_2275\"><span><br \/><\/span><\/div>\n<div id=\"yui_3_16_0_1_1444990272310_2275\"><span><br \/><\/span><\/div>\n<div><\/div>\n<div id=\"yui_3_16_0_1_1444990272310_2278\">&nbsp;<\/div>\n<div class=\"signature\" id=\"yui_3_16_0_1_1444990272310_2329\">\n<div id=\"RTEContent\">\n<div id=\"yui_3_16_0_1_1444990272310_2328\">\n<div id=\"yui_3_16_0_1_1444990272310_2327\">\n<div id=\"yui_3_16_0_1_1444990272310_2326\">\n<div align=\"center\" id=\"yui_3_16_0_1_1444990272310_2325\"><\/div>\n<\/div>\n<\/div>\n<\/div>\n<\/div>\n<\/div>\n<\/div>\n<\/div>\n<p><\/p>\n","protected":false},"excerpt":{"rendered":"<p>O empate em 1 a 1, entre Vasco e Chapecoense, ontem, no Maracan\u00e3, que marcou&#8230;<\/p>\n","protected":false},"author":7,"featured_media":0,"comment_status":"open","ping_status":"closed","sticky":false,"template":"","format":"standard","meta":{"footnotes":""},"categories":[4],"tags":[],"class_list":["post-5763","post","type-post","status-publish","format-standard","hentry","category-luizcarlosrocha"],"_links":{"self":[{"href":"https:\/\/webvasco.com\/artigos\/wp-json\/wp\/v2\/posts\/5763","targetHints":{"allow":["GET"]}}],"collection":[{"href":"https:\/\/webvasco.com\/artigos\/wp-json\/wp\/v2\/posts"}],"about":[{"href":"https:\/\/webvasco.com\/artigos\/wp-json\/wp\/v2\/types\/post"}],"author":[{"embeddable":true,"href":"https:\/\/webvasco.com\/artigos\/wp-json\/wp\/v2\/users\/7"}],"replies":[{"embeddable":true,"href":"https:\/\/webvasco.com\/artigos\/wp-json\/wp\/v2\/comments?post=5763"}],"version-history":[{"count":0,"href":"https:\/\/webvasco.com\/artigos\/wp-json\/wp\/v2\/posts\/5763\/revisions"}],"wp:attachment":[{"href":"https:\/\/webvasco.com\/artigos\/wp-json\/wp\/v2\/media?parent=5763"}],"wp:term":[{"taxonomy":"category","embeddable":true,"href":"https:\/\/webvasco.com\/artigos\/wp-json\/wp\/v2\/categories?post=5763"},{"taxonomy":"post_tag","embeddable":true,"href":"https:\/\/webvasco.com\/artigos\/wp-json\/wp\/v2\/tags?post=5763"}],"curies":[{"name":"wp","href":"https:\/\/api.w.org\/{rel}","templated":true}]}}