{"id":5764,"date":"2015-10-20T09:53:40","date_gmt":"2015-10-20T12:53:40","guid":{"rendered":"http:\/\/webvasco.com\/artigos\/?p=5764"},"modified":"2015-10-20T09:58:56","modified_gmt":"2015-10-20T12:58:56","slug":"a-maldio-tem-nome-rodrigo","status":"publish","type":"post","link":"https:\/\/webvasco.com\/artigos\/colunistas\/luizcarlosrocha\/a-maldio-tem-nome-rodrigo\/","title":{"rendered":"A MALDI&Ccedil;&Atilde;O TEM NOME: RODRIGO!"},"content":{"rendered":"<div>\n<div style=\"color:#000; background-color:#fff; font-family:HelveticaNeue-Light, Helvetica Neue Light, Helvetica Neue, Helvetica, Arial, Lucida Grande, sans-serif;font-size:32px\">\n<div class=\"\" style=\"text-align:justify;text-indent:35.4pt;tab-stops:111.0pt\" id=\"yui_3_16_0_1_1445344976403_2862\"><span style=\"font-size:12.0pt;line-height:115%;font-family:&quot;Arial&quot;,&quot;sans-serif&quot;\" id=\"yui_3_16_0_1_1445344976403_2864\" class=\"\">Ao  empatar por 2 a 2 com o S\u00e3o Paulo, domingo, no Morumbi, em partida v\u00e1lida pela  31\u00aa Rodada do Campeonato Brasileiro, o Vasco da Gama voltou \u00e0 lanterna da  competi\u00e7\u00e3o.&nbsp; Al\u00e9m disso, falhas na  defesa, erros de arbitragem e muita reclama\u00e7\u00e3o foram o destaque do jogo.<o:p id=\"yui_3_16_0_1_1445344976403_2866\" class=\"\"><\/o:p><\/span><\/div>\n<div class=\"\" style=\"text-align:justify;text-indent:35.4pt;tab-stops:111.0pt\" id=\"yui_3_16_0_1_1445344976403_2868\"><span style=\"font-size:12.0pt;line-height:115%;font-family:&quot;Arial&quot;,&quot;sans-serif&quot;\" id=\"yui_3_16_0_1_1445344976403_2870\" class=\"\">O  Cruzmaltino contabiliza agora 29 pontos ganhos na tabela de classifica\u00e7\u00e3o. Com  o resultado do fim de semana, a equipe diminuiu para quatro pontos a dist\u00e2ncia  at\u00e9 o primeiro time fora da zona de rebaixamento, atualmente o Ava\u00ed.&nbsp; Mais ainda \u00e9 pouqu\u00edssimo para bater a meta,  que \u00e9 a perman\u00eancia na S\u00e9rie A, em 2016.<o:p id=\"yui_3_16_0_1_1445344976403_2872\" class=\"\"><\/o:p><\/span><\/div>\n<div class=\"\" style=\"text-align:justify;text-indent:35.4pt;tab-stops:111.0pt\" id=\"yui_3_16_0_1_1445344976403_2874\"><span style=\"font-size:12.0pt;line-height:115%;font-family:&quot;Arial&quot;,&quot;sans-serif&quot;\" id=\"yui_3_16_0_1_1445344976403_2876\" class=\"\">Rodrigo  foi o nome do jogo, ou melhor, a maldi\u00e7\u00e3o!&nbsp;  Logo no primeiro minuto de partida uma falha bisonha, nem zagueiro de  pelada faz isso, o defensor vasca\u00edno furou e a bola sobrou para Lu\u00eds Fabiano,  que inaugurou o placar. N\u00e3o foi a primeira vez que Rodrigo falhou  infantilmente! O pior \u00e9 saber que n\u00e3o ser\u00e1 a \u00faltima.<o:p id=\"yui_3_16_0_1_1445344976403_2878\" class=\"\"><\/o:p><\/span><\/div>\n<div class=\"\" style=\"text-align:justify;text-indent:35.4pt;tab-stops:111.0pt\" id=\"yui_3_16_0_1_1445344976403_2880\"><span style=\"font-size:12.0pt;line-height:115%;font-family:&quot;Arial&quot;,&quot;sans-serif&quot;\" id=\"yui_3_16_0_1_1445344976403_2882\" class=\"\">O  Vasco empatou com Nen\u00ea ainda no tempo vestibular (45 minutos) em p\u00eanalti muito  questionado pelos Bambis. Foi penalidade m\u00e1xima clar\u00edssima.&nbsp; Aos 18 minutos da etapa complementar, ap\u00f3s  cobran\u00e7a de escanteio, o mesmo vil\u00e3o Rodrigo subiu mais que a defesa tricolor e  virou para o Gigante da Colina, se redimindo! At\u00e9 aquele momento era a  consagra\u00e7\u00e3o vasca\u00edna. <o:p id=\"yui_3_16_0_1_1445344976403_2884\" class=\"\"><\/o:p><\/span><\/div>\n<div class=\"\" style=\"text-align:justify;text-indent:35.4pt;tab-stops:111.0pt\" id=\"yui_3_16_0_1_1445344976403_2886\"><span style=\"font-size:12.0pt;line-height:115%;font-family:&quot;Arial&quot;,&quot;sans-serif&quot;\" id=\"yui_3_16_0_1_1445344976403_2888\" class=\"\">A\u00ed  veio a maldi\u00e7\u00e3o! Faltando pouqu\u00edssimo para o embate futebol\u00edstico terminar, aos  42 minutos do segundo tempo, Rodrigo Caio empatou a partida e definiu o  resultado. Parecia o destino: RODRIGO <u id=\"yui_3_16_0_1_1445344976403_2890\" class=\"\">CAI O Vasco!<o:p id=\"yui_3_16_0_1_1445344976403_2892\" class=\"\"><\/o:p><\/u><\/span><\/div>\n<div class=\"\" style=\"text-align:justify;text-indent:35.4pt;tab-stops:111.0pt\" id=\"yui_3_16_0_1_1445344976403_2894\"><span style=\"font-size:12.0pt;line-height:115%;font-family:&quot;Arial&quot;,&quot;sans-serif&quot;\" id=\"yui_3_16_0_1_1445344976403_2896\" class=\"\">O Time  de S\u00e3o Janu\u00e1rio voltar\u00e1 a campo no pr\u00f3ximo domingo, dia 25, contra o Gr\u00eamio, \u00e0s  17h (hor\u00e1rio de Bras\u00edlia), no Maracan\u00e3. <o:p id=\"yui_3_16_0_1_1445344976403_2898\" class=\"\"><\/o:p><\/span><\/div>\n<div class=\"\" style=\"text-align:justify;text-indent:35.4pt;tab-stops:111.0pt\" id=\"yui_3_16_0_1_1445344976403_2900\"><span style=\"font-size:12.0pt;line-height:115%;font-family:&quot;Arial&quot;,&quot;sans-serif&quot;\" id=\"yui_3_16_0_1_1445344976403_2902\" class=\"\"><o:p id=\"yui_3_16_0_1_1445344976403_2904\" class=\"\">&nbsp;<\/o:p><\/span><\/div>\n<div class=\"\" style=\"text-align:justify;text-indent:35.4pt;tab-stops:111.0pt\" id=\"yui_3_16_0_1_1445344976403_2906\"><span style=\"font-size:12.0pt;line-height:115%;font-family:&quot;Arial&quot;,&quot;sans-serif&quot;\" id=\"yui_3_16_0_1_1445344976403_2908\" class=\"\"><o:p id=\"yui_3_16_0_1_1445344976403_2910\" class=\"\">&nbsp;<\/o:p><\/span><\/div>\n<div class=\"\" style=\"text-align:justify;text-indent:35.4pt;tab-stops:111.0pt\" id=\"yui_3_16_0_1_1445344976403_2912\"><b id=\"yui_3_16_0_1_1445344976403_2914\" class=\"\"><u id=\"yui_3_16_0_1_1445344976403_2916\" class=\"\"><span style=\"font-size:20.0pt;line-height:115%;font-family:&quot;Arial&quot;,&quot;sans-serif&quot;\" id=\"yui_3_16_0_1_1445344976403_2918\" class=\"\">DIVULGUEM ESSA COVARDIA:<\/span><\/u><\/b><span style=\"font-size:16.0pt;line-height:115%;font-family:&quot;Arial&quot;,&quot;sans-serif&quot;\" id=\"yui_3_16_0_1_1445344976403_2920\" class=\"\"> GOSTARIA  DE PEDIR A TODOS OS MEUS AMIGOS E LEITORES QUE TIRASSE UM TEMPINHO PARA LER A  PETI\u00c7\u00c3O P\u00daBLICA, AO QUAL SEGUE ABAIXO O LINK. TAL DOCUMENTO REFERE-SE A <b id=\"yui_3_16_0_1_1445344976403_2922\" class=\"\"><u id=\"yui_3_16_0_1_1445344976403_2924\" class=\"\">UM ATO DE COVARDIA POR PARTE DA  VOLKSWAGEN DO BRASIL EM COAUTORIA DA ABOLI\u00c7\u00c3O VE\u00cdCULOS (GRUPO AB)<\/u><\/b>  CONTRA ESTE VELHO JORNALISTA. A REFERIDA CONCESSION\u00c1RIA EST\u00c1 ME LESANDO DESDE  FEVEREIRO DE 2013. MEU CARRO FOI BATIDO DENTRO DA OFICINA, FURTARAM ACESS\u00d3RIOS,  TEM PROBLEMAS CAUSADOS POR ELES, AL\u00c9M DE DEFEITOS DE FABRICA\u00c7\u00c3O. O CARRO 0 KM  COMPRADO POR MIM HOJE SE ENCONTRA NA OFICINA DA ABOLI\u00c7\u00c3O VE\u00cdCULOS (CENTRO DE  NITER\u00d3I) <b id=\"yui_3_16_0_1_1445344976403_2926\" class=\"\"><u id=\"yui_3_16_0_1_1445344976403_2928\" class=\"\">DESDE 10 DE JUNHO DE 2013<\/u><\/b>,  OU SEJA, H\u00c1 <b id=\"yui_3_16_0_1_1445344976403_2930\" class=\"\"><u id=\"yui_3_16_0_1_1445344976403_2932\" class=\"\">28 MESES, OU SEJA, 2 ANOS  E QUATRO MESES.<\/u><\/b> <b id=\"yui_3_16_0_1_1445344976403_2934\" class=\"\"><u id=\"yui_3_16_0_1_1445344976403_2936\" class=\"\">TEM APENAS 729  KM RODADOS<\/u><\/b> PARA COMPROVAR O CALV\u00c1RIO TENHO DOCUMENTOS, GRAVA\u00c7\u00d5ES DE  AUDIO E V\u00cdDEO, MAIS DE 600 FOTOGRAFIAS E E-MAILS TROCADOS COM FUNCION\u00c1RIOS DO  BAIXO, M\u00c9DIO E ALTO ESCAL\u00c3O DA EMPRESA. POR FAVOR, ASSINEM O DOCUMENTO PARA QUE  OUTROS CONSUMIDORES N\u00c3O SEJAM LESADOS POR EMPRESAS DESTE N\u00cdVEL.&nbsp; <\/span><a href=\"https:\/\/secure.avaaz.org\/po\/petition\/Aos_Orgaos_de_Defesa_do_Consumidor_e_ao_Poder_Judiciario_JUSTICA_CONTRA_UMA_MARCA_E_SUA_REVENDERORA_QUE_DESCUMPREM_A_LEI\/?lJEcNfb&amp;pv=0\" id=\"yui_3_16_0_1_1445344976403_2938\" class=\"\"><span style=\"font-size:16.0pt;line-height:115%;font-family:&quot;Arial&quot;,&quot;sans-serif&quot;\" id=\"yui_3_16_0_1_1445344976403_2940\" class=\"\"><a href=\"https:\/\/secure.avaaz.org\/po\/petition\/Aos_Orgaos_de_Defesa_do_Consumidor_e_ao_Poder_Judiciario_JUSTICA_CONTRA_UMA_MARCA_E_SUA_REVENDERORA_QUE_DESCUMPREM_A_LEI\/?lJEcNfb&amp;pv=0\" >https:\/\/secure.avaaz.org\/po\/petition\/Aos_Orgaos_de_Defesa_do_Consumidor_e_ao_Poder_Judiciario_JUSTICA_CONTRA_UMA_MARCA_E_SUA_REVENDERORA_QUE_DESCUMPREM_A_LEI\/?lJEcNfb&amp;pv=0<\/a><\/span><\/a><span style=\"font-size:16.0pt;line-height:115%;font-family:&quot;Arial&quot;,&quot;sans-serif&quot;\" id=\"yui_3_16_0_1_1445344976403_2942\" class=\"\"><o:p id=\"yui_3_16_0_1_1445344976403_2944\" class=\"\"><\/o:p><\/span><\/div>\n<div class=\"\" style=\"text-align:justify;tab-stops:111.0pt\" id=\"yui_3_16_0_1_1445344976403_2946\"><span style=\"font-size:16.0pt;line-height:115%;font-family:&quot;Arial&quot;,&quot;sans-serif&quot;\" id=\"yui_3_16_0_1_1445344976403_2948\" class=\"\"><o:p id=\"yui_3_16_0_1_1445344976403_2950\" class=\"\">&nbsp;<\/o:p><\/span><\/div>\n<div class=\"\" style=\"text-align:justify;tab-stops:111.0pt\" id=\"yui_3_16_0_1_1445344976403_2952\"><b id=\"yui_3_16_0_1_1445344976403_2954\" class=\"\"><span style=\"font-size:16.0pt;line-height:115%;font-family:&quot;Arial&quot;,&quot;sans-serif&quot;\" id=\"yui_3_16_0_1_1445344976403_2956\" class=\"\">&nbsp;&nbsp;&nbsp;&nbsp;&nbsp;&nbsp;&nbsp;&nbsp;&nbsp;&nbsp;&nbsp;&nbsp;&nbsp;&nbsp;&nbsp;&nbsp;&nbsp;&nbsp;&nbsp;&nbsp;&nbsp;&nbsp;&nbsp;&nbsp; &nbsp;&nbsp;&nbsp;&nbsp;&nbsp;&nbsp; <o:p id=\"yui_3_16_0_1_1445344976403_2958\" class=\"\"><\/o:p><\/span><\/b><\/div>\n<div id=\"yui_3_16_0_1_1445344976403_2826\">                                            <\/div>\n<div class=\"\" style=\"text-align:justify\" dir=\"ltr\" id=\"yui_3_16_0_1_1445344976403_2960\"><b id=\"yui_3_16_0_1_1445344976403_2962\" class=\"\"><span style=\"font-size:14.0pt;line-height:115%;font-family:&quot;Arial&quot;,&quot;sans-serif&quot;\" id=\"yui_3_16_0_1_1445344976403_2964\" class=\"\">AP\u00d3S  AS TODAS AS PARTIDAS DO VASC\u00c3O EM MEU PERFIL DO FACEBOOK (QUEM QUISER RECEBER  AS CR\u00d4NICAS DE PRIMEIRA M\u00c3O \u00c9 S\u00d3 ME ADICIONAR), E NOS SITES WEBVASCO  (www.webvasco.com), E VASCA\u00cdNOS UNIDOS (www.vascainosunidos.com.br) TEM A  OPINI\u00c3O DO JORNALISTA LUIZ CARLOS ROCHA. LEIAM! COMPARTILHEM E CURTAM!  VASCA\u00cdNOS UNIDOS JAMAIS SER\u00c3O VENCIDOS.<o:p id=\"yui_3_16_0_1_1445344976403_2966\" class=\"\"><\/o:p><\/span><\/b><\/div>\n<div id=\"yui_3_16_0_1_1445344976403_2825\"><span><br \/><\/span><\/div>\n<div id=\"yui_3_16_0_1_1445344976403_2824\"><span><br \/><\/span><\/div>\n<div id=\"yui_3_16_0_1_1445344976403_2831\"><span><br \/><\/span><\/div>\n<div><\/div>\n<div id=\"yui_3_16_0_1_1445344976403_2771\">&nbsp;<\/div>\n<div class=\"signature\" id=\"yui_3_16_0_1_1445344976403_2778\">\n<div id=\"RTEContent\">\n<div id=\"yui_3_16_0_1_1445344976403_2777\">\n<div id=\"yui_3_16_0_1_1445344976403_2776\">\n<div id=\"yui_3_16_0_1_1445344976403_2775\">\n<div align=\"center\" id=\"yui_3_16_0_1_1445344976403_2774\"><\/div>\n<\/div>\n<\/div>\n<\/div>\n<\/div>\n<\/div>\n<\/div>\n<\/div>\n<p><\/p>\n","protected":false},"excerpt":{"rendered":"<p>Ao empatar por 2 a 2 com o S\u00e3o Paulo, domingo, no Morumbi, em partida&#8230;<\/p>\n","protected":false},"author":7,"featured_media":0,"comment_status":"open","ping_status":"closed","sticky":false,"template":"","format":"standard","meta":{"footnotes":""},"categories":[4],"tags":[],"class_list":["post-5764","post","type-post","status-publish","format-standard","hentry","category-luizcarlosrocha"],"_links":{"self":[{"href":"https:\/\/webvasco.com\/artigos\/wp-json\/wp\/v2\/posts\/5764","targetHints":{"allow":["GET"]}}],"collection":[{"href":"https:\/\/webvasco.com\/artigos\/wp-json\/wp\/v2\/posts"}],"about":[{"href":"https:\/\/webvasco.com\/artigos\/wp-json\/wp\/v2\/types\/post"}],"author":[{"embeddable":true,"href":"https:\/\/webvasco.com\/artigos\/wp-json\/wp\/v2\/users\/7"}],"replies":[{"embeddable":true,"href":"https:\/\/webvasco.com\/artigos\/wp-json\/wp\/v2\/comments?post=5764"}],"version-history":[{"count":0,"href":"https:\/\/webvasco.com\/artigos\/wp-json\/wp\/v2\/posts\/5764\/revisions"}],"wp:attachment":[{"href":"https:\/\/webvasco.com\/artigos\/wp-json\/wp\/v2\/media?parent=5764"}],"wp:term":[{"taxonomy":"category","embeddable":true,"href":"https:\/\/webvasco.com\/artigos\/wp-json\/wp\/v2\/categories?post=5764"},{"taxonomy":"post_tag","embeddable":true,"href":"https:\/\/webvasco.com\/artigos\/wp-json\/wp\/v2\/tags?post=5764"}],"curies":[{"name":"wp","href":"https:\/\/api.w.org\/{rel}","templated":true}]}}