{"id":5765,"date":"2015-10-25T21:04:29","date_gmt":"2015-10-26T00:04:29","guid":{"rendered":"http:\/\/webvasco.com\/artigos\/?p=5765"},"modified":"2015-10-25T21:07:59","modified_gmt":"2015-10-26T00:07:59","slug":"tudo-azul-preto-e-branco","status":"publish","type":"post","link":"https:\/\/webvasco.com\/artigos\/colunistas\/luizcarlosrocha\/tudo-azul-preto-e-branco\/","title":{"rendered":"TUDO AZUL, PRETO E BRANCO!"},"content":{"rendered":"<div>\n<div style=\"color:#000; background-color:#fff; font-family:HelveticaNeue-Light, Helvetica Neue Light, Helvetica Neue, Helvetica, Arial, Lucida Grande, sans-serif;font-size:32px\">\n<div class=\"\" style=\"text-align:justify;text-indent:35.4pt;tab-stops:111.0pt\" id=\"yui_3_16_0_1_1445817620865_2451\"><span style=\"font-size:12.0pt;line-height:115%;font-family:&quot;Arial&quot;,&quot;sans-serif&quot;\" id=\"yui_3_16_0_1_1445817620865_2453\" class=\"\">A  velha m\u00e1xima diz, que quando est\u00e1 tudo azul \u00e9 porque est\u00e1 tudo bem. Pois \u00e9.  Diante do ditado popular, \u00e9 correto afirmar, que a partida que marcou a 32\u00aa  Rodada do Campeonato Brasileiro, no Maracan\u00e3, entre Vasco da Gama e Gr\u00eamio,  hoje, o placar de 0 a 0 traduz a \u201cigualdade\u201d futebol\u00edstica. Vejamos a pequena  diferen\u00e7a:<o:p id=\"yui_3_16_0_1_1445817620865_2455\" class=\"\"><\/o:p><\/span><\/div>\n<div class=\"\" style=\"text-align:justify;text-indent:35.4pt;tab-stops:111.0pt\" id=\"yui_3_16_0_1_1445817620865_2457\"><span style=\"font-size:12.0pt;line-height:115%;font-family:&quot;Arial&quot;,&quot;sans-serif&quot;\" id=\"yui_3_16_0_1_1445817620865_2459\" class=\"\">Azul  dos ga\u00fachos e preto e branco dos cariocas. Por\u00e9m, o time do Sul do pa\u00eds \u00e9  composto das cores azul, preto e branco. Logo, o ciano que representa o porto-alegrense  n\u00e3o representa o carioca. J\u00e1 o alvi e o negro encenam ambas as equipes. Sendo,  que a situa\u00e7\u00e3o na tabela de classifica\u00e7\u00e3o da competi\u00e7\u00e3o supra \u00e9 completamente  distinta entre os times. Enquanto o Gr\u00eamio insiste em brigar por uma vaga no  G4, que dar\u00e1 direito de disputar a Libertadores em 2016, o Cruzmaltino luta  contra o rebaixamento para a S\u00e9rie B na pr\u00f3xima temporada.<o:p id=\"yui_3_16_0_1_1445817620865_2461\" class=\"\"><\/o:p><\/span><\/div>\n<div class=\"\" style=\"text-align:justify;text-indent:35.4pt;tab-stops:111.0pt\" id=\"yui_3_16_0_1_1445817620865_2463\"><span style=\"font-size:12.0pt;line-height:115%;font-family:&quot;Arial&quot;,&quot;sans-serif&quot;\" id=\"yui_3_16_0_1_1445817620865_2465\" class=\"\">O  resultado que foi ruim para os dois \u2013 pior para o Gigante da Colina \u2013 fez com  que o time de S\u00e3o Janu\u00e1rio continuasse a quatro pontos de separa\u00e7\u00e3o para a  primeira equipe fora da Zona Infernal, leia-se Z4, que \u00e9 o Ava\u00ed. O Vasco tem  apenas 30 pontos ganhos.<o:p id=\"yui_3_16_0_1_1445817620865_2467\" class=\"\"><\/o:p><\/span><\/div>\n<div class=\"\" style=\"text-align:justify;text-indent:35.4pt;tab-stops:111.0pt\" id=\"yui_3_16_0_1_1445817620865_2469\"><span style=\"font-size:12.0pt;line-height:115%;font-family:&quot;Arial&quot;,&quot;sans-serif&quot;\" id=\"yui_3_16_0_1_1445817620865_2471\" class=\"\">O  pr\u00f3ximo desafio do Gigante da Colina \u00e9 contra as Tricoletes, domingo, \u00e0s 18h,  no Engenh\u00e3o. N\u00e3o h\u00e1 outro resultado que interesse sen\u00e3o a vit\u00f3ria. Agora \u00e9 reta  final e apenas a soma de tr\u00eas em tr\u00eas pontos salvar\u00e1 o Vasc\u00e3o. A partida ser\u00e1  no primeiro dia de novembro, positivamente pode ser um indicativo. Afinal,  Outubro Rosa acabar\u00e1 e entrar\u00e1 Novembro Azul. Como futebol \u00e9 para homem&#8230;<o:p id=\"yui_3_16_0_1_1445817620865_2473\" class=\"\"><\/o:p><\/span><\/div>\n<div class=\"\" style=\"text-align:justify;text-indent:35.4pt;tab-stops:111.0pt\" id=\"yui_3_16_0_1_1445817620865_2475\"><span style=\"font-size:12.0pt;line-height:115%;font-family:&quot;Arial&quot;,&quot;sans-serif&quot;\" id=\"yui_3_16_0_1_1445817620865_2477\" class=\"\"><o:p id=\"yui_3_16_0_1_1445817620865_2479\" class=\"\">&nbsp;<\/o:p><\/span><\/div>\n<div class=\"\" style=\"text-align:justify;text-indent:35.4pt;tab-stops:111.0pt\" id=\"yui_3_16_0_1_1445817620865_2481\"><span style=\"font-size:12.0pt;line-height:115%;font-family:&quot;Arial&quot;,&quot;sans-serif&quot;\" id=\"yui_3_16_0_1_1445817620865_2483\" class=\"\"><o:p id=\"yui_3_16_0_1_1445817620865_2485\" class=\"\">&nbsp;<\/o:p><\/span><\/div>\n<div class=\"\" style=\"text-align:justify;text-indent:35.4pt;tab-stops:111.0pt\" id=\"yui_3_16_0_1_1445817620865_2487\"><span style=\"font-size:12.0pt;line-height:115%;font-family:&quot;Arial&quot;,&quot;sans-serif&quot;\" id=\"yui_3_16_0_1_1445817620865_2489\" class=\"\"><o:p id=\"yui_3_16_0_1_1445817620865_2491\" class=\"\">&nbsp;<\/o:p><\/span><\/div>\n<div class=\"\" style=\"text-align:justify;text-indent:35.4pt;tab-stops:111.0pt\" id=\"yui_3_16_0_1_1445817620865_2493\"><b id=\"yui_3_16_0_1_1445817620865_2495\" class=\"\"><u id=\"yui_3_16_0_1_1445817620865_2497\" class=\"\"><span style=\"font-size:20.0pt;line-height:115%;font-family:&quot;Arial&quot;,&quot;sans-serif&quot;\" id=\"yui_3_16_0_1_1445817620865_2499\" class=\"\">DIVULGUEM ESSA COVARDIA:<\/span><\/u><\/b><span style=\"font-size:16.0pt;line-height:115%;font-family:&quot;Arial&quot;,&quot;sans-serif&quot;\" id=\"yui_3_16_0_1_1445817620865_2501\" class=\"\"> GOSTARIA  DE PEDIR A TODOS OS MEUS AMIGOS E LEITORES QUE TIRASSE UM TEMPINHO PARA LER A  PETI\u00c7\u00c3O P\u00daBLICA, AO QUAL SEGUE ABAIXO O LINK. TAL DOCUMENTO REFERE-SE A <b id=\"yui_3_16_0_1_1445817620865_2503\" class=\"\"><u id=\"yui_3_16_0_1_1445817620865_2505\" class=\"\">UM ATO DE COVARDIA POR PARTE DA  VOLKSWAGEN DO BRASIL EM COAUTORIA DA ABOLI\u00c7\u00c3O VE\u00cdCULOS (GRUPO AB)<\/u><\/b>  CONTRA ESTE VELHO JORNALISTA. A REFERIDA CONCESSION\u00c1RIA EST\u00c1 ME LESANDO DESDE  FEVEREIRO DE 2013. MEU CARRO FOI BATIDO DENTRO DA OFICINA, FURTARAM ACESS\u00d3RIOS,  TEM PROBLEMAS CAUSADOS POR ELES, AL\u00c9M DE DEFEITOS DE FABRICA\u00c7\u00c3O. O CARRO 0 KM  COMPRADO POR MIM HOJE SE ENCONTRA NA OFICINA DA ABOLI\u00c7\u00c3O VE\u00cdCULOS (CENTRO DE  NITER\u00d3I) <b id=\"yui_3_16_0_1_1445817620865_2507\" class=\"\"><u id=\"yui_3_16_0_1_1445817620865_2509\" class=\"\">DESDE 10 DE JUNHO DE 2013<\/u><\/b>,  OU SEJA, H\u00c1 <b id=\"yui_3_16_0_1_1445817620865_2511\" class=\"\"><u id=\"yui_3_16_0_1_1445817620865_2513\" class=\"\">28 MESES, OU SEJA, 2 ANOS  E QUATRO MESES.<\/u><\/b> <b id=\"yui_3_16_0_1_1445817620865_2515\" class=\"\"><u id=\"yui_3_16_0_1_1445817620865_2517\" class=\"\">TEM APENAS 729  KM RODADOS<\/u><\/b> PARA COMPROVAR O CALV\u00c1RIO TENHO DOCUMENTOS, GRAVA\u00c7\u00d5ES DE  AUDIO E V\u00cdDEO, MAIS DE 600 FOTOGRAFIAS E E-MAILS TROCADOS COM FUNCION\u00c1RIOS DO  BAIXO, M\u00c9DIO E ALTO ESCAL\u00c3O DA EMPRESA. POR FAVOR, ASSINEM O DOCUMENTO PARA QUE  OUTROS CONSUMIDORES N\u00c3O SEJAM LESADOS POR EMPRESAS DESTE N\u00cdVEL.&nbsp; <\/span><a href=\"https:\/\/secure.avaaz.org\/po\/petition\/Aos_Orgaos_de_Defesa_do_Consumidor_e_ao_Poder_Judiciario_JUSTICA_CONTRA_UMA_MARCA_E_SUA_REVENDERORA_QUE_DESCUMPREM_A_LEI\/?lJEcNfb&amp;pv=0\" id=\"yui_3_16_0_1_1445817620865_2519\" class=\"\"><span style=\"font-size:16.0pt;line-height:115%;font-family:&quot;Arial&quot;,&quot;sans-serif&quot;\" id=\"yui_3_16_0_1_1445817620865_2521\" class=\"\"><a href=\"https:\/\/secure.avaaz.org\/po\/petition\/Aos_Orgaos_de_Defesa_do_Consumidor_e_ao_Poder_Judiciario_JUSTICA_CONTRA_UMA_MARCA_E_SUA_REVENDERORA_QUE_DESCUMPREM_A_LEI\/?lJEcNfb&amp;pv=0\" >https:\/\/secure.avaaz.org\/po\/petition\/Aos_Orgaos_de_Defesa_do_Consumidor_e_ao_Poder_Judiciario_JUSTICA_CONTRA_UMA_MARCA_E_SUA_REVENDERORA_QUE_DESCUMPREM_A_LEI\/?lJEcNfb&amp;pv=0<\/a><\/span><\/a><span style=\"font-size:16.0pt;line-height:115%;font-family:&quot;Arial&quot;,&quot;sans-serif&quot;\" id=\"yui_3_16_0_1_1445817620865_2523\" class=\"\"><o:p id=\"yui_3_16_0_1_1445817620865_2525\" class=\"\"><\/o:p><\/span><\/div>\n<div class=\"\" style=\"text-align:justify;tab-stops:111.0pt\" id=\"yui_3_16_0_1_1445817620865_2527\"><span style=\"font-size:16.0pt;line-height:115%;font-family:&quot;Arial&quot;,&quot;sans-serif&quot;\" id=\"yui_3_16_0_1_1445817620865_2529\" class=\"\"><o:p id=\"yui_3_16_0_1_1445817620865_2531\" class=\"\">&nbsp;<\/o:p><\/span><\/div>\n<div class=\"\" style=\"text-align:justify;tab-stops:111.0pt\" id=\"yui_3_16_0_1_1445817620865_2533\"><b id=\"yui_3_16_0_1_1445817620865_2535\" class=\"\"><span style=\"font-size:16.0pt;line-height:115%;font-family:&quot;Arial&quot;,&quot;sans-serif&quot;\" id=\"yui_3_16_0_1_1445817620865_2537\" class=\"\">&nbsp;&nbsp;&nbsp;&nbsp;&nbsp;&nbsp;&nbsp;&nbsp;&nbsp;&nbsp;&nbsp;&nbsp;&nbsp;&nbsp;&nbsp;&nbsp;&nbsp;&nbsp;&nbsp;&nbsp;&nbsp;&nbsp;&nbsp;&nbsp; &nbsp;&nbsp;&nbsp;&nbsp;&nbsp;&nbsp; <o:p id=\"yui_3_16_0_1_1445817620865_2539\" class=\"\"><\/o:p><\/span><\/b><\/div>\n<div id=\"yui_3_16_0_1_1445817620865_2352\">                                        <\/div>\n<div class=\"\" style=\"text-align:justify\" id=\"yui_3_16_0_1_1445817620865_2449\" dir=\"ltr\"><b id=\"yui_3_16_0_1_1445817620865_2448\" class=\"\"><span style=\"font-size:14.0pt;line-height:115%;font-family:&quot;Arial&quot;,&quot;sans-serif&quot;\" id=\"yui_3_16_0_1_1445817620865_2447\" class=\"\">AP\u00d3S  AS TODAS AS PARTIDAS DO VASC\u00c3O EM MEU PERFIL DO FACEBOOK (QUEM QUISER RECEBER  AS CR\u00d4NICAS DE PRIMEIRA M\u00c3O \u00c9 S\u00d3 ME ADICIONAR), E NOS SITES WEBVASCO  (www.webvasco.com), E VASCA\u00cdNOS UNIDOS (www.vascainosunidos.com.br) TEM A  OPINI\u00c3O DO JORNALISTA LUIZ CARLOS ROCHA. LEIAM! COMPARTILHEM E CURTAM!  VASCA\u00cdNOS UNIDOS JAMAIS SER\u00c3O VENCIDOS.<o:p id=\"yui_3_16_0_1_1445817620865_2544\" class=\"\"><\/o:p><\/span><\/b><\/div>\n<div id=\"yui_3_16_0_1_1445817620865_2352\"><span><br \/><\/span><\/div>\n<div id=\"yui_3_16_0_1_1445817620865_2352\"><span><br \/><\/span><\/div>\n<div id=\"yui_3_16_0_1_1445817620865_2352\"><span><br \/><\/span><\/div>\n<div><\/div>\n<div id=\"yui_3_16_0_1_1445817620865_2353\">&nbsp;<\/div>\n<div class=\"signature\" id=\"yui_3_16_0_1_1445817620865_2360\">\n<div id=\"RTEContent\">\n<div id=\"yui_3_16_0_1_1445817620865_2359\">\n<div id=\"yui_3_16_0_1_1445817620865_2358\">\n<div id=\"yui_3_16_0_1_1445817620865_2357\">\n<div align=\"center\" id=\"yui_3_16_0_1_1445817620865_2356\"><\/div>\n<\/div>\n<\/div>\n<\/div>\n<\/div>\n<\/div>\n<\/div>\n<\/div>\n<p><\/p>\n","protected":false},"excerpt":{"rendered":"<p>A velha m\u00e1xima diz, que quando est\u00e1 tudo azul \u00e9 porque est\u00e1 tudo bem. Pois&#8230;<\/p>\n","protected":false},"author":7,"featured_media":0,"comment_status":"open","ping_status":"closed","sticky":false,"template":"","format":"standard","meta":{"footnotes":""},"categories":[4],"tags":[],"class_list":["post-5765","post","type-post","status-publish","format-standard","hentry","category-luizcarlosrocha"],"_links":{"self":[{"href":"https:\/\/webvasco.com\/artigos\/wp-json\/wp\/v2\/posts\/5765","targetHints":{"allow":["GET"]}}],"collection":[{"href":"https:\/\/webvasco.com\/artigos\/wp-json\/wp\/v2\/posts"}],"about":[{"href":"https:\/\/webvasco.com\/artigos\/wp-json\/wp\/v2\/types\/post"}],"author":[{"embeddable":true,"href":"https:\/\/webvasco.com\/artigos\/wp-json\/wp\/v2\/users\/7"}],"replies":[{"embeddable":true,"href":"https:\/\/webvasco.com\/artigos\/wp-json\/wp\/v2\/comments?post=5765"}],"version-history":[{"count":0,"href":"https:\/\/webvasco.com\/artigos\/wp-json\/wp\/v2\/posts\/5765\/revisions"}],"wp:attachment":[{"href":"https:\/\/webvasco.com\/artigos\/wp-json\/wp\/v2\/media?parent=5765"}],"wp:term":[{"taxonomy":"category","embeddable":true,"href":"https:\/\/webvasco.com\/artigos\/wp-json\/wp\/v2\/categories?post=5765"},{"taxonomy":"post_tag","embeddable":true,"href":"https:\/\/webvasco.com\/artigos\/wp-json\/wp\/v2\/tags?post=5765"}],"curies":[{"name":"wp","href":"https:\/\/api.w.org\/{rel}","templated":true}]}}