{"id":5766,"date":"2015-11-02T14:10:06","date_gmt":"2015-11-02T17:10:06","guid":{"rendered":"http:\/\/webvasco.com\/artigos\/?p=5766"},"modified":"2015-11-02T14:17:01","modified_gmt":"2015-11-02T17:17:01","slug":"download","status":"publish","type":"post","link":"https:\/\/webvasco.com\/artigos\/colunistas\/luizcarlosrocha\/download\/","title":{"rendered":"DOWNLOAD!"},"content":{"rendered":"<div>\n<div style=\"color:#000; background-color:#fff; font-family:HelveticaNeue-Light, Helvetica Neue Light, Helvetica Neue, Helvetica, Arial, Lucida Grande, sans-serif;font-size:32px\">\n<div class=\"\" style=\"text-align:justify;text-indent:35.4pt;tab-stops:111.0pt\" id=\"yui_3_16_0_1_1446484082754_2416\"><span style=\"font-size:12.0pt;line-height:115%;font-family:&quot;Arial&quot;,&quot;sans-serif&quot;\" id=\"yui_3_16_0_1_1446484082754_2418\" class=\"\">Depois  do terr\u00edvel resultado, ontem, da 33\u00aa Rodada do Campeonato Brasileiro, na qual  as Tricoletes venceram os Vasca\u00ednos, pelo magro placar de 1 a 0, gol de Gerson,  aos 47 minutos da etapa vestibular, o Cruzmaltino acelerou ainda mais o seu  download para a S\u00e9rie B da competi\u00e7\u00e3o.<o:p id=\"yui_3_16_0_1_1446484082754_2420\" class=\"\"><\/o:p><\/span><\/div>\n<div class=\"\" style=\"text-align:justify;text-indent:35.4pt;tab-stops:111.0pt\" id=\"yui_3_16_0_1_1446484082754_2422\"><span style=\"font-size:12.0pt;line-height:115%;font-family:&quot;Arial&quot;,&quot;sans-serif&quot;\" id=\"yui_3_16_0_1_1446484082754_2424\" class=\"\">Com  apenas 30 pontos ganhos na tabela de classifica\u00e7\u00e3o, durante todo o desenrolar  do Brasileir\u00e3o, o Vasco da Gama agora tem 96% de chance de cair para a  Segundona. \u00c9 quase certo. Quest\u00e3o de tempo.<o:p id=\"yui_3_16_0_1_1446484082754_2426\" class=\"\"><\/o:p><\/span><\/div>\n<div class=\"\" style=\"text-align:justify;text-indent:35.4pt;tab-stops:111.0pt\" id=\"yui_3_16_0_1_1446484082754_2428\"><span style=\"font-size:12.0pt;line-height:115%;font-family:&quot;Arial&quot;,&quot;sans-serif&quot;\" id=\"yui_3_16_0_1_1446484082754_2430\" class=\"\">O  pior de tudo \u00e9 saber que as partidas que faltam para o t\u00e9rmino do sofrido e sem  respeito campeonato ser\u00e1 contra times fortes. O Pr\u00f3ximo jogo, dia 08 de  novembro, o Vasco visitar\u00e1 o Palmeiras (finalista da Copa do Brasil), no  Allianz Parque. Depois, como mandante receber\u00e1 em casa, o Campe\u00e3o Brasileiro,  pegar\u00e1 os Gamb\u00e1s (dia 18).<o:p id=\"yui_3_16_0_1_1446484082754_2432\" class=\"\"><\/o:p><\/span><\/div>\n<div class=\"\" style=\"text-align:justify;text-indent:35.4pt;tab-stops:111.0pt\" id=\"yui_3_16_0_1_1446484082754_2434\"><span style=\"font-size:12.0pt;line-height:115%;font-family:&quot;Arial&quot;,&quot;sans-serif&quot;\" id=\"yui_3_16_0_1_1446484082754_2436\" class=\"\">Em  partida de seis pontos, dia 21 de novembro, pela 36\u00aa Rodada, enfrentar\u00e1 o Joinville,  no reduto deles. Ser\u00e1 o pen\u00faltimo, contra o lanterna da competi\u00e7\u00e3o. Uma semana  depois, em S\u00e3o Janu\u00e1rio a luta contra o outro finalista da Copa do Brasil. O  Santos ser\u00e1 franco favorito.<o:p id=\"yui_3_16_0_1_1446484082754_2438\" class=\"\"><\/o:p><\/span><\/div>\n<div class=\"\" style=\"text-align:justify;text-indent:35.4pt;tab-stops:111.0pt\" id=\"yui_3_16_0_1_1446484082754_2440\"><span style=\"font-size:12.0pt;line-height:115%;font-family:&quot;Arial&quot;,&quot;sans-serif&quot;\" id=\"yui_3_16_0_1_1446484082754_2442\" class=\"\">Na  \u00faltima rodada, 38\u00aa, o Gigante da Colina, at\u00e9 l\u00e1 An\u00e3o do Morrinho, ir\u00e1 at\u00e9  Curitiba, enfrentar o Coxa Branca. Neste dia, 06 de dezembro ser\u00e1 decretado  oficialmente o rebaixamento do Vasco da Gama, pela terceira vez, em oito anos.  Espero que em 2016 possamos ter RESPEITO DE VERDADE! <o:p id=\"yui_3_16_0_1_1446484082754_2444\" class=\"\"><\/o:p><\/span><\/div>\n<div class=\"\" style=\"text-align:justify;text-indent:35.4pt;tab-stops:111.0pt\" id=\"yui_3_16_0_1_1446484082754_2446\"><span style=\"font-size:12.0pt;line-height:115%;font-family:&quot;Arial&quot;,&quot;sans-serif&quot;\" id=\"yui_3_16_0_1_1446484082754_2448\" class=\"\"><o:p id=\"yui_3_16_0_1_1446484082754_2450\" class=\"\">&nbsp;<\/o:p><\/span><\/div>\n<div class=\"\" style=\"text-align:justify;text-indent:35.4pt;tab-stops:111.0pt\" id=\"yui_3_16_0_1_1446484082754_2452\"><span style=\"font-size:12.0pt;line-height:115%;font-family:&quot;Arial&quot;,&quot;sans-serif&quot;\" id=\"yui_3_16_0_1_1446484082754_2454\" class=\"\"><o:p id=\"yui_3_16_0_1_1446484082754_2456\" class=\"\">&nbsp;<\/o:p><\/span><\/div>\n<div class=\"\" style=\"text-align:justify;text-indent:35.4pt;tab-stops:111.0pt\" id=\"yui_3_16_0_1_1446484082754_2458\"><b id=\"yui_3_16_0_1_1446484082754_2460\" class=\"\"><u id=\"yui_3_16_0_1_1446484082754_2462\" class=\"\"><span style=\"font-size:20.0pt;line-height:115%;font-family:&quot;Arial&quot;,&quot;sans-serif&quot;\" id=\"yui_3_16_0_1_1446484082754_2464\" class=\"\">DIVULGUEM ESSA COVARDIA:<\/span><\/u><\/b><span style=\"font-size:16.0pt;line-height:115%;font-family:&quot;Arial&quot;,&quot;sans-serif&quot;\" id=\"yui_3_16_0_1_1446484082754_2466\" class=\"\"> GOSTARIA  DE PEDIR A TODOS OS MEUS AMIGOS E LEITORES QUE TIRASSE UM TEMPINHO PARA LER A  PETI\u00c7\u00c3O P\u00daBLICA, AO QUAL SEGUE ABAIXO O LINK. TAL DOCUMENTO REFERE-SE A <b id=\"yui_3_16_0_1_1446484082754_2468\" class=\"\"><u id=\"yui_3_16_0_1_1446484082754_2470\" class=\"\">UM ATO DE COVARDIA POR PARTE DA  VOLKSWAGEN DO BRASIL EM COAUTORIA DA ABOLI\u00c7\u00c3O VE\u00cdCULOS (GRUPO AB)<\/u><\/b>  CONTRA ESTE VELHO JORNALISTA. A REFERIDA CONCESSION\u00c1RIA EST\u00c1 ME LESANDO DESDE  FEVEREIRO DE 2013. MEU CARRO FOI BATIDO DENTRO DA OFICINA, FURTARAM ACESS\u00d3RIOS,  TEM PROBLEMAS CAUSADOS POR ELES, AL\u00c9M DE DEFEITOS DE FABRICA\u00c7\u00c3O. O CARRO 0 KM  COMPRADO POR MIM HOJE SE ENCONTRA NA OFICINA DA ABOLI\u00c7\u00c3O VE\u00cdCULOS (CENTRO DE  NITER\u00d3I) <b id=\"yui_3_16_0_1_1446484082754_2472\" class=\"\"><u id=\"yui_3_16_0_1_1446484082754_2474\" class=\"\">DESDE 10 DE JUNHO DE 2013<\/u><\/b>,  OU SEJA, H\u00c1 <b id=\"yui_3_16_0_1_1446484082754_2476\" class=\"\"><u id=\"yui_3_16_0_1_1446484082754_2478\" class=\"\">28 MESES, OU SEJA, 2 ANOS  E QUATRO MESES.<\/u><\/b> <b id=\"yui_3_16_0_1_1446484082754_2480\" class=\"\"><u id=\"yui_3_16_0_1_1446484082754_2482\" class=\"\">TEM APENAS 729  KM RODADOS<\/u><\/b> PARA COMPROVAR O CALV\u00c1RIO TENHO DOCUMENTOS, GRAVA\u00c7\u00d5ES DE  AUDIO E V\u00cdDEO, MAIS DE 600 FOTOGRAFIAS E E-MAILS TROCADOS COM FUNCION\u00c1RIOS DO  BAIXO, M\u00c9DIO E ALTO ESCAL\u00c3O DA EMPRESA. POR FAVOR, ASSINEM O DOCUMENTO PARA QUE  OUTROS CONSUMIDORES N\u00c3O SEJAM LESADOS POR EMPRESAS DESTE N\u00cdVEL.&nbsp; <\/span><a href=\"https:\/\/secure.avaaz.org\/po\/petition\/Aos_Orgaos_de_Defesa_do_Consumidor_e_ao_Poder_Judiciario_JUSTICA_CONTRA_UMA_MARCA_E_SUA_REVENDERORA_QUE_DESCUMPREM_A_LEI\/?lJEcNfb&amp;pv=0\" id=\"yui_3_16_0_1_1446484082754_2484\" class=\"\"><span style=\"font-size:16.0pt;line-height:115%;font-family:&quot;Arial&quot;,&quot;sans-serif&quot;\" id=\"yui_3_16_0_1_1446484082754_2486\" class=\"\"><a href=\"https:\/\/secure.avaaz.org\/po\/petition\/Aos_Orgaos_de_Defesa_do_Consumidor_e_ao_Poder_Judiciario_JUSTICA_CONTRA_UMA_MARCA_E_SUA_REVENDERORA_QUE_DESCUMPREM_A_LEI\/?lJEcNfb&amp;pv=0\" >https:\/\/secure.avaaz.org\/po\/petition\/Aos_Orgaos_de_Defesa_do_Consumidor_e_ao_Poder_Judiciario_JUSTICA_CONTRA_UMA_MARCA_E_SUA_REVENDERORA_QUE_DESCUMPREM_A_LEI\/?lJEcNfb&amp;pv=0<\/a><\/span><\/a><span style=\"font-size:16.0pt;line-height:115%;font-family:&quot;Arial&quot;,&quot;sans-serif&quot;\" id=\"yui_3_16_0_1_1446484082754_2488\" class=\"\"><o:p id=\"yui_3_16_0_1_1446484082754_2490\" class=\"\"><\/o:p><\/span><\/div>\n<div class=\"\" style=\"text-align:justify;tab-stops:111.0pt\" id=\"yui_3_16_0_1_1446484082754_2492\"><span style=\"font-size:16.0pt;line-height:115%;font-family:&quot;Arial&quot;,&quot;sans-serif&quot;\" id=\"yui_3_16_0_1_1446484082754_2494\" class=\"\"><o:p id=\"yui_3_16_0_1_1446484082754_2496\" class=\"\">&nbsp;<\/o:p><\/span><\/div>\n<div class=\"\" style=\"text-align:justify;tab-stops:111.0pt\" id=\"yui_3_16_0_1_1446484082754_2498\"><b id=\"yui_3_16_0_1_1446484082754_2500\" class=\"\"><span style=\"font-size:16.0pt;line-height:115%;font-family:&quot;Arial&quot;,&quot;sans-serif&quot;\" id=\"yui_3_16_0_1_1446484082754_2502\" class=\"\">&nbsp;&nbsp;&nbsp;&nbsp;&nbsp;&nbsp;&nbsp;&nbsp;&nbsp;&nbsp;&nbsp;&nbsp;&nbsp;&nbsp;&nbsp;&nbsp;&nbsp;&nbsp;&nbsp;&nbsp;&nbsp;&nbsp;&nbsp;&nbsp; &nbsp;&nbsp;&nbsp;&nbsp;&nbsp;&nbsp; <o:p id=\"yui_3_16_0_1_1446484082754_2504\" class=\"\"><\/o:p><\/span><\/b><\/div>\n<div id=\"yui_3_16_0_1_1446484082754_2277\">                                        <\/div>\n<div class=\"\" style=\"text-align:justify\" id=\"yui_3_16_0_1_1446484082754_2414\" dir=\"ltr\"><b id=\"yui_3_16_0_1_1446484082754_2413\" class=\"\"><span style=\"font-size:14.0pt;line-height:115%;font-family:&quot;Arial&quot;,&quot;sans-serif&quot;\" id=\"yui_3_16_0_1_1446484082754_2412\" class=\"\">AP\u00d3S  AS TODAS AS PARTIDAS DO VASC\u00c3O EM MEU PERFIL DO FACEBOOK (QUEM QUISER RECEBER  AS CR\u00d4NICAS DE PRIMEIRA M\u00c3O \u00c9 S\u00d3 ME ADICIONAR), E NOS SITES WEBVASCO  (www.webvasco.com), E VASCA\u00cdNOS UNIDOS (www.vascainosunidos.com.br) TEM A  OPINI\u00c3O DO JORNALISTA LUIZ CARLOS ROCHA. LEIAM! COMPARTILHEM E CURTAM!  VASCA\u00cdNOS UNIDOS JAMAIS SER\u00c3O VENCIDOS.<o:p id=\"yui_3_16_0_1_1446484082754_2509\" class=\"\"><\/o:p><\/span><\/b><\/div>\n<div id=\"yui_3_16_0_1_1446484082754_2277\"><span><br \/><\/span><\/div>\n<div id=\"yui_3_16_0_1_1446484082754_2277\"><span><br \/><\/span><\/div>\n<div><\/div>\n<div id=\"yui_3_16_0_1_1446484082754_2278\">&nbsp;<\/div>\n<div class=\"signature\" id=\"yui_3_16_0_1_1446484082754_2286\">\n<div id=\"RTEContent\">\n<div id=\"yui_3_16_0_1_1446484082754_2285\">\n<div id=\"yui_3_16_0_1_1446484082754_2284\">\n<div id=\"yui_3_16_0_1_1446484082754_2283\">\n<div align=\"center\" id=\"yui_3_16_0_1_1446484082754_2282\"><\/div>\n<div align=\"center\" id=\"yui_3_16_0_1_1446484082754_2303\">\n<div align=\"center\" id=\"yui_3_16_0_1_1446484082754_2347\">&nbsp;<\/div>\n<div align=\"center\" id=\"yui_3_16_0_1_1446484082754_2348\">&nbsp;<\/div>\n<\/div>\n<div align=\"center\" id=\"yui_3_16_0_1_1446484082754_2333\"><\/div>\n<\/div>\n<\/div>\n<\/div>\n<\/div>\n<\/div>\n<\/div>\n<\/div>\n<p><\/p>\n","protected":false},"excerpt":{"rendered":"<p>Depois do terr\u00edvel resultado, ontem, da 33\u00aa Rodada do Campeonato Brasileiro, na qual as Tricoletes&#8230;<\/p>\n","protected":false},"author":7,"featured_media":0,"comment_status":"open","ping_status":"closed","sticky":false,"template":"","format":"standard","meta":{"footnotes":""},"categories":[4],"tags":[],"class_list":["post-5766","post","type-post","status-publish","format-standard","hentry","category-luizcarlosrocha"],"_links":{"self":[{"href":"https:\/\/webvasco.com\/artigos\/wp-json\/wp\/v2\/posts\/5766","targetHints":{"allow":["GET"]}}],"collection":[{"href":"https:\/\/webvasco.com\/artigos\/wp-json\/wp\/v2\/posts"}],"about":[{"href":"https:\/\/webvasco.com\/artigos\/wp-json\/wp\/v2\/types\/post"}],"author":[{"embeddable":true,"href":"https:\/\/webvasco.com\/artigos\/wp-json\/wp\/v2\/users\/7"}],"replies":[{"embeddable":true,"href":"https:\/\/webvasco.com\/artigos\/wp-json\/wp\/v2\/comments?post=5766"}],"version-history":[{"count":0,"href":"https:\/\/webvasco.com\/artigos\/wp-json\/wp\/v2\/posts\/5766\/revisions"}],"wp:attachment":[{"href":"https:\/\/webvasco.com\/artigos\/wp-json\/wp\/v2\/media?parent=5766"}],"wp:term":[{"taxonomy":"category","embeddable":true,"href":"https:\/\/webvasco.com\/artigos\/wp-json\/wp\/v2\/categories?post=5766"},{"taxonomy":"post_tag","embeddable":true,"href":"https:\/\/webvasco.com\/artigos\/wp-json\/wp\/v2\/tags?post=5766"}],"curies":[{"name":"wp","href":"https:\/\/api.w.org\/{rel}","templated":true}]}}