{"id":5767,"date":"2015-11-08T21:27:06","date_gmt":"2015-11-09T00:27:06","guid":{"rendered":"http:\/\/webvasco.com\/artigos\/?p=5767"},"modified":"2015-11-08T21:45:02","modified_gmt":"2015-11-09T00:45:02","slug":"avisa-pro-jesus-que-deus-vascano","status":"publish","type":"post","link":"https:\/\/webvasco.com\/artigos\/colunistas\/luizcarlosrocha\/avisa-pro-jesus-que-deus-vascano\/","title":{"rendered":"AVISA PRO JESUS QUE DEUS &Eacute; VASCA&Iacute;NO!"},"content":{"rendered":"<div>\n<div style=\"color:#000; background-color:#fff; font-family:HelveticaNeue-Light, Helvetica Neue Light, Helvetica Neue, Helvetica, Arial, Lucida Grande, sans-serif;font-size:32px\">\n<div class=\"\" style=\"text-align:justify;text-indent:35.4pt;tab-stops:111.0pt\" id=\"yui_3_16_0_1_1447028721367_2387\"><span style=\"font-size:12.0pt;line-height:115%;font-family:&quot;Arial&quot;,&quot;sans-serif&quot;\" id=\"yui_3_16_0_1_1447028721367_2389\" class=\"\">Era  uma partida que o empate prejudicaria ambos. De um lado o Palmeiras vestia a  tradicional camisa verde, da esperan\u00e7a. Do outro o Vasco tinha no peito do  uniforme a Cruz de Cristo, que muitos chamam erroneamente de Cruz de Malta. Era  tudo quest\u00e3o de cren\u00e7a, ou melhor, de hierarquia! O time de S\u00e3o Janu\u00e1rio (Santo  de contexto no segmento celestial) foi at\u00e9 a Arena Palmeiras para provar que  Deus \u00e9 vasca\u00edno. Com gols de Rafael Silva e Nen\u00ea, ainda na etapa inicial o time  da virada e do amor dominou durante os 90 minutos e trouxe de S\u00e3o Paulo os tr\u00eas  important\u00edssimos pontos.<o:p id=\"yui_3_16_0_1_1447028721367_2391\" class=\"\"><\/o:p><\/span><\/div>\n<div class=\"\" style=\"text-align:justify;text-indent:35.4pt;tab-stops:111.0pt\" id=\"yui_3_16_0_1_1447028721367_2393\"><span style=\"font-size:12.0pt;line-height:115%;font-family:&quot;Arial&quot;,&quot;sans-serif&quot;\" id=\"yui_3_16_0_1_1447028721367_2395\" class=\"\">Agora  o Vasco tem 33 pontos ganhos na tabela de classifica\u00e7\u00e3o do Campeonato  Brasileiro. A vit\u00f3ria aliada a outros resultados da 34\u00aa Rodada ajudaram o  Gigante da Colina subir de \u00faltimo para pen\u00faltimo no ranking desta edi\u00e7\u00e3o. J\u00e1 no  pr\u00f3ximo embate, diante do Corinthians, dia 19 de novembro, \u00e0s 22h, em casa, o  Vasco da Gama poder\u00e1 deixar a Zona Maldita!<o:p id=\"yui_3_16_0_1_1447028721367_2397\" class=\"\"><\/o:p><\/span><\/div>\n<div class=\"\" style=\"text-align:justify;text-indent:35.4pt;tab-stops:111.0pt\" id=\"yui_3_16_0_1_1447028721367_2399\"><span style=\"font-size:12.0pt;line-height:115%;font-family:&quot;Arial&quot;,&quot;sans-serif&quot;\" id=\"yui_3_16_0_1_1447028721367_2401\" class=\"\">O  caminho \u00e9 \u00e1rduo, temos de ter f\u00e9! Depois dos Gamb\u00e1s, teremos pela frente Joinville,  l\u00e1, dia 21 de novembro. Esta partida valer\u00e1 seis pontos, uma vez, que o time  catarinense tamb\u00e9m deseja permanecer na Elite do Futebol, e atualmente ocupa a  lanterna do Brasileir\u00e3o. Uma semana depois, dia 28, o Vasc\u00e3o receber\u00e1 o Santos,  na Colina Hist\u00f3rica. Se garantir a vaga para a Copa Libertadores, em 2016, pela  Copa do Brasil poder\u00e1 ser uma disputa mais branda.<o:p id=\"yui_3_16_0_1_1447028721367_2403\" class=\"\"><\/o:p><\/span><\/div>\n<div class=\"\" style=\"text-align:justify;text-indent:35.4pt;tab-stops:111.0pt\" id=\"yui_3_16_0_1_1447028721367_2405\"><span style=\"font-size:12.0pt;line-height:115%;font-family:&quot;Arial&quot;,&quot;sans-serif&quot;\" id=\"yui_3_16_0_1_1447028721367_2407\" class=\"\">Para  finalizar esse turbulento Campeonato Brasileiro, na qual todo vasca\u00edno deseja  esquecer, enfrentaremos, em Curitiba\/PR, o Coxa Branca, dia 06 de dezembro, que  dependendo da situa\u00e7\u00e3o poder\u00e1 j\u00e1 estar matematicamente rebaixado, mas n\u00e3o quer  dizer que dar\u00e1 qualquer tipo de favorecimento a Jorginho e Cia. Moral da  hist\u00f3ria do jogo de hoje: o Palmeiras estava pr\u00f3ximo do C\u00e9u (topo da tabela) e  contava com Gabriel Jesus para ver os anjinhos mais de perto. Por\u00e9m, o Vasco  que est\u00e1 no inferno (Zona de rebaixamento), resolveu n\u00e3o abra\u00e7ar o capeta,  acreditou na equipe e contou com a ajuda Divina para atropelar o Porco. Afinal,  Deus \u00e9 vasca\u00edno e marcou seu time colocando uma Cruz pr\u00f3xima ao cora\u00e7\u00e3o de seus  jogadores!<o:p id=\"yui_3_16_0_1_1447028721367_2409\" class=\"\"><\/o:p><\/span><\/div>\n<div class=\"\" style=\"text-align:justify;text-indent:35.4pt;tab-stops:111.0pt\" id=\"yui_3_16_0_1_1447028721367_2411\"><b id=\"yui_3_16_0_1_1447028721367_2413\" class=\"\"><u id=\"yui_3_16_0_1_1447028721367_2415\" class=\"\"><span style=\"font-size:14.0pt;line-height:115%;font-family:&quot;Arial&quot;,&quot;sans-serif&quot;\" id=\"yui_3_16_0_1_1447028721367_2417\" class=\"\">LUTO<\/span><\/u><\/b><span style=\"font-size:14.0pt;line-height:115%;font-family:&quot;Arial&quot;,&quot;sans-serif&quot;\" id=\"yui_3_16_0_1_1447028721367_2419\" class=\"\">: O  Nobre vasca\u00edno M\u00e1rio Monteiro da Silva Pedro, pai do meu Amigo, S\u00f3cio e Tio de  Loja (.:) Andr\u00e9 Pedro e tamb\u00e9m do meu Amigo Marcelo Paiva nos deixou no \u00faltimo  dia 02 de novembro. Seu corpo foi sepultado no Cemit\u00e9rio Memorial do Carmo,  aonde houve uma justa homenagem pelos presentes que colocaram a bandeira  vasca\u00edna (e a de Portugal) em cima da urna. Just\u00edssimo! Seu M\u00e1rio era um  cidad\u00e3o de grande valor \u00e9tico. Agregador, carism\u00e1tico, gentil e educado. O  ilustre torcedor pregava a filosofia da coes\u00e3o dentro e fora do clube. Este  ilustre s\u00f3cio remido (desde 1971, ano em que nasci) pregava a uni\u00e3o entre as  diversas correntes pol\u00edticas dentro do clube. Ele dizia que a \u00fanica salva\u00e7\u00e3o  para o Vasco era a uni\u00e3o entre seus homens fortes. Tenho a m\u00e1xima certeza que o  C\u00e9u ganhou uma estrelinha vasca\u00edna. Em alus\u00e3o \u00e0 Mem\u00f3ria do Sr. M\u00e1rio Monteiro  da Silva Pedro, decreto <b id=\"yui_3_16_0_1_1447028721367_2421\" class=\"\"><u id=\"yui_3_16_0_1_1447028721367_2423\" class=\"\">LUTO DE 10  DIAS<\/u><\/b> no site Web Vasco, Luiz Carlos Rocha, Editor.<o:p id=\"yui_3_16_0_1_1447028721367_2425\" class=\"\"><\/o:p><\/span><\/div>\n<div class=\"\" style=\"text-align:justify;text-indent:35.4pt;tab-stops:111.0pt\" id=\"yui_3_16_0_1_1447028721367_2427\"><span style=\"font-size:12.0pt;line-height:115%;font-family:&quot;Arial&quot;,&quot;sans-serif&quot;\" id=\"yui_3_16_0_1_1447028721367_2429\" class=\"\">&nbsp;&nbsp; <o:p id=\"yui_3_16_0_1_1447028721367_2431\" class=\"\"><\/o:p><\/span><\/div>\n<div class=\"\" style=\"text-align:justify;text-indent:35.4pt;tab-stops:111.0pt\" id=\"yui_3_16_0_1_1447028721367_2433\"><span style=\"font-size:12.0pt;line-height:115%;font-family:&quot;Arial&quot;,&quot;sans-serif&quot;\" id=\"yui_3_16_0_1_1447028721367_2435\" class=\"\">S\u00f3cio  remido desde 71, pregava a uni\u00e3o das correntes politicas<o:p id=\"yui_3_16_0_1_1447028721367_2437\" class=\"\"><\/o:p><\/span><\/div>\n<div class=\"\" style=\"text-align:justify;text-indent:35.4pt;tab-stops:111.0pt\" id=\"yui_3_16_0_1_1447028721367_2433\"><span style=\"font-size:12.0pt;line-height:115%;font-family:&quot;Arial&quot;,&quot;sans-serif&quot;\" class=\"\"><br \/><\/span><\/div>\n<div class=\"\" style=\"text-align:justify;text-indent:35.4pt;tab-stops:111.0pt\" id=\"yui_3_16_0_1_1447028721367_2433\"><span style=\"font-size:12.0pt;line-height:115%;font-family:&quot;Arial&quot;,&quot;sans-serif&quot;\" class=\"\"><br \/><\/span><\/div>\n<div class=\"\" style=\"text-align:justify;text-indent:35.4pt;tab-stops:111.0pt\" id=\"yui_3_16_0_1_1447028721367_2439\"><b id=\"yui_3_16_0_1_1447028721367_2441\" class=\"\"><u id=\"yui_3_16_0_1_1447028721367_2443\" class=\"\"><span style=\"font-size:20.0pt;line-height:115%;font-family:&quot;Arial&quot;,&quot;sans-serif&quot;\" id=\"yui_3_16_0_1_1447028721367_2445\" class=\"\">DIVULGUEM ESSA COVARDIA:<\/span><\/u><\/b><span style=\"font-size:16.0pt;line-height:115%;font-family:&quot;Arial&quot;,&quot;sans-serif&quot;\" id=\"yui_3_16_0_1_1447028721367_2447\" class=\"\"> GOSTARIA  DE PEDIR A TODOS OS MEUS AMIGOS E LEITORES QUE TIRASSE UM TEMPINHO PARA LER A  PETI\u00c7\u00c3O P\u00daBLICA, AO QUAL SEGUE ABAIXO O LINK. TAL DOCUMENTO REFERE-SE A <b id=\"yui_3_16_0_1_1447028721367_2449\" class=\"\"><u id=\"yui_3_16_0_1_1447028721367_2451\" class=\"\">UM ATO DE COVARDIA POR PARTE DA  VOLKSWAGEN DO BRASIL EM COAUTORIA DA ABOLI\u00c7\u00c3O VE\u00cdCULOS (GRUPO AB)<\/u><\/b>  CONTRA ESTE VELHO JORNALISTA. A REFERIDA CONCESSION\u00c1RIA EST\u00c1 ME LESANDO DESDE  FEVEREIRO DE 2013. MEU CARRO FOI BATIDO DENTRO DA OFICINA, FURTARAM ACESS\u00d3RIOS,  TEM PROBLEMAS CAUSADOS POR ELES, AL\u00c9M DE DEFEITOS DE FABRICA\u00c7\u00c3O. O CARRO 0 KM  COMPRADO POR MIM HOJE SE ENCONTRA NA OFICINA DA ABOLI\u00c7\u00c3O VE\u00cdCULOS (CENTRO DE  NITER\u00d3I) <b id=\"yui_3_16_0_1_1447028721367_2453\" class=\"\"><u id=\"yui_3_16_0_1_1447028721367_2455\" class=\"\">DESDE 10 DE JUNHO DE 2013<\/u><\/b>,  OU SEJA, H\u00c1 <b id=\"yui_3_16_0_1_1447028721367_2457\" class=\"\"><u id=\"yui_3_16_0_1_1447028721367_2459\" class=\"\">29 MESES, OU SEJA, 2 ANOS  E CINCO MESES.<\/u><\/b> <b id=\"yui_3_16_0_1_1447028721367_2461\" class=\"\"><u id=\"yui_3_16_0_1_1447028721367_2463\" class=\"\">TEM APENAS 729  KM RODADOS<\/u><\/b> PARA COMPROVAR O CALV\u00c1RIO TENHO DOCUMENTOS, GRAVA\u00c7\u00d5ES DE  AUDIO E V\u00cdDEO, MAIS DE 600 FOTOGRAFIAS E E-MAILS TROCADOS COM FUNCION\u00c1RIOS DO  BAIXO, M\u00c9DIO E ALTO ESCAL\u00c3O DA EMPRESA. POR FAVOR, ASSINEM O DOCUMENTO PARA QUE  OUTROS CONSUMIDORES N\u00c3O SEJAM LESADOS POR EMPRESAS DESTE N\u00cdVEL.&nbsp; <\/span><a href=\"https:\/\/secure.avaaz.org\/po\/petition\/Aos_Orgaos_de_Defesa_do_Consumidor_e_ao_Poder_Judiciario_JUSTICA_CONTRA_UMA_MARCA_E_SUA_REVENDERORA_QUE_DESCUMPREM_A_LEI\/?lJEcNfb&amp;pv=0\" id=\"yui_3_16_0_1_1447028721367_2465\" class=\"\"><span style=\"font-size:16.0pt;line-height:115%;font-family:&quot;Arial&quot;,&quot;sans-serif&quot;\" id=\"yui_3_16_0_1_1447028721367_2467\" class=\"\"><a href=\"https:\/\/secure.avaaz.org\/po\/petition\/Aos_Orgaos_de_Defesa_do_Consumidor_e_ao_Poder_Judiciario_JUSTICA_CONTRA_UMA_MARCA_E_SUA_REVENDERORA_QUE_DESCUMPREM_A_LEI\/?lJEcNfb&amp;pv=0\" >https:\/\/secure.avaaz.org\/po\/petition\/Aos_Orgaos_de_Defesa_do_Consumidor_e_ao_Poder_Judiciario_JUSTICA_CONTRA_UMA_MARCA_E_SUA_REVENDERORA_QUE_DESCUMPREM_A_LEI\/?lJEcNfb&amp;pv=0<\/a><\/span><\/a><span style=\"font-size:16.0pt;line-height:115%;font-family:&quot;Arial&quot;,&quot;sans-serif&quot;\" id=\"yui_3_16_0_1_1447028721367_2469\" class=\"\"><o:p id=\"yui_3_16_0_1_1447028721367_2471\" class=\"\"><\/o:p><\/span><\/div>\n<div class=\"\" style=\"text-align:justify;tab-stops:111.0pt\" id=\"yui_3_16_0_1_1447028721367_2473\"><span style=\"font-size:16.0pt;line-height:115%;font-family:&quot;Arial&quot;,&quot;sans-serif&quot;\" id=\"yui_3_16_0_1_1447028721367_2475\" class=\"\"><o:p id=\"yui_3_16_0_1_1447028721367_2477\" class=\"\">&nbsp;<\/o:p><\/span><\/div>\n<div class=\"\" style=\"text-align:justify;tab-stops:111.0pt\" id=\"yui_3_16_0_1_1447028721367_2479\"><b id=\"yui_3_16_0_1_1447028721367_2481\" class=\"\"><span style=\"font-size:16.0pt;line-height:115%;font-family:&quot;Arial&quot;,&quot;sans-serif&quot;\" id=\"yui_3_16_0_1_1447028721367_2483\" class=\"\">&nbsp;&nbsp;&nbsp;&nbsp;&nbsp;&nbsp;&nbsp;&nbsp;&nbsp;&nbsp;&nbsp;&nbsp;&nbsp;&nbsp;&nbsp;&nbsp;&nbsp;&nbsp;&nbsp;&nbsp;&nbsp;&nbsp;&nbsp;&nbsp; &nbsp;&nbsp;&nbsp;&nbsp;&nbsp;&nbsp; <o:p id=\"yui_3_16_0_1_1447028721367_2485\" class=\"\"><\/o:p><\/span><\/b><\/div>\n<div id=\"yui_3_16_0_1_1447028721367_2270\">                                        <\/div>\n<div class=\"\" style=\"text-align:justify\" id=\"yui_3_16_0_1_1447028721367_2385\" dir=\"ltr\"><b id=\"yui_3_16_0_1_1447028721367_2384\" class=\"\"><span style=\"font-size:14.0pt;line-height:115%;font-family:&quot;Arial&quot;,&quot;sans-serif&quot;\" id=\"yui_3_16_0_1_1447028721367_2383\" class=\"\">AP\u00d3S  AS TODAS AS PARTIDAS DO VASC\u00c3O EM MEU PERFIL DO FACEBOOK (QUEM QUISER RECEBER  AS CR\u00d4NICAS DE PRIMEIRA M\u00c3O \u00c9 S\u00d3 ME ADICIONAR), E NOS SITES WEBVASCO  (www.webvasco.com), E VASCA\u00cdNOS UNIDOS (www.vascainosunidos.com.br) TEM A  OPINI\u00c3O DO JORNALISTA LUIZ CARLOS ROCHA. LEIAM! COMPARTILHEM E CURTAM!  VASCA\u00cdNOS UNIDOS JAMAIS SER\u00c3O VENCIDOS.<o:p id=\"yui_3_16_0_1_1447028721367_2490\" class=\"\"><\/o:p><\/span><\/b><\/div>\n<div id=\"yui_3_16_0_1_1447028721367_2270\"><span><br \/><\/span><\/div>\n<div id=\"yui_3_16_0_1_1447028721367_2270\"><span><br \/><\/span><\/div>\n<div id=\"yui_3_16_0_1_1447028721367_2270\"><span><br \/><\/span><\/div>\n<div><\/div>\n<div id=\"yui_3_16_0_1_1447028721367_2264\">&nbsp;<\/div>\n<div class=\"signature\" id=\"yui_3_16_0_1_1447028721367_2261\">\n<div id=\"RTEContent\">\n<div id=\"yui_3_16_0_1_1447028721367_2260\">\n<div id=\"yui_3_16_0_1_1447028721367_2259\">\n<div id=\"yui_3_16_0_1_1447028721367_2258\">\n<div align=\"center\" id=\"yui_3_16_0_1_1447028721367_2291\"><\/div>\n<\/div>\n<\/div>\n<\/div>\n<\/div>\n<\/div>\n<\/div>\n<\/div>\n<p><\/p>\n","protected":false},"excerpt":{"rendered":"<p>Era uma partida que o empate prejudicaria ambos. De um lado o Palmeiras vestia a&#8230;<\/p>\n","protected":false},"author":7,"featured_media":0,"comment_status":"open","ping_status":"closed","sticky":false,"template":"","format":"standard","meta":{"footnotes":""},"categories":[4],"tags":[],"class_list":["post-5767","post","type-post","status-publish","format-standard","hentry","category-luizcarlosrocha"],"_links":{"self":[{"href":"https:\/\/webvasco.com\/artigos\/wp-json\/wp\/v2\/posts\/5767","targetHints":{"allow":["GET"]}}],"collection":[{"href":"https:\/\/webvasco.com\/artigos\/wp-json\/wp\/v2\/posts"}],"about":[{"href":"https:\/\/webvasco.com\/artigos\/wp-json\/wp\/v2\/types\/post"}],"author":[{"embeddable":true,"href":"https:\/\/webvasco.com\/artigos\/wp-json\/wp\/v2\/users\/7"}],"replies":[{"embeddable":true,"href":"https:\/\/webvasco.com\/artigos\/wp-json\/wp\/v2\/comments?post=5767"}],"version-history":[{"count":0,"href":"https:\/\/webvasco.com\/artigos\/wp-json\/wp\/v2\/posts\/5767\/revisions"}],"wp:attachment":[{"href":"https:\/\/webvasco.com\/artigos\/wp-json\/wp\/v2\/media?parent=5767"}],"wp:term":[{"taxonomy":"category","embeddable":true,"href":"https:\/\/webvasco.com\/artigos\/wp-json\/wp\/v2\/categories?post=5767"},{"taxonomy":"post_tag","embeddable":true,"href":"https:\/\/webvasco.com\/artigos\/wp-json\/wp\/v2\/tags?post=5767"}],"curies":[{"name":"wp","href":"https:\/\/api.w.org\/{rel}","templated":true}]}}