{"id":5768,"date":"2015-11-20T15:14:03","date_gmt":"2015-11-20T18:14:03","guid":{"rendered":"http:\/\/webvasco.com\/artigos\/?p=5768"},"modified":"2015-11-20T15:17:21","modified_gmt":"2015-11-20T18:17:21","slug":"de-passagem-comprada","status":"publish","type":"post","link":"https:\/\/webvasco.com\/artigos\/colunistas\/luizcarlosrocha\/de-passagem-comprada\/","title":{"rendered":"DE PASSAGEM COMPRADA!"},"content":{"rendered":"<div>\n<div style=\"color:#000; background-color:#fff; font-family:HelveticaNeue-Light, Helvetica Neue Light, Helvetica Neue, Helvetica, Arial, Lucida Grande, sans-serif;font-size:32px\">\n<div class=\"\" style=\"text-align:justify;text-indent:35.4pt;tab-stops:111.0pt\" id=\"yui_3_16_0_1_1448043081680_4287\"><span style=\"font-size:12.0pt;line-height:115%;font-family:&quot;Arial&quot;,&quot;sans-serif&quot;\" id=\"yui_3_16_0_1_1448043081680_4289\" class=\"\">Ao  empatar, ontem, em S\u00e3o Janu\u00e1rio, com o Corinthians, pelo placar de 1 a 1, com  gols de J\u00falio C\u00e9sar abrindo o marcador e V\u00e1gner Love descontando, o Vasco somou  apenas mais um ponto. Agora com m\u00edseros 34 conquistados durante todo o  Campeonato Brasileiro, a pen\u00faltima coloca\u00e7\u00e3o a tr\u00eas rodadas do fim da  competi\u00e7\u00e3o j\u00e1 \u00e9 um mega problema. <o:p id=\"yui_3_16_0_1_1448043081680_4291\" class=\"\"><\/o:p><\/span><\/div>\n<div class=\"\" style=\"text-align:justify;text-indent:35.4pt;tab-stops:111.0pt\" id=\"yui_3_16_0_1_1448043081680_4293\"><span style=\"font-size:12.0pt;line-height:115%;font-family:&quot;Arial&quot;,&quot;sans-serif&quot;\" id=\"yui_3_16_0_1_1448043081680_4295\" class=\"\">A  35\u00aa Rodada do Brasileir\u00e3o serviu para o presidente do clube Eurico \u00c2ngelo de  Oliveira Miranda se programar para a mudan\u00e7a de pa\u00eds. Segundo ele, se o Gigante  (na atual situa\u00e7\u00e3o An\u00e3o) da Colina cair para a Segunda Divis\u00e3o da competi\u00e7\u00e3o  ele se mudar\u00e1 para a Sib\u00e9ria (regi\u00e3o da R\u00fassia e do norte do Cazaquist\u00e3o,  integralmente no norte da \u00c1sia). Deve est\u00e1 se preparando para isso!<o:p id=\"yui_3_16_0_1_1448043081680_4297\" class=\"\"><\/o:p><\/span><\/div>\n<div class=\"\" style=\"text-align:justify;text-indent:35.4pt;tab-stops:111.0pt\" id=\"yui_3_16_0_1_1448043081680_4299\"><span style=\"font-size:12.0pt;line-height:115%;font-family:&quot;Arial&quot;,&quot;sans-serif&quot;\" id=\"yui_3_16_0_1_1448043081680_4301\" class=\"\">Para  permanecer na Elite do Futebol, o Vasco precisa vencer TODAS as partidas que  restam (Joinville, domingo, dia 22, fora de casa; Santos, dia 29, em S\u00e3o  Janu\u00e1rio e finalmente Coritiba, dia 06 de dezembro, no Couto Pereira) e ainda  depender de combina\u00e7\u00f5es de resultados. Ser\u00e1 \u00e1rdua a miss\u00e3o!<o:p id=\"yui_3_16_0_1_1448043081680_4303\" class=\"\"><\/o:p><\/span><\/div>\n<div class=\"\" style=\"text-align:justify;text-indent:35.4pt;tab-stops:111.0pt\" id=\"yui_3_16_0_1_1448043081680_4305\"><span style=\"font-size:12.0pt;line-height:115%;font-family:&quot;Arial&quot;,&quot;sans-serif&quot;\" id=\"yui_3_16_0_1_1448043081680_4307\" class=\"\">Dom  Charuto quem andou falando muito e fazendo pouqu\u00edssimo ter\u00e1 de dar n\u00f3 em pingo  de \u00e1gua, ou sair de fininho pela porta dos fundos e abandonar de vez a gest\u00e3o  desportiva. O bom cartola n\u00e3o fala, faz! Miranda e seus comandados criticaram  tanto a administra\u00e7\u00e3o de Roberto Bombinha, mas est\u00e1 igual ou pior! Com a  diferen\u00e7a que havia mais democracia dentro das depend\u00eancias do Vasco da Gama. <o:p id=\"yui_3_16_0_1_1448043081680_4309\" class=\"\"><\/o:p><\/span><\/div>\n<div class=\"\" style=\"text-align:justify;text-indent:35.4pt;tab-stops:111.0pt\" id=\"yui_3_16_0_1_1448043081680_4311\"><span style=\"font-size:12.0pt;line-height:115%;font-family:&quot;Arial&quot;,&quot;sans-serif&quot;\" id=\"yui_3_16_0_1_1448043081680_4313\" class=\"\">Outro  fato positivo de Carlos Roberto \u00e9 a simpatia dos patrocinadores e gratid\u00e3o dos  torcedores por tudo o que representou dentro das quatro linhas como \u00eddolo  Roberto Dinamite. E Eurico? Praticou qual esporte? Foi \u00eddolo? Ganhou t\u00edtulos  importantes e participou da diretoria consagrada, mas sempre na sombra do  querido Ant\u00f4nio Soares Cal\u00e7ada. <o:p id=\"yui_3_16_0_1_1448043081680_4315\" class=\"\"><\/o:p><\/span><\/div>\n<div class=\"\" style=\"text-align:justify;text-indent:35.4pt;tab-stops:111.0pt\" id=\"yui_3_16_0_1_1448043081680_4317\"><span style=\"font-size:12.0pt;line-height:115%;font-family:&quot;Arial&quot;,&quot;sans-serif&quot;\" id=\"yui_3_16_0_1_1448043081680_4319\" class=\"\">Quando  ficou \u201csozinho\u201d no poder e precisou mostrar conhecimento t\u00e9cnico e habilidade  para liderar uma institui\u00e7\u00e3o renomada titubeou. De 2001 a 2004 apenas um t\u00edtulo  carioca. Em 2007 a primeira queda para a S\u00e9rie B. Em 2014 nada! Em 2015 um  t\u00edtulo estadual contestado pelos advers\u00e1rios e uma poss\u00edvel \u2013 quase certa,  matematicamente com 95% de chance \u2013 queda para a Segundona do Brasileir\u00e3o! Que  vergonha!<o:p id=\"yui_3_16_0_1_1448043081680_4321\" class=\"\"><\/o:p><\/span><\/div>\n<div class=\"\" style=\"text-align:justify;text-indent:35.4pt;tab-stops:111.0pt\" id=\"yui_3_16_0_1_1448043081680_4323\"><span style=\"font-size:12.0pt;line-height:115%;font-family:&quot;Arial&quot;,&quot;sans-serif&quot;\" id=\"yui_3_16_0_1_1448043081680_4325\" class=\"\">Enquanto  Dom Charuto organiza a sua mudan\u00e7a para a Sib\u00e9ria, vamos torcendo e pedindo a  Deus que possamos por um milagre divino ficar na S\u00e9rie A, em 2016. Por\u00e9m, eu  n\u00e3o acredito diante da desastrosa administra\u00e7\u00e3o e p\u00edfia vontade de mudar por  parte de Dom Charuto e Cia. Ser\u00e1 que j\u00e1 neste natal Eurico passar\u00e1 abra\u00e7ado a  um Alce, com a m\u00e3o no saco do bom velhinho abocanhando um peru em terras  congelantes? <o:p id=\"yui_3_16_0_1_1448043081680_4327\" class=\"\"><\/o:p><\/span><\/div>\n<div class=\"\" style=\"text-align:justify;text-indent:35.4pt;tab-stops:111.0pt\" id=\"yui_3_16_0_1_1448043081680_4329\"><span style=\"font-size:12.0pt;line-height:115%;font-family:&quot;Arial&quot;,&quot;sans-serif&quot;\" id=\"yui_3_16_0_1_1448043081680_4331\" class=\"\"><o:p id=\"yui_3_16_0_1_1448043081680_4333\" class=\"\">&nbsp;<\/o:p><\/span><\/div>\n<div class=\"\" style=\"text-align:justify;text-indent:35.4pt;tab-stops:111.0pt\" id=\"yui_3_16_0_1_1448043081680_4335\"><span style=\"font-size:12.0pt;line-height:115%;font-family:&quot;Arial&quot;,&quot;sans-serif&quot;\" id=\"yui_3_16_0_1_1448043081680_4337\" class=\"\"><o:p id=\"yui_3_16_0_1_1448043081680_4339\" class=\"\">&nbsp;<\/o:p><\/span><\/div>\n<div class=\"\" style=\"text-align:justify;text-indent:35.4pt;tab-stops:111.0pt\" id=\"yui_3_16_0_1_1448043081680_4341\"><span style=\"font-size:12.0pt;line-height:115%;font-family:&quot;Arial&quot;,&quot;sans-serif&quot;\" id=\"yui_3_16_0_1_1448043081680_4343\" class=\"\">&nbsp;&nbsp; <o:p id=\"yui_3_16_0_1_1448043081680_4345\" class=\"\"><\/o:p><\/span><\/div>\n<div class=\"\" style=\"text-align:justify;text-indent:35.4pt;tab-stops:111.0pt\" id=\"yui_3_16_0_1_1448043081680_4347\"><b id=\"yui_3_16_0_1_1448043081680_4349\" class=\"\"><u id=\"yui_3_16_0_1_1448043081680_4351\" class=\"\"><span style=\"font-size:20.0pt;line-height:115%;font-family:&quot;Arial&quot;,&quot;sans-serif&quot;\" id=\"yui_3_16_0_1_1448043081680_4353\" class=\"\">DIVULGUEM ESSA COVARDIA:<\/span><\/u><\/b><span style=\"font-size:16.0pt;line-height:115%;font-family:&quot;Arial&quot;,&quot;sans-serif&quot;\" id=\"yui_3_16_0_1_1448043081680_4355\" class=\"\"> GOSTARIA  DE PEDIR A TODOS OS MEUS AMIGOS E LEITORES QUE TIRASSE UM TEMPINHO PARA LER A  PETI\u00c7\u00c3O P\u00daBLICA, AO QUAL SEGUE ABAIXO O LINK. TAL DOCUMENTO REFERE-SE A <b id=\"yui_3_16_0_1_1448043081680_4357\" class=\"\"><u id=\"yui_3_16_0_1_1448043081680_4359\" class=\"\">UM ATO DE COVARDIA POR PARTE DA  VOLKSWAGEN DO BRASIL EM COAUTORIA DA ABOLI\u00c7\u00c3O VE\u00cdCULOS (GRUPO AB)<\/u><\/b>  CONTRA ESTE VELHO JORNALISTA. A REFERIDA CONCESSION\u00c1RIA EST\u00c1 ME LESANDO DESDE  FEVEREIRO DE 2013. MEU CARRO FOI BATIDO DENTRO DA OFICINA, FURTARAM ACESS\u00d3RIOS,  TEM PROBLEMAS CAUSADOS POR ELES, AL\u00c9M DE DEFEITOS DE FABRICA\u00c7\u00c3O. O CARRO 0 KM  COMPRADO POR MIM HOJE SE ENCONTRA NA OFICINA DA ABOLI\u00c7\u00c3O VE\u00cdCULOS (CENTRO DE  NITER\u00d3I) <b id=\"yui_3_16_0_1_1448043081680_4361\" class=\"\"><u id=\"yui_3_16_0_1_1448043081680_4363\" class=\"\">DESDE 10 DE JUNHO DE 2013<\/u><\/b>,  OU SEJA, H\u00c1 <b id=\"yui_3_16_0_1_1448043081680_4365\" class=\"\"><u id=\"yui_3_16_0_1_1448043081680_4367\" class=\"\">29 MESES, OU SEJA, 2 ANOS  E CINCO MESES.<\/u><\/b> <b id=\"yui_3_16_0_1_1448043081680_4369\" class=\"\"><u id=\"yui_3_16_0_1_1448043081680_4371\" class=\"\">TEM APENAS 729  KM RODADOS<\/u><\/b> PARA COMPROVAR O CALV\u00c1RIO TENHO DOCUMENTOS, GRAVA\u00c7\u00d5ES DE  AUDIO E V\u00cdDEO, MAIS DE 600 FOTOGRAFIAS E E-MAILS TROCADOS COM FUNCION\u00c1RIOS DO  BAIXO, M\u00c9DIO E ALTO ESCAL\u00c3O DA EMPRESA. POR FAVOR, ASSINEM O DOCUMENTO PARA QUE  OUTROS CONSUMIDORES N\u00c3O SEJAM LESADOS POR EMPRESAS DESTE N\u00cdVEL.&nbsp; <\/span><a href=\"https:\/\/secure.avaaz.org\/po\/petition\/Aos_Orgaos_de_Defesa_do_Consumidor_e_ao_Poder_Judiciario_JUSTICA_CONTRA_UMA_MARCA_E_SUA_REVENDERORA_QUE_DESCUMPREM_A_LEI\/?lJEcNfb&amp;pv=0\" id=\"yui_3_16_0_1_1448043081680_4373\" class=\"\"><span style=\"font-size:16.0pt;line-height:115%;font-family:&quot;Arial&quot;,&quot;sans-serif&quot;\" id=\"yui_3_16_0_1_1448043081680_4375\" class=\"\"><a href=\"https:\/\/secure.avaaz.org\/po\/petition\/Aos_Orgaos_de_Defesa_do_Consumidor_e_ao_Poder_Judiciario_JUSTICA_CONTRA_UMA_MARCA_E_SUA_REVENDERORA_QUE_DESCUMPREM_A_LEI\/?lJEcNfb&amp;pv=0\" >https:\/\/secure.avaaz.org\/po\/petition\/Aos_Orgaos_de_Defesa_do_Consumidor_e_ao_Poder_Judiciario_JUSTICA_CONTRA_UMA_MARCA_E_SUA_REVENDERORA_QUE_DESCUMPREM_A_LEI\/?lJEcNfb&amp;pv=0<\/a><\/span><\/a><span style=\"font-size:16.0pt;line-height:115%;font-family:&quot;Arial&quot;,&quot;sans-serif&quot;\" id=\"yui_3_16_0_1_1448043081680_4377\" class=\"\"><o:p id=\"yui_3_16_0_1_1448043081680_4379\" class=\"\"><\/o:p><\/span><\/div>\n<div class=\"\" style=\"text-align:justify;tab-stops:111.0pt\" id=\"yui_3_16_0_1_1448043081680_4381\"><span style=\"font-size:16.0pt;line-height:115%;font-family:&quot;Arial&quot;,&quot;sans-serif&quot;\" id=\"yui_3_16_0_1_1448043081680_4383\" class=\"\"><o:p id=\"yui_3_16_0_1_1448043081680_4385\" class=\"\">&nbsp;<\/o:p><\/span><\/div>\n<div class=\"\" style=\"text-align:justify;tab-stops:111.0pt\" id=\"yui_3_16_0_1_1448043081680_4387\"><b id=\"yui_3_16_0_1_1448043081680_4389\" class=\"\"><span style=\"font-size:16.0pt;line-height:115%;font-family:&quot;Arial&quot;,&quot;sans-serif&quot;\" id=\"yui_3_16_0_1_1448043081680_4391\" class=\"\">&nbsp;&nbsp;&nbsp;&nbsp;&nbsp;&nbsp;&nbsp;&nbsp;&nbsp;&nbsp;&nbsp;&nbsp;&nbsp;&nbsp;&nbsp;&nbsp;&nbsp;&nbsp;&nbsp;&nbsp;&nbsp;&nbsp;&nbsp;&nbsp; &nbsp;&nbsp;&nbsp;&nbsp;&nbsp;&nbsp; <o:p id=\"yui_3_16_0_1_1448043081680_4393\" class=\"\"><\/o:p><\/span><\/b><\/div>\n<div id=\"yui_3_16_0_1_1448043081680_4201\">                                                    <\/div>\n<div class=\"\" style=\"text-align:justify\" id=\"yui_3_16_0_1_1448043081680_4285\" dir=\"ltr\"><b id=\"yui_3_16_0_1_1448043081680_4284\" class=\"\"><span style=\"font-size:14.0pt;line-height:115%;font-family:&quot;Arial&quot;,&quot;sans-serif&quot;\" id=\"yui_3_16_0_1_1448043081680_4283\" class=\"\">AP\u00d3S  AS TODAS AS PARTIDAS DO VASC\u00c3O EM MEU PERFIL DO FACEBOOK (QUEM QUISER RECEBER  AS CR\u00d4NICAS DE PRIMEIRA M\u00c3O \u00c9 S\u00d3 ME ADICIONAR), E NOS SITES WEBVASCO  (www.webvasco.com), E VASCA\u00cdNOS UNIDOS (www.vascainosunidos.com.br) TEM A  OPINI\u00c3O DO JORNALISTA LUIZ CARLOS ROCHA. LEIAM! COMPARTILHEM E CURTAM!  VASCA\u00cdNOS UNIDOS JAMAIS SER\u00c3O VENCIDOS.<o:p id=\"yui_3_16_0_1_1448043081680_4398\" class=\"\"><\/o:p><\/span><\/b><\/div>\n<div id=\"yui_3_16_0_1_1448043081680_4200\"><span><br \/><\/span><\/div>\n<div id=\"yui_3_16_0_1_1448043081680_4199\"><span><br \/><\/span><\/div>\n<div><\/div>\n<div id=\"yui_3_16_0_1_1448043081680_4198\">&nbsp;<\/div>\n<div class=\"signature\" id=\"yui_3_16_0_1_1448043081680_4116\">\n<div id=\"RTEContent\">\n<div id=\"yui_3_16_0_1_1448043081680_4115\">\n<div id=\"yui_3_16_0_1_1448043081680_4114\">\n<div id=\"yui_3_16_0_1_1448043081680_4113\">\n<div align=\"center\" id=\"yui_3_16_0_1_1448043081680_4121\"><\/div>\n<\/div>\n<\/div>\n<\/div>\n<\/div>\n<\/div>\n<\/div>\n<\/div>\n<p><\/p>\n","protected":false},"excerpt":{"rendered":"<p>Ao empatar, ontem, em S\u00e3o Janu\u00e1rio, com o Corinthians, pelo placar de 1 a 1,&#8230;<\/p>\n","protected":false},"author":7,"featured_media":0,"comment_status":"open","ping_status":"closed","sticky":false,"template":"","format":"standard","meta":{"footnotes":""},"categories":[4],"tags":[],"class_list":["post-5768","post","type-post","status-publish","format-standard","hentry","category-luizcarlosrocha"],"_links":{"self":[{"href":"https:\/\/webvasco.com\/artigos\/wp-json\/wp\/v2\/posts\/5768","targetHints":{"allow":["GET"]}}],"collection":[{"href":"https:\/\/webvasco.com\/artigos\/wp-json\/wp\/v2\/posts"}],"about":[{"href":"https:\/\/webvasco.com\/artigos\/wp-json\/wp\/v2\/types\/post"}],"author":[{"embeddable":true,"href":"https:\/\/webvasco.com\/artigos\/wp-json\/wp\/v2\/users\/7"}],"replies":[{"embeddable":true,"href":"https:\/\/webvasco.com\/artigos\/wp-json\/wp\/v2\/comments?post=5768"}],"version-history":[{"count":0,"href":"https:\/\/webvasco.com\/artigos\/wp-json\/wp\/v2\/posts\/5768\/revisions"}],"wp:attachment":[{"href":"https:\/\/webvasco.com\/artigos\/wp-json\/wp\/v2\/media?parent=5768"}],"wp:term":[{"taxonomy":"category","embeddable":true,"href":"https:\/\/webvasco.com\/artigos\/wp-json\/wp\/v2\/categories?post=5768"},{"taxonomy":"post_tag","embeddable":true,"href":"https:\/\/webvasco.com\/artigos\/wp-json\/wp\/v2\/tags?post=5768"}],"curies":[{"name":"wp","href":"https:\/\/api.w.org\/{rel}","templated":true}]}}