{"id":5769,"date":"2015-11-23T11:15:40","date_gmt":"2015-11-23T14:15:40","guid":{"rendered":"http:\/\/webvasco.com\/artigos\/?p=5769"},"modified":"2015-11-23T11:18:21","modified_gmt":"2015-11-23T14:18:21","slug":"fio-da-navalha","status":"publish","type":"post","link":"https:\/\/webvasco.com\/artigos\/colunistas\/luizcarlosrocha\/fio-da-navalha\/","title":{"rendered":"FIO DA NAVALHA!"},"content":{"rendered":"<div>\n<div style=\"color:#000; background-color:#fff; font-family:HelveticaNeue-Light, Helvetica Neue Light, Helvetica Neue, Helvetica, Arial, Lucida Grande, sans-serif;font-size:32px\">\n<div class=\"\" style=\"text-align:justify;text-indent:35.4pt;tab-stops:111.0pt\" id=\"yui_3_16_0_1_1448288070429_2347\"><span style=\"font-size:12.0pt;line-height:115%;font-family:&quot;Arial&quot;,&quot;sans-serif&quot;\" id=\"yui_3_16_0_1_1448288070429_2349\" class=\"\">No  fio, ou no gume da navalha, significa que \u00e9 o momento decisivo, dif\u00edcil de ser  atravessado. Exatamente a fase vivida pelo Vasco da Gama, que ganhou, ontem, no  sufoco, por 2 a 1, na Arena Joinville, o time da casa, que acabou rebaixado, j\u00e1  na 36\u00aa Rodada do Campeonato Brasileiro.<o:p id=\"yui_3_16_0_1_1448288070429_2351\" class=\"\"><\/o:p><\/span><\/div>\n<div class=\"\" style=\"text-align:justify;text-indent:35.4pt;tab-stops:111.0pt\" id=\"yui_3_16_0_1_1448288070429_2353\"><span style=\"font-size:12.0pt;line-height:115%;font-family:&quot;Arial&quot;,&quot;sans-serif&quot;\" id=\"yui_3_16_0_1_1448288070429_2355\" class=\"\">Aos  nove minutos de partida, o Gigante da Colina ganhava por 2 a 0, com gols de  Nen\u00ea e Riascos e dava a impress\u00e3o que seria f\u00e1cil superar o JEC. Mesmo  conturbada, a vit\u00f3ria foi significativa, porque o Vasco agora soma 37 pontos  ganhos, e ocupa a 18\u00aa posi\u00e7\u00e3o na tabela de classifica\u00e7\u00e3o da competi\u00e7\u00e3o. <o:p id=\"yui_3_16_0_1_1448288070429_2357\" class=\"\"><\/o:p><\/span><\/div>\n<div class=\"\" style=\"text-align:justify;text-indent:35.4pt;tab-stops:111.0pt\" id=\"yui_3_16_0_1_1448288070429_2359\"><span style=\"font-size:12.0pt;line-height:115%;font-family:&quot;Arial&quot;,&quot;sans-serif&quot;\" id=\"yui_3_16_0_1_1448288070429_2361\" class=\"\">Os  meninos (nem t\u00e3o jovens assim) de Jorginho n\u00e3o t\u00eam alternativa: Precisam vencer  os dois \u00faltimos jogos \u2013 Santos e Coritiba \u2013 e ainda torcer por combina\u00e7\u00f5es para  permanecer na S\u00e9rie A, na temporada 2016. &nbsp;O problema \u00e9 que estes times n\u00e3o t\u00eam uniformes  rubro-negros, que \u00e9 a garantia da vit\u00f3ria.<o:p id=\"yui_3_16_0_1_1448288070429_2363\" class=\"\"><\/o:p><\/span><\/div>\n<div class=\"\" style=\"text-align:justify;text-indent:35.4pt;tab-stops:111.0pt\" id=\"yui_3_16_0_1_1448288070429_2365\"><span style=\"font-size:12.0pt;line-height:115%;font-family:&quot;Arial&quot;,&quot;sans-serif&quot;\" id=\"yui_3_16_0_1_1448288070429_2367\" class=\"\">Disputar  a Segundona, no pr\u00f3ximo ano, seria apequenar ainda mais a Institui\u00e7\u00e3o  Centen\u00e1ria Vasco da Gama. Isto, porque, em 2014 (ano da Copa do Mundo, no  Brasil), o time frequentou esta divis\u00e3o. Justamente no ano das Olimp\u00edadas no  Brasil (2016) mais um vexame? <o:p id=\"yui_3_16_0_1_1448288070429_2369\" class=\"\"><\/o:p><\/span><\/div>\n<div class=\"\" style=\"text-align:justify;text-indent:35.4pt;tab-stops:111.0pt\" id=\"yui_3_16_0_1_1448288070429_2371\"><span style=\"font-size:12.0pt;line-height:115%;font-family:&quot;Arial&quot;,&quot;sans-serif&quot;\" id=\"yui_3_16_0_1_1448288070429_2373\" class=\"\">O  presidente do clube Eurico \u00c2ngelo Miranda \u2013 que est\u00e1 de mudan\u00e7a para a Sib\u00e9ria \u2013  ir\u00e1 torcer pelo time domingo, em S\u00e3o Janu\u00e1rio, diante do desafio de bater o  Peixe (finalista da Copa do Brasil, possivelmente campe\u00e3o). Acreditar \u00e9  fundamental!<o:p id=\"yui_3_16_0_1_1448288070429_2375\" class=\"\"><\/o:p><\/span><\/div>\n<div class=\"\" style=\"text-align:justify;text-indent:35.4pt;tab-stops:111.0pt\" id=\"yui_3_16_0_1_1448288070429_2377\"><b id=\"yui_3_16_0_1_1448288070429_2379\" class=\"\"><u id=\"yui_3_16_0_1_1448288070429_2381\" class=\"\"><span style=\"font-size:12.0pt;line-height:115%;font-family:&quot;Arial&quot;,&quot;sans-serif&quot;\" id=\"yui_3_16_0_1_1448288070429_2383\" class=\"\">NITER\u00d3I<\/span><\/u><\/b><span style=\"font-size:12.0pt;line-height:115%;font-family:&quot;Arial&quot;,&quot;sans-serif&quot;\" id=\"yui_3_16_0_1_1448288070429_2385\" class=\"\">: Munic\u00edpio  do Estado do Rio de Janeiro, na Regi\u00e3o Sudeste do Brasil. Com popula\u00e7\u00e3o  estimada quase 500.000 habitantes, segundo o IBGE, em pesquisa feita em 2014. Ostenta  o mais elevado \u00cdndice de Desenvolvimento Humano Municipal (IDHM) do Rio de  Janeiro e o s\u00e9timo maior entre os munic\u00edpios do Brasil em 2010, no valor de  0.837 naquele per\u00edodo, considerado &#8220;muito elevado&#8221; segundo dados das  Na\u00e7\u00f5es Unidas. Individualmente, \u00e9 o segundo munic\u00edpio com maior m\u00e9dia de renda  domiciliar per capita mensal do Brasil e aparece na 13\u00aa posi\u00e7\u00e3o entre os  munic\u00edpios do pa\u00eds segundo os indicadores sociais referentes \u00e0 educa\u00e7\u00e3o. Foi  capital estadual fluminense at\u00e9 a fus\u00e3o entre os estados do Rio de Janeiro e da  Guanabara em 1975. Niter\u00f3i possui o melhor \u00edndice de desenvolvimento humano do  Estado e o terceiro do pa\u00eds de acordo com estudo feito pela Funda\u00e7\u00e3o Get\u00falio  Vargas em junho de 2011, que tamb\u00e9m classificou Niter\u00f3i como &#8220;a cidade com  popula\u00e7\u00e3o mais rica do Brasil&#8221;, por possuir 30,7 por cento dela inserida  na classe A. Considerando as classes A e B, Niter\u00f3i tamb\u00e9m aparece em primeiro  lugar, com 42,9% de sua popula\u00e7\u00e3o inserida nessas classes. Est\u00e1 entre as  cidades mais alfabetizadas do Brasil, al\u00e9m de apresentar a menor incid\u00eancia de  pobreza, a popula\u00e7\u00e3o com maior renda mensal per capita e o maior \u00edndice de  longevidade municipal do Estado do Rio de Janeiro. <b id=\"yui_3_16_0_1_1448288070429_2387\" class=\"\">A Cidade Sorriso, ou simplesmente Nikiti completou ontem, 22 de  novembro, 442 anos de vida! Viva Nictheroy! <o:p id=\"yui_3_16_0_1_1448288070429_2389\" class=\"\"><\/o:p><\/b><\/span><\/div>\n<div class=\"\" style=\"text-align:justify;text-indent:35.4pt;tab-stops:111.0pt\" id=\"yui_3_16_0_1_1448288070429_2391\"><span style=\"font-size:12.0pt;line-height:115%;font-family:&quot;Arial&quot;,&quot;sans-serif&quot;\" id=\"yui_3_16_0_1_1448288070429_2393\" class=\"\"><o:p id=\"yui_3_16_0_1_1448288070429_2395\" class=\"\">&nbsp;<\/o:p><\/span><\/div>\n<div class=\"\" style=\"text-align:justify;text-indent:35.4pt;tab-stops:111.0pt\" id=\"yui_3_16_0_1_1448288070429_2397\"><span style=\"font-size:12.0pt;line-height:115%;font-family:&quot;Arial&quot;,&quot;sans-serif&quot;\" id=\"yui_3_16_0_1_1448288070429_2399\" class=\"\"><o:p id=\"yui_3_16_0_1_1448288070429_2401\" class=\"\">&nbsp;<\/o:p><\/span><\/div>\n<div class=\"\" style=\"text-align:justify;text-indent:35.4pt;tab-stops:111.0pt\" id=\"yui_3_16_0_1_1448288070429_2403\"><span style=\"font-size:12.0pt;line-height:115%;font-family:&quot;Arial&quot;,&quot;sans-serif&quot;\" id=\"yui_3_16_0_1_1448288070429_2405\" class=\"\"><o:p id=\"yui_3_16_0_1_1448288070429_2407\" class=\"\">&nbsp;<\/o:p><\/span><\/div>\n<div class=\"\" style=\"text-align:justify;text-indent:35.4pt;tab-stops:111.0pt\" id=\"yui_3_16_0_1_1448288070429_2409\"><span style=\"font-size:12.0pt;line-height:115%;font-family:&quot;Arial&quot;,&quot;sans-serif&quot;\" id=\"yui_3_16_0_1_1448288070429_2411\" class=\"\"><o:p id=\"yui_3_16_0_1_1448288070429_2413\" class=\"\">&nbsp;<\/o:p><\/span><\/div>\n<div class=\"\" style=\"text-align:justify;text-indent:35.4pt;tab-stops:111.0pt\" id=\"yui_3_16_0_1_1448288070429_2415\"><span style=\"font-size:12.0pt;line-height:115%;font-family:&quot;Arial&quot;,&quot;sans-serif&quot;\" id=\"yui_3_16_0_1_1448288070429_2417\" class=\"\"><o:p id=\"yui_3_16_0_1_1448288070429_2419\" class=\"\">&nbsp;<\/o:p><\/span><\/div>\n<div class=\"\" style=\"text-align:justify;text-indent:35.4pt;tab-stops:111.0pt\" id=\"yui_3_16_0_1_1448288070429_2421\"><span style=\"font-size:12.0pt;line-height:115%;font-family:&quot;Arial&quot;,&quot;sans-serif&quot;\" id=\"yui_3_16_0_1_1448288070429_2423\" class=\"\"><o:p id=\"yui_3_16_0_1_1448288070429_2425\" class=\"\">&nbsp;<\/o:p><\/span><\/div>\n<div class=\"\" style=\"text-align:justify;text-indent:35.4pt;tab-stops:111.0pt\" id=\"yui_3_16_0_1_1448288070429_2427\"><span style=\"font-size:12.0pt;line-height:115%;font-family:&quot;Arial&quot;,&quot;sans-serif&quot;\" id=\"yui_3_16_0_1_1448288070429_2429\" class=\"\"><o:p id=\"yui_3_16_0_1_1448288070429_2431\" class=\"\">&nbsp;<\/o:p><\/span><\/div>\n<div class=\"\" style=\"text-align:justify;text-indent:35.4pt;tab-stops:111.0pt\" id=\"yui_3_16_0_1_1448288070429_2433\"><span style=\"font-size:12.0pt;line-height:115%;font-family:&quot;Arial&quot;,&quot;sans-serif&quot;\" id=\"yui_3_16_0_1_1448288070429_2435\" class=\"\">&nbsp;&nbsp; <o:p id=\"yui_3_16_0_1_1448288070429_2437\" class=\"\"><\/o:p><\/span><\/div>\n<div class=\"\" style=\"text-align:justify;text-indent:35.4pt;tab-stops:111.0pt\" id=\"yui_3_16_0_1_1448288070429_2439\"><b id=\"yui_3_16_0_1_1448288070429_2441\" class=\"\"><u id=\"yui_3_16_0_1_1448288070429_2443\" class=\"\"><span style=\"font-size:20.0pt;line-height:115%;font-family:&quot;Arial&quot;,&quot;sans-serif&quot;\" id=\"yui_3_16_0_1_1448288070429_2445\" class=\"\">DIVULGUEM ESSA COVARDIA:<\/span><\/u><\/b><span style=\"font-size:16.0pt;line-height:115%;font-family:&quot;Arial&quot;,&quot;sans-serif&quot;\" id=\"yui_3_16_0_1_1448288070429_2447\" class=\"\"> GOSTARIA  DE PEDIR A TODOS OS MEUS AMIGOS E LEITORES QUE TIRASSE UM TEMPINHO PARA LER A  PETI\u00c7\u00c3O P\u00daBLICA, AO QUAL SEGUE ABAIXO O LINK. TAL DOCUMENTO REFERE-SE A <b id=\"yui_3_16_0_1_1448288070429_2449\" class=\"\"><u id=\"yui_3_16_0_1_1448288070429_2451\" class=\"\">UM ATO DE COVARDIA POR PARTE DA  VOLKSWAGEN DO BRASIL EM COAUTORIA DA ABOLI\u00c7\u00c3O VE\u00cdCULOS (GRUPO AB)<\/u><\/b>  CONTRA ESTE VELHO JORNALISTA. A REFERIDA CONCESSION\u00c1RIA EST\u00c1 ME LESANDO DESDE  FEVEREIRO DE 2013. MEU CARRO FOI BATIDO DENTRO DA OFICINA, FURTARAM ACESS\u00d3RIOS,  TEM PROBLEMAS CAUSADOS POR ELES, AL\u00c9M DE DEFEITOS DE FABRICA\u00c7\u00c3O. O CARRO 0 KM  COMPRADO POR MIM HOJE SE ENCONTRA NA OFICINA DA ABOLI\u00c7\u00c3O VE\u00cdCULOS (CENTRO DE  NITER\u00d3I) <b id=\"yui_3_16_0_1_1448288070429_2453\" class=\"\"><u id=\"yui_3_16_0_1_1448288070429_2455\" class=\"\">DESDE 10 DE JUNHO DE 2013<\/u><\/b>,  OU SEJA, H\u00c1 <b id=\"yui_3_16_0_1_1448288070429_2457\" class=\"\"><u id=\"yui_3_16_0_1_1448288070429_2459\" class=\"\">29 MESES, OU SEJA, 2 ANOS  E CINCO MESES.<\/u><\/b> <b id=\"yui_3_16_0_1_1448288070429_2461\" class=\"\"><u id=\"yui_3_16_0_1_1448288070429_2463\" class=\"\">TEM APENAS 729  KM RODADOS<\/u><\/b> PARA COMPROVAR O CALV\u00c1RIO TENHO DOCUMENTOS, GRAVA\u00c7\u00d5ES DE  AUDIO E V\u00cdDEO, MAIS DE 600 FOTOGRAFIAS E E-MAILS TROCADOS COM FUNCION\u00c1RIOS DO  BAIXO, M\u00c9DIO E ALTO ESCAL\u00c3O DA EMPRESA. POR FAVOR, ASSINEM O DOCUMENTO PARA QUE  OUTROS CONSUMIDORES N\u00c3O SEJAM LESADOS POR EMPRESAS DESTE N\u00cdVEL.&nbsp; <\/span><a href=\"https:\/\/secure.avaaz.org\/po\/petition\/Aos_Orgaos_de_Defesa_do_Consumidor_e_ao_Poder_Judiciario_JUSTICA_CONTRA_UMA_MARCA_E_SUA_REVENDERORA_QUE_DESCUMPREM_A_LEI\/?lJEcNfb&amp;pv=0\" id=\"yui_3_16_0_1_1448288070429_2465\" class=\"\"><span style=\"font-size:16.0pt;line-height:115%;font-family:&quot;Arial&quot;,&quot;sans-serif&quot;\" id=\"yui_3_16_0_1_1448288070429_2467\" class=\"\"><a href=\"https:\/\/secure.avaaz.org\/po\/petition\/Aos_Orgaos_de_Defesa_do_Consumidor_e_ao_Poder_Judiciario_JUSTICA_CONTRA_UMA_MARCA_E_SUA_REVENDERORA_QUE_DESCUMPREM_A_LEI\/?lJEcNfb&amp;pv=0\" >https:\/\/secure.avaaz.org\/po\/petition\/Aos_Orgaos_de_Defesa_do_Consumidor_e_ao_Poder_Judiciario_JUSTICA_CONTRA_UMA_MARCA_E_SUA_REVENDERORA_QUE_DESCUMPREM_A_LEI\/?lJEcNfb&amp;pv=0<\/a><\/span><\/a><span style=\"font-size:16.0pt;line-height:115%;font-family:&quot;Arial&quot;,&quot;sans-serif&quot;\" id=\"yui_3_16_0_1_1448288070429_2469\" class=\"\"><o:p id=\"yui_3_16_0_1_1448288070429_2471\" class=\"\"><\/o:p><\/span><\/div>\n<div class=\"\" style=\"text-align:justify;tab-stops:111.0pt\" id=\"yui_3_16_0_1_1448288070429_2473\"><span style=\"font-size:16.0pt;line-height:115%;font-family:&quot;Arial&quot;,&quot;sans-serif&quot;\" id=\"yui_3_16_0_1_1448288070429_2475\" class=\"\"><o:p id=\"yui_3_16_0_1_1448288070429_2477\" class=\"\">&nbsp;<\/o:p><\/span><\/div>\n<div class=\"\" style=\"text-align:justify;tab-stops:111.0pt\" id=\"yui_3_16_0_1_1448288070429_2479\"><b id=\"yui_3_16_0_1_1448288070429_2481\" class=\"\"><span style=\"font-size:16.0pt;line-height:115%;font-family:&quot;Arial&quot;,&quot;sans-serif&quot;\" id=\"yui_3_16_0_1_1448288070429_2483\" class=\"\">&nbsp;&nbsp;&nbsp;&nbsp;&nbsp;&nbsp;&nbsp;&nbsp;&nbsp;&nbsp;&nbsp;&nbsp;&nbsp;&nbsp;&nbsp;&nbsp;&nbsp;&nbsp;&nbsp;&nbsp;&nbsp;&nbsp;&nbsp;&nbsp; &nbsp;&nbsp;&nbsp;&nbsp;&nbsp;&nbsp; <o:p id=\"yui_3_16_0_1_1448288070429_2485\" class=\"\"><\/o:p><\/span><\/b><\/div>\n<div id=\"yui_3_16_0_1_1448288070429_2279\">                                                                    <\/div>\n<div class=\"\" style=\"text-align:justify\" id=\"yui_3_16_0_1_1448288070429_2345\" dir=\"ltr\"><b id=\"yui_3_16_0_1_1448288070429_2488\" class=\"\"><span style=\"font-size:14.0pt;line-height:115%;font-family:&quot;Arial&quot;,&quot;sans-serif&quot;\" id=\"yui_3_16_0_1_1448288070429_2490\" class=\"\">AP\u00d3S  AS TODAS AS PARTIDAS DO VASC\u00c3O EM MEU PERFIL DO FACEBOOK (QUEM QUISER RECEBER  AS CR\u00d4NICAS DE PRIMEIRA M\u00c3O \u00c9 S\u00d3 ME ADICIONAR), E NOS SITES WEBVASCO  (www.webvasco.com), E VASCA\u00cdNOS UNIDOS (www.vascainosunidos.com.br) TEM A  OPINI\u00c3O DO JORNALISTA LUIZ CARLOS ROCHA. LEIAM! COMPARTILHEM E CURTAM!  VASCA\u00cdNOS UNIDOS JAMAIS SER\u00c3O VENCIDOS.<o:p id=\"yui_3_16_0_1_1448288070429_2492\" class=\"\"><\/o:p><\/span><\/b><\/div>\n<div id=\"yui_3_16_0_1_1448288070429_2279\"><span><br \/><\/span><\/div>\n<div id=\"yui_3_16_0_1_1448288070429_2279\"><span><br \/><\/span><\/div>\n<div id=\"yui_3_16_0_1_1448288070429_2279\"><span><br \/><\/span><\/div>\n<div id=\"yui_3_16_0_1_1448288070429_2279\"><span><br \/><\/span><\/div>\n<div id=\"yui_3_16_0_1_1448288070429_2279\"><span><br \/><\/span><\/div>\n<div id=\"yui_3_16_0_1_1448288070429_2279\"><span><br \/><\/span><\/div>\n<div><\/div>\n<div id=\"yui_3_16_0_1_1448288070429_2287\">&nbsp;<\/div>\n<div class=\"signature\" id=\"yui_3_16_0_1_1448288070429_2252\">\n<div id=\"RTEContent\">\n<div id=\"yui_3_16_0_1_1448288070429_2251\">\n<div id=\"yui_3_16_0_1_1448288070429_2250\">\n<div id=\"yui_3_16_0_1_1448288070429_2249\">\n<div align=\"center\" id=\"yui_3_16_0_1_1448288070429_2248\"><\/div>\n<div align=\"center\" id=\"yui_3_16_0_1_1448288070429_2302\"><\/div>\n<\/div>\n<\/div>\n<\/div>\n<\/div>\n<\/div>\n<\/div>\n<\/div>\n<p><\/p>\n","protected":false},"excerpt":{"rendered":"<p>No fio, ou no gume da navalha, significa que \u00e9 o momento decisivo, dif\u00edcil de&#8230;<\/p>\n","protected":false},"author":7,"featured_media":0,"comment_status":"open","ping_status":"closed","sticky":false,"template":"","format":"standard","meta":{"footnotes":""},"categories":[4],"tags":[],"class_list":["post-5769","post","type-post","status-publish","format-standard","hentry","category-luizcarlosrocha"],"_links":{"self":[{"href":"https:\/\/webvasco.com\/artigos\/wp-json\/wp\/v2\/posts\/5769","targetHints":{"allow":["GET"]}}],"collection":[{"href":"https:\/\/webvasco.com\/artigos\/wp-json\/wp\/v2\/posts"}],"about":[{"href":"https:\/\/webvasco.com\/artigos\/wp-json\/wp\/v2\/types\/post"}],"author":[{"embeddable":true,"href":"https:\/\/webvasco.com\/artigos\/wp-json\/wp\/v2\/users\/7"}],"replies":[{"embeddable":true,"href":"https:\/\/webvasco.com\/artigos\/wp-json\/wp\/v2\/comments?post=5769"}],"version-history":[{"count":0,"href":"https:\/\/webvasco.com\/artigos\/wp-json\/wp\/v2\/posts\/5769\/revisions"}],"wp:attachment":[{"href":"https:\/\/webvasco.com\/artigos\/wp-json\/wp\/v2\/media?parent=5769"}],"wp:term":[{"taxonomy":"category","embeddable":true,"href":"https:\/\/webvasco.com\/artigos\/wp-json\/wp\/v2\/categories?post=5769"},{"taxonomy":"post_tag","embeddable":true,"href":"https:\/\/webvasco.com\/artigos\/wp-json\/wp\/v2\/tags?post=5769"}],"curies":[{"name":"wp","href":"https:\/\/api.w.org\/{rel}","templated":true}]}}