{"id":5770,"date":"2015-11-29T22:13:35","date_gmt":"2015-11-30T01:13:35","guid":{"rendered":"http:\/\/webvasco.com\/artigos\/?p=5770"},"modified":"2015-11-29T22:17:24","modified_gmt":"2015-11-30T01:17:24","slug":"so-pedro-so-cristvo-so-janurio","status":"publish","type":"post","link":"https:\/\/webvasco.com\/artigos\/colunistas\/luizcarlosrocha\/so-pedro-so-cristvo-so-janurio\/","title":{"rendered":"S&Atilde;O PEDRO, S&Atilde;O CRIST&Oacute;V&Atilde;O, S&Atilde;O JANU&Aacute;RIO!"},"content":{"rendered":"<div>\n<div style=\"color:#000; background-color:#fff; font-family:HelveticaNeue-Light, Helvetica Neue Light, Helvetica Neue, Helvetica, Arial, Lucida Grande, sans-serif;font-size:32px\">\n<div class=\"\" style=\"text-align:justify;text-indent:35.4pt;tab-stops:111.0pt\" id=\"yui_3_16_0_1_1448840450946_5850\"><span style=\"font-size:12.0pt;line-height:115%;font-family:&quot;Arial&quot;,&quot;sans-serif&quot;\" id=\"yui_3_16_0_1_1448840450946_5852\" class=\"\">A  trinca S\u00e3o Pedro, S\u00e3o Crist\u00f3v\u00e3o e S\u00e3o Janu\u00e1rio mostrou que Deus \u00e9 vasca\u00edno.  Afinal, temos no uniforme a Cruz de Cristo! A partida entre o Cruzmaltino e  Santos estava marcada para as 17h, deste domingo. Por\u00e9m as fortes chuvas que  ca\u00edram na Zona Norte, do Rio de Janeiro, impediram o in\u00edcio do jogo no hor\u00e1rio  programado. Ap\u00f3s duas vistorias, o \u00e1rbitro Leandro Vuaden, optou por dar in\u00edcio  \u00e0s 18h. <o:p id=\"yui_3_16_0_1_1448840450946_5854\" class=\"\"><\/o:p><\/span><\/div>\n<div class=\"\" style=\"text-align:justify;text-indent:35.4pt;tab-stops:111.0pt\" id=\"yui_3_16_0_1_1448840450946_5856\"><span style=\"font-size:12.0pt;line-height:115%;font-family:&quot;Arial&quot;,&quot;sans-serif&quot;\" id=\"yui_3_16_0_1_1448840450946_5858\" class=\"\">A  rodada de n\u00famero 37, do Campeonato Brasileiro, foi repleta de emo\u00e7\u00f5es. O  resultado deu esperan\u00e7as ao Mach\u00e3o da Gama, que agora soma 40 pontos (18\u00aa  posi\u00e7\u00e3o) ganhos na tabela de classifica\u00e7\u00e3o, da competi\u00e7\u00e3o supracitada. Para  permanecer na S\u00e9rie A, em 2016, o Vasco da Gama precisar\u00e1 vencer o Coritiba, no  Couto Pereira, e torcer por trope\u00e7os de Ava\u00ed e Figueirense, domingo. Vale  lembrar, que o Coxa \u00e9 um advers\u00e1rio direto na luta contra o rebaixamento. A  \u00faltima rodada promete!<o:p id=\"yui_3_16_0_1_1448840450946_5860\" class=\"\"><\/o:p><\/span><\/div>\n<div class=\"\" style=\"text-align:justify;text-indent:35.4pt;tab-stops:111.0pt\" id=\"yui_3_16_0_1_1448840450946_5862\"><span style=\"font-size:12.0pt;line-height:115%;font-family:&quot;Arial&quot;,&quot;sans-serif&quot;\" id=\"yui_3_16_0_1_1448840450946_5864\" class=\"\">Mesmo  com o gramado alagado, o Vasco mostrou que n\u00e3o pilota somente o Trem Bala da  Colina, mas tamb\u00e9m o Catamar\u00e3 da Perman\u00eancia! Mostrou ao povo (n\u00e3o escrevi  polvo) paulista que dentro de casa n\u00e3o somos peixinhos de aqu\u00e1rio. Somos  Tubar\u00f5es!<o:p id=\"yui_3_16_0_1_1448840450946_5866\" class=\"\"><\/o:p><\/span><\/div>\n<div class=\"\" style=\"text-align:justify;text-indent:35.4pt;tab-stops:111.0pt\" id=\"yui_3_16_0_1_1448840450946_5868\"><span style=\"font-size:12.0pt;line-height:115%;font-family:&quot;Arial&quot;,&quot;sans-serif&quot;\" id=\"yui_3_16_0_1_1448840450946_5870\" class=\"\">Ser  \u00eddolo n\u00e3o \u00e9 para quem quer, e sim para quem merece ser! O ex-jogador Juninho,  hoje comentarista (profissional de mediano para ruim) na TV Esgoto, leia-se  Globo, tentou a todo o momento desmerecer a supremacia vasca\u00edna, alegando que o  time do Santos atuou com os reservas. Por\u00e9m, esse magn\u00edfico profissional n\u00e3o  sabe analisar nada. Certo que se o time advers\u00e1rio fosse o titular, ganhar\u00edamos  de mais de tr\u00eas gols de diferen\u00e7a.<o:p id=\"yui_3_16_0_1_1448840450946_5872\" class=\"\"><\/o:p><\/span><\/div>\n<div class=\"\" style=\"text-align:justify;text-indent:35.4pt;tab-stops:111.0pt\" id=\"yui_3_16_0_1_1448840450946_5874\"><span style=\"font-size:12.0pt;line-height:115%;font-family:&quot;Arial&quot;,&quot;sans-serif&quot;\" id=\"yui_3_16_0_1_1448840450946_5876\" class=\"\">Isto,  porque, quarta-feira, o Santos disputar\u00e1 a final\u00edssima da Copa do Brasil.  Nenhum jogador faria o menor esfor\u00e7o para disputar uma bola, ou mesmo alcan\u00e7ar  um lan\u00e7amento correndo o risco de ter uma contus\u00e3o e\/ou les\u00e3o em uma partida no  Brasileir\u00e3o que n\u00e3o influencia em mais nada! . J\u00e1 os suplentes n\u00e3o t\u00eam muito a  perder. Portanto, jogar bem \u00e9 uma boa a fim de mostrar servi\u00e7o para o  treinador. Ou at\u00e9 mesmo para estar na vitrine para outros times. Foi  infinitamente mais dif\u00edcil derrotar os reservas. Cale a boca Juninho!<o:p id=\"yui_3_16_0_1_1448840450946_5878\" class=\"\"><\/o:p><\/span><\/div>\n<div class=\"\" style=\"text-align:justify;text-indent:35.4pt;tab-stops:111.0pt\" id=\"yui_3_16_0_1_1448840450946_5880\"><span style=\"font-size:12.0pt;line-height:115%;font-family:&quot;Arial&quot;,&quot;sans-serif&quot;\" id=\"yui_3_16_0_1_1448840450946_5882\" class=\"\">Certamente  esse Reizinho de meia pataca j\u00e1 tem como certo um aposento no Castelo dos Mirandas,  caso o Vasco venha a ser rebaixado. O arrogante presidente Eurico disse mudar \u2013  deu certeza \u2013 para a Sib\u00e9ria, caso aconte\u00e7a o pior! <o:p id=\"yui_3_16_0_1_1448840450946_5884\" class=\"\"><\/o:p><\/span><\/div>\n<div class=\"\" style=\"text-align:justify;text-indent:35.4pt;tab-stops:111.0pt\" id=\"yui_3_16_0_1_1448840450946_5886\"><span style=\"font-size:12.0pt;line-height:115%;font-family:&quot;Arial&quot;,&quot;sans-serif&quot;\" id=\"yui_3_16_0_1_1448840450946_5888\" class=\"\">Bom,  enquanto a \u00faltima rodada e os seus fr\u00e9mitos n\u00e3o chegam, vamos torcendo a  fazendo as contas. Uma coisa certa: O Vasco foi muito superior, mostrou um  futebol digno da sua grande hist\u00f3ria futebol\u00edstica e social. Confirmou que o  mar hoje n\u00e3o estava para Peixe!<o:p id=\"yui_3_16_0_1_1448840450946_5890\" class=\"\"><\/o:p><\/span><\/div>\n<div class=\"\" style=\"text-align:justify;text-indent:35.4pt;tab-stops:111.0pt\" id=\"yui_3_16_0_1_1448840450946_5892\"><span style=\"font-size:12.0pt;line-height:115%;font-family:&quot;Arial&quot;,&quot;sans-serif&quot;\" id=\"yui_3_16_0_1_1448840450946_5894\" class=\"\"><o:p id=\"yui_3_16_0_1_1448840450946_5896\" class=\"\">&nbsp;<\/o:p><\/span><\/div>\n<div class=\"\" style=\"text-align:justify;text-indent:35.4pt;tab-stops:111.0pt\" id=\"yui_3_16_0_1_1448840450946_5898\"><span style=\"font-size:12.0pt;line-height:115%;font-family:&quot;Arial&quot;,&quot;sans-serif&quot;\" id=\"yui_3_16_0_1_1448840450946_5900\" class=\"\">&nbsp;<o:p id=\"yui_3_16_0_1_1448840450946_5902\" class=\"\"><\/o:p><\/span><\/div>\n<div class=\"\" style=\"text-align:justify;text-indent:35.4pt;tab-stops:111.0pt\" id=\"yui_3_16_0_1_1448840450946_5904\"><b id=\"yui_3_16_0_1_1448840450946_5906\" class=\"\"><u id=\"yui_3_16_0_1_1448840450946_5908\" class=\"\"><span style=\"font-size:20.0pt;line-height:115%;font-family:&quot;Arial&quot;,&quot;sans-serif&quot;\" id=\"yui_3_16_0_1_1448840450946_5910\" class=\"\">DIVULGUEM ESSA COVARDIA:<\/span><\/u><\/b><span style=\"font-size:16.0pt;line-height:115%;font-family:&quot;Arial&quot;,&quot;sans-serif&quot;\" id=\"yui_3_16_0_1_1448840450946_5912\" class=\"\"> GOSTARIA  DE PEDIR A TODOS OS MEUS AMIGOS E LEITORES QUE TIRASSE UM TEMPINHO PARA LER A  PETI\u00c7\u00c3O P\u00daBLICA, AO QUAL SEGUE ABAIXO O LINK. TAL DOCUMENTO REFERE-SE A <b id=\"yui_3_16_0_1_1448840450946_5914\" class=\"\"><u id=\"yui_3_16_0_1_1448840450946_5916\" class=\"\">UM ATO DE COVARDIA POR PARTE DA VOLKSWAGEN  DO BRASIL EM COAUTORIA DA ABOLI\u00c7\u00c3O VE\u00cdCULOS (GRUPO AB)<\/u><\/b> CONTRA ESTE  VELHO JORNALISTA. A REFERIDA CONCESSION\u00c1RIA EST\u00c1 ME LESANDO DESDE FEVEREIRO DE  2013. MEU CARRO FOI BATIDO DENTRO DA OFICINA, FURTARAM ACESS\u00d3RIOS, TEM  PROBLEMAS CAUSADOS POR ELES, AL\u00c9M DE DEFEITOS DE FABRICA\u00c7\u00c3O. O CARRO 0 KM  COMPRADO POR MIM HOJE SE ENCONTRA NA OFICINA DA ABOLI\u00c7\u00c3O VE\u00cdCULOS (CENTRO DE  NITER\u00d3I) <b id=\"yui_3_16_0_1_1448840450946_5918\" class=\"\"><u id=\"yui_3_16_0_1_1448840450946_5920\" class=\"\">DESDE 10 DE JUNHO DE 2013<\/u><\/b>,  OU SEJA, H\u00c1 <b id=\"yui_3_16_0_1_1448840450946_5922\" class=\"\"><u id=\"yui_3_16_0_1_1448840450946_5924\" class=\"\">29 MESES, OU SEJA, 2 ANOS  E CINCO MESES.<\/u><\/b> <b id=\"yui_3_16_0_1_1448840450946_5926\" class=\"\"><u id=\"yui_3_16_0_1_1448840450946_5928\" class=\"\">TEM APENAS 729  KM RODADOS<\/u><\/b> PARA COMPROVAR O CALV\u00c1RIO TENHO DOCUMENTOS, GRAVA\u00c7\u00d5ES DE  AUDIO E V\u00cdDEO, MAIS DE 600 FOTOGRAFIAS E E-MAILS TROCADOS COM FUNCION\u00c1RIOS DO  BAIXO, M\u00c9DIO E ALTO ESCAL\u00c3O DA EMPRESA. POR FAVOR, ASSINEM O DOCUMENTO PARA QUE  OUTROS CONSUMIDORES N\u00c3O SEJAM LESADOS POR EMPRESAS DESTE N\u00cdVEL.&nbsp; <\/span><a href=\"https:\/\/secure.avaaz.org\/po\/petition\/Aos_Orgaos_de_Defesa_do_Consumidor_e_ao_Poder_Judiciario_JUSTICA_CONTRA_UMA_MARCA_E_SUA_REVENDERORA_QUE_DESCUMPREM_A_LEI\/?lJEcNfb&amp;pv=0\" id=\"yui_3_16_0_1_1448840450946_5930\" class=\"\"><span style=\"font-size:16.0pt;line-height:115%;font-family:&quot;Arial&quot;,&quot;sans-serif&quot;\" id=\"yui_3_16_0_1_1448840450946_5932\" class=\"\"><a href=\"https:\/\/secure.avaaz.org\/po\/petition\/Aos_Orgaos_de_Defesa_do_Consumidor_e_ao_Poder_Judiciario_JUSTICA_CONTRA_UMA_MARCA_E_SUA_REVENDERORA_QUE_DESCUMPREM_A_LEI\/?lJEcNfb&amp;pv=0\" >https:\/\/secure.avaaz.org\/po\/petition\/Aos_Orgaos_de_Defesa_do_Consumidor_e_ao_Poder_Judiciario_JUSTICA_CONTRA_UMA_MARCA_E_SUA_REVENDERORA_QUE_DESCUMPREM_A_LEI\/?lJEcNfb&amp;pv=0<\/a><\/span><\/a><span style=\"font-size:16.0pt;line-height:115%;font-family:&quot;Arial&quot;,&quot;sans-serif&quot;\" id=\"yui_3_16_0_1_1448840450946_5934\" class=\"\"><o:p id=\"yui_3_16_0_1_1448840450946_5936\" class=\"\"><\/o:p><\/span><\/div>\n<div class=\"\" style=\"text-align:justify;tab-stops:111.0pt\" id=\"yui_3_16_0_1_1448840450946_5938\"><span style=\"font-size:16.0pt;line-height:115%;font-family:&quot;Arial&quot;,&quot;sans-serif&quot;\" id=\"yui_3_16_0_1_1448840450946_5940\" class=\"\"><o:p id=\"yui_3_16_0_1_1448840450946_5942\" class=\"\">&nbsp;<\/o:p><\/span><\/div>\n<div class=\"\" style=\"text-align:justify;tab-stops:111.0pt\" id=\"yui_3_16_0_1_1448840450946_5944\"><b id=\"yui_3_16_0_1_1448840450946_5946\" class=\"\"><span style=\"font-size:16.0pt;line-height:115%;font-family:&quot;Arial&quot;,&quot;sans-serif&quot;\" id=\"yui_3_16_0_1_1448840450946_5948\" class=\"\">&nbsp;&nbsp;&nbsp;&nbsp;&nbsp;&nbsp;&nbsp;&nbsp;&nbsp;&nbsp;&nbsp;&nbsp;&nbsp;&nbsp;&nbsp;&nbsp;&nbsp;&nbsp;&nbsp;&nbsp;&nbsp;&nbsp;&nbsp;&nbsp; &nbsp;&nbsp;&nbsp;&nbsp;&nbsp;&nbsp; <o:p id=\"yui_3_16_0_1_1448840450946_5950\" class=\"\"><\/o:p><\/span><\/b><\/div>\n<div id=\"yui_3_16_0_1_1448840450946_5783\">                                                <\/div>\n<div class=\"\" style=\"text-align:justify\" id=\"yui_3_16_0_1_1448840450946_5848\" dir=\"ltr\"><b id=\"yui_3_16_0_1_1448840450946_5953\" class=\"\"><span style=\"font-size:14.0pt;line-height:115%;font-family:&quot;Arial&quot;,&quot;sans-serif&quot;\" id=\"yui_3_16_0_1_1448840450946_5955\" class=\"\">AP\u00d3S  AS TODAS AS PARTIDAS DO VASC\u00c3O EM MEU PERFIL DO FACEBOOK (QUEM QUISER RECEBER  AS CR\u00d4NICAS DE PRIMEIRA M\u00c3O \u00c9 S\u00d3 ME ADICIONAR), E NOS SITES WEBVASCO  (www.webvasco.com), E VASCA\u00cdNOS UNIDOS (www.vascainosunidos.com.br) TEM A  OPINI\u00c3O DO JORNALISTA LUIZ CARLOS ROCHA. LEIAM! COMPARTILHEM E CURTAM!  VASCA\u00cdNOS UNIDOS JAMAIS SER\u00c3O VENCIDOS.<o:p id=\"yui_3_16_0_1_1448840450946_5957\" class=\"\"><\/o:p><\/span><\/b><\/div>\n<div id=\"yui_3_16_0_1_1448840450946_5783\"><span><br \/><\/span><\/div>\n<div id=\"yui_3_16_0_1_1448840450946_5783\"><span><br \/><\/span><\/div>\n<div id=\"yui_3_16_0_1_1448840450946_5783\"><span><br \/><\/span><\/div>\n<div><\/div>\n<div id=\"yui_3_16_0_1_1448840450946_5782\">&nbsp;<\/div>\n<div class=\"signature\" id=\"yui_3_16_0_1_1448840450946_5751\">\n<div id=\"RTEContent\">\n<div id=\"yui_3_16_0_1_1448840450946_5750\">\n<div id=\"yui_3_16_0_1_1448840450946_5749\">\n<div id=\"yui_3_16_0_1_1448840450946_5748\">\n<div align=\"center\" id=\"yui_3_16_0_1_1448840450946_5747\"><\/div>\n<\/div>\n<\/div>\n<\/div>\n<\/div>\n<\/div>\n<\/div>\n<\/div>\n<p><\/p>\n","protected":false},"excerpt":{"rendered":"<p>A trinca S\u00e3o Pedro, S\u00e3o Crist\u00f3v\u00e3o e S\u00e3o Janu\u00e1rio mostrou que Deus \u00e9 vasca\u00edno. Afinal,&#8230;<\/p>\n","protected":false},"author":7,"featured_media":0,"comment_status":"open","ping_status":"closed","sticky":false,"template":"","format":"standard","meta":{"footnotes":""},"categories":[4],"tags":[],"class_list":["post-5770","post","type-post","status-publish","format-standard","hentry","category-luizcarlosrocha"],"_links":{"self":[{"href":"https:\/\/webvasco.com\/artigos\/wp-json\/wp\/v2\/posts\/5770","targetHints":{"allow":["GET"]}}],"collection":[{"href":"https:\/\/webvasco.com\/artigos\/wp-json\/wp\/v2\/posts"}],"about":[{"href":"https:\/\/webvasco.com\/artigos\/wp-json\/wp\/v2\/types\/post"}],"author":[{"embeddable":true,"href":"https:\/\/webvasco.com\/artigos\/wp-json\/wp\/v2\/users\/7"}],"replies":[{"embeddable":true,"href":"https:\/\/webvasco.com\/artigos\/wp-json\/wp\/v2\/comments?post=5770"}],"version-history":[{"count":0,"href":"https:\/\/webvasco.com\/artigos\/wp-json\/wp\/v2\/posts\/5770\/revisions"}],"wp:attachment":[{"href":"https:\/\/webvasco.com\/artigos\/wp-json\/wp\/v2\/media?parent=5770"}],"wp:term":[{"taxonomy":"category","embeddable":true,"href":"https:\/\/webvasco.com\/artigos\/wp-json\/wp\/v2\/categories?post=5770"},{"taxonomy":"post_tag","embeddable":true,"href":"https:\/\/webvasco.com\/artigos\/wp-json\/wp\/v2\/tags?post=5770"}],"curies":[{"name":"wp","href":"https:\/\/api.w.org\/{rel}","templated":true}]}}