{"id":5771,"date":"2015-12-08T01:43:17","date_gmt":"2015-12-08T04:43:17","guid":{"rendered":"http:\/\/webvasco.com\/artigos\/?p=5771"},"modified":"2015-12-08T01:46:27","modified_gmt":"2015-12-08T04:46:27","slug":"e-agora-dom-charuto","status":"publish","type":"post","link":"https:\/\/webvasco.com\/artigos\/colunistas\/luizcarlosrocha\/e-agora-dom-charuto\/","title":{"rendered":"E AGORA DOM CHARUTO?"},"content":{"rendered":"<div>\n<div style=\"color:#000; background-color:#fff; font-family:HelveticaNeue-Light, Helvetica Neue Light, Helvetica Neue, Helvetica, Arial, Lucida Grande, sans-serif;font-size:32px\">\n<div class=\"\" style=\"text-align:justify;text-indent:35.4pt;tab-stops:111.0pt\" id=\"yui_3_16_0_1_1449549690756_2399\"><span style=\"font-size:12.0pt;line-height:115%;font-family:&quot;Arial&quot;,&quot;sans-serif&quot;\" id=\"yui_3_16_0_1_1449549690756_2401\" class=\"\">A  38\u00aa Rodada do Campeonato Brasileiro decretou, ontem, o final da competi\u00e7\u00e3o, bem  como o pouco de prest\u00edgio que o presidente do Vasco da Gama, Eurico \u00c2ngelo  Miranda ainda tinha entre os torcedores e s\u00f3cios conservadores. O empate por 0  a 0 com o Coritiba, no Est\u00e1dio Couto Pereira fez com que o Cruzmaltino chegasse  apenas aos 41 pontos ganhos durante todo o Brasileir\u00e3o. Consequ\u00eancia: Queda  para a S\u00e9rie B!<o:p id=\"yui_3_16_0_1_1449549690756_2403\" class=\"\"><\/o:p><\/span><\/div>\n<div class=\"\" style=\"text-align:justify;text-indent:35.4pt;tab-stops:111.0pt\" id=\"yui_3_16_0_1_1449549690756_2405\"><span style=\"font-size:12.0pt;line-height:115%;font-family:&quot;Arial&quot;,&quot;sans-serif&quot;\" id=\"yui_3_16_0_1_1449549690756_2407\" class=\"\">Foram  114 pontos disputados, dilu\u00eddos em 38 rodadas. O Vasco deixou de ganhar 73  pontos. Faltou planejamento. Depois de ganhar o Campeonato Carioca, Dom Charuto  e seus disc\u00edpulos acharam que esse p\u00edfio plantel seria suficiente para brigar  em um torneio nacional de n\u00edvel alto. Ledo engano! A cartolagem vasca\u00edna est\u00e1  cada vez mais amadora. Enquanto algumas equipes de S\u00e3o Paulo tratam futebol de  forma s\u00e9ria e profissional, os dirigentes em S\u00e3o Janu\u00e1rio brincam de \u201cbanco  imobili\u00e1rio\u201d, no que tange a administra\u00e7\u00e3o. <o:p id=\"yui_3_16_0_1_1449549690756_2409\" class=\"\"><\/o:p><\/span><\/div>\n<div class=\"\" style=\"text-align:justify;text-indent:35.4pt;tab-stops:111.0pt\" id=\"yui_3_16_0_1_1449549690756_2411\"><span style=\"font-size:12.0pt;line-height:115%;font-family:&quot;Arial&quot;,&quot;sans-serif&quot;\" id=\"yui_3_16_0_1_1449549690756_2413\" class=\"\">J\u00e1  na guerra das vaidades vasca\u00ednas, o jogo \u00e9 outro: \u201cwar\u201d, na tentativa de  dominar o mundo futebol\u00edstico. Com isso, o \u201cimbat\u00edvel\u201d Eurico Todo Poderoso  Miranda vem decaindo junto com o vasco (propositalmente com letra min\u00fascula).  Dom Charuto vem se apequenando a cada dia. Visivelmente abatido e sem moral, o ex-homem  forte cruzmaltino viu o seu pouco de notoriedade ir pelo ralo ao prometer que  com ele no comando jamais o Vasco cairia para a Segundona, se isso acontecesse  iria morar na Sib\u00e9ria! J\u00e1 deve estar de passagem comprada!<o:p id=\"yui_3_16_0_1_1449549690756_2415\" class=\"\"><\/o:p><\/span><\/div>\n<div class=\"\" style=\"text-align:justify;text-indent:35.4pt;tab-stops:111.0pt\" id=\"yui_3_16_0_1_1449549690756_2417\"><span style=\"font-size:12.0pt;line-height:115%;font-family:&quot;Arial&quot;,&quot;sans-serif&quot;\" id=\"yui_3_16_0_1_1449549690756_2419\" class=\"\">Deus  criou o homem com dois ouvidos, um c\u00e9rebro e uma boca. Que serve para  escutarmos mais do que falarmos, e assim mesmo pensar o que dizer. Se Dom  Charuto fizesse isso talvez n\u00e3o tivesse hoje em uma situa\u00e7\u00e3o complicada, de \u201csaia  justa\u201d. <o:p id=\"yui_3_16_0_1_1449549690756_2421\" class=\"\"><\/o:p><\/span><\/div>\n<div class=\"\" style=\"text-align:justify;text-indent:35.4pt;tab-stops:111.0pt\" id=\"yui_3_16_0_1_1449549690756_2423\"><span style=\"font-size:12.0pt;line-height:115%;font-family:&quot;Arial&quot;,&quot;sans-serif&quot;\" id=\"yui_3_16_0_1_1449549690756_2425\" class=\"\">Pressionado  ou n\u00e3o, um presidente de clube tem de saber lidar com a emo\u00e7\u00e3o e a raz\u00e3o, e  us\u00e1-las em momentos oportunos. Retrucando as provoca\u00e7\u00f5es, Miranda afirmou que  mudaria de pa\u00eds se o Vasco fosse para a Divis\u00e3o de Acesso. Foi e ponto. Defecou  pela boca Dr. Eurico! E agora?<o:p id=\"yui_3_16_0_1_1449549690756_2427\" class=\"\"><\/o:p><\/span><\/div>\n<div class=\"\" style=\"text-align:justify;text-indent:35.4pt;tab-stops:111.0pt\" id=\"yui_3_16_0_1_1449549690756_2429\"><span style=\"font-size:12.0pt;line-height:115%;font-family:&quot;Arial&quot;,&quot;sans-serif&quot;\" id=\"yui_3_16_0_1_1449549690756_2431\" class=\"\">Advogado,  dirigente de futebol com 50 anos de experi\u00eancia, ex Deputado Federal e  conhecedor do funcionamento da m\u00e1quina Vasco da Gama, Eurico Charuto Miranda,  n\u00e3o pode alegar desconhecimento. At\u00e9, porque, no Gigante da Colina h\u00e1 assessor  para tudo. Al\u00e9m de contar com um forte Departamento Jur\u00eddico. Portanto, as  trapalhadas efetuadas pelo Pan\u00e7udo, bem como a maldita promessa de morar na  Sib\u00e9ria foram teoricamente pensadas. N\u00e3o h\u00e1 de se citar a palavra: Desculpa!<o:p id=\"yui_3_16_0_1_1449549690756_2433\" class=\"\"><\/o:p><\/span><\/div>\n<div class=\"\" style=\"text-align:justify;text-indent:35.4pt;tab-stops:111.0pt\" id=\"yui_3_16_0_1_1449549690756_2435\"><span style=\"font-size:12.0pt;line-height:115%;font-family:&quot;Arial&quot;,&quot;sans-serif&quot;\" id=\"yui_3_16_0_1_1449549690756_2437\" class=\"\">E  agora Dom Charuto?<o:p id=\"yui_3_16_0_1_1449549690756_2439\" class=\"\"><\/o:p><\/span><\/div>\n<div class=\"\" style=\"text-align:justify;text-indent:35.4pt;tab-stops:111.0pt\" id=\"yui_3_16_0_1_1449549690756_2441\"><span style=\"font-size:12.0pt;line-height:115%;font-family:&quot;Arial&quot;,&quot;sans-serif&quot;\" id=\"yui_3_16_0_1_1449549690756_2443\" class=\"\">Esta  ser\u00e1 a terceira passagem do Vasco pela S\u00e9rie B, em apenas 8 anos, mostrando que  as gest\u00f5es do Cruzmaltino mudam de nomes, mas n\u00e3o de filosofia e modo de  trabalho. Na Segundona o clube ter\u00e1 um enorme preju\u00edzo financeiro, cerca de R$  30 milh\u00f5es. Os patrocinadores ser\u00e3o mais modestos. Primeiro porque a S\u00e9rie B  n\u00e3o tem tanta visibilidade, depois porque o presidente do clube n\u00e3o \u00e9 muito  querido no cen\u00e1rio desportivo. <o:p id=\"yui_3_16_0_1_1449549690756_2445\" class=\"\"><\/o:p><\/span><\/div>\n<div class=\"\" style=\"text-align:justify;text-indent:35.4pt;tab-stops:111.0pt\" id=\"yui_3_16_0_1_1449549690756_2447\"><span style=\"font-size:12.0pt;line-height:115%;font-family:&quot;Arial&quot;,&quot;sans-serif&quot;\" id=\"yui_3_16_0_1_1449549690756_2449\" class=\"\">As  bilheterias tamb\u00e9m ter\u00e3o queda. \u00c9 fato. As vendas de produtos oficiais ser\u00e3o  abaladas. Sem citar a pr\u00f3pria imagem do Cruzmaltino que ter\u00e1 uma grande  rachadura, pois ficar\u00e1 pelo menos um ano maculada (se voltar logo em 2016,  porque poder\u00e1 ficar muito mais tempo).<o:p id=\"yui_3_16_0_1_1449549690756_2451\" class=\"\"><\/o:p><\/span><\/div>\n<div class=\"\" style=\"text-align:justify;text-indent:35.4pt;tab-stops:111.0pt\" id=\"yui_3_16_0_1_1449549690756_2453\"><span style=\"font-size:12.0pt;line-height:115%;font-family:&quot;Arial&quot;,&quot;sans-serif&quot;\" id=\"yui_3_16_0_1_1449549690756_2455\" class=\"\">Certo  narrador esportivo, ao apito final dizia que a torcida vasca\u00edna aplaudia a  equipe, dando a entender que o torcedor fazia alus\u00e3o ao rebaixamento. Nada  disso! N\u00e3o tente ridicularizar uma Institui\u00e7\u00e3o Centen\u00e1ria de muito respeito!  Acontece que na primeira queda para a S\u00e9rie B foi um choque! Fato in\u00e9dito! O  segundo rebaixamento (por culpa exclusiva do Roberto Bombinha, que n\u00e3o soube  usar o regulamento do Brasileir\u00e3o 2013) foi triste, mas o abatimento bem menor.  Agora virou mulher de malandro, acostumada a levar porrada! Da s\u00e9rie: Sorrir  para n\u00e3o chorar!\u201d<o:p id=\"yui_3_16_0_1_1449549690756_2457\" class=\"\"><\/o:p><\/span><\/div>\n<div class=\"\" style=\"text-align:justify;text-indent:35.4pt;tab-stops:111.0pt\" id=\"yui_3_16_0_1_1449549690756_2459\"><span style=\"font-size:12.0pt;line-height:115%;font-family:&quot;Arial&quot;,&quot;sans-serif&quot;\" id=\"yui_3_16_0_1_1449549690756_2461\" class=\"\">Agora  entendi o porqu\u00ea da Sib\u00e9ria. \u00c9 porque a volta do Eurico Miranda ao poder  vasca\u00edno seria uma fria para a hist\u00f3ria do clube. Que o futebol do Vasco seria  congelado durante todo o seu pleito. E que o valimento do Eurico quando  colocado em emo\u00e7\u00f5es quentes derreteria facilmente! E agora Dom Charuto?<o:p id=\"yui_3_16_0_1_1449549690756_2463\" class=\"\"><\/o:p><\/span><\/div>\n<div class=\"\" style=\"text-align:justify;text-indent:35.4pt;tab-stops:111.0pt\" id=\"yui_3_16_0_1_1449549690756_2465\"><span style=\"font-size:12.0pt;line-height:115%;font-family:&quot;Arial&quot;,&quot;sans-serif&quot;\" id=\"yui_3_16_0_1_1449549690756_2467\" class=\"\"><o:p id=\"yui_3_16_0_1_1449549690756_2469\" class=\"\">&nbsp;<\/o:p><\/span><\/div>\n<div class=\"\" style=\"text-align:justify;text-indent:35.4pt;tab-stops:111.0pt\" id=\"yui_3_16_0_1_1449549690756_2471\"><span style=\"font-size:12.0pt;line-height:115%;font-family:&quot;Arial&quot;,&quot;sans-serif&quot;\" id=\"yui_3_16_0_1_1449549690756_2473\" class=\"\">&nbsp;<o:p id=\"yui_3_16_0_1_1449549690756_2475\" class=\"\"><\/o:p><\/span><\/div>\n<div class=\"\" style=\"text-align:justify;text-indent:35.4pt;tab-stops:111.0pt\" id=\"yui_3_16_0_1_1449549690756_2477\"><b id=\"yui_3_16_0_1_1449549690756_2479\" class=\"\"><u id=\"yui_3_16_0_1_1449549690756_2481\" class=\"\"><span style=\"font-size:20.0pt;line-height:115%;font-family:&quot;Arial&quot;,&quot;sans-serif&quot;\" id=\"yui_3_16_0_1_1449549690756_2483\" class=\"\">DIVULGUEM ESSA COVARDIA:<\/span><\/u><\/b><span style=\"font-size:16.0pt;line-height:115%;font-family:&quot;Arial&quot;,&quot;sans-serif&quot;\" id=\"yui_3_16_0_1_1449549690756_2485\" class=\"\"> GOSTARIA  DE PEDIR A TODOS OS MEUS AMIGOS E LEITORES QUE TIRASSE UM TEMPINHO PARA LER A  PETI\u00c7\u00c3O P\u00daBLICA, AO QUAL SEGUE ABAIXO O LINK. TAL DOCUMENTO REFERE-SE A <b id=\"yui_3_16_0_1_1449549690756_2487\" class=\"\"><u id=\"yui_3_16_0_1_1449549690756_2489\" class=\"\">UM ATO DE COVARDIA POR PARTE DA  VOLKSWAGEN DO BRASIL EM COAUTORIA DA ABOLI\u00c7\u00c3O VE\u00cdCULOS (GRUPO AB)<\/u><\/b>  CONTRA ESTE VELHO JORNALISTA. A REFERIDA CONCESSION\u00c1RIA EST\u00c1 ME LESANDO DESDE  FEVEREIRO DE 2013. MEU CARRO FOI BATIDO DENTRO DA OFICINA, FURTARAM ACESS\u00d3RIOS,  TEM PROBLEMAS CAUSADOS POR ELES, AL\u00c9M DE DEFEITOS DE FABRICA\u00c7\u00c3O. O CARRO 0 KM  COMPRADO POR MIM HOJE SE ENCONTRA NA OFICINA DA ABOLI\u00c7\u00c3O VE\u00cdCULOS (CENTRO DE  NITER\u00d3I) <b id=\"yui_3_16_0_1_1449549690756_2491\" class=\"\"><u id=\"yui_3_16_0_1_1449549690756_2493\" class=\"\">DESDE 10 DE JUNHO DE 2013<\/u><\/b>,  OU SEJA, H\u00c1 <b id=\"yui_3_16_0_1_1449549690756_2495\" class=\"\"><u id=\"yui_3_16_0_1_1449549690756_2497\" class=\"\">29 MESES, OU SEJA, 2 ANOS  E CINCO MESES.<\/u><\/b> <b id=\"yui_3_16_0_1_1449549690756_2499\" class=\"\"><u id=\"yui_3_16_0_1_1449549690756_2501\" class=\"\">TEM APENAS 729  KM RODADOS<\/u><\/b> PARA COMPROVAR O CALV\u00c1RIO TENHO DOCUMENTOS, GRAVA\u00c7\u00d5ES DE  AUDIO E V\u00cdDEO, MAIS DE 600 FOTOGRAFIAS E E-MAILS TROCADOS COM FUNCION\u00c1RIOS DO  BAIXO, M\u00c9DIO E ALTO ESCAL\u00c3O DA EMPRESA. POR FAVOR, ASSINEM O DOCUMENTO PARA QUE  OUTROS CONSUMIDORES N\u00c3O SEJAM LESADOS POR EMPRESAS DESTE N\u00cdVEL.&nbsp; <\/span><a href=\"https:\/\/secure.avaaz.org\/po\/petition\/Aos_Orgaos_de_Defesa_do_Consumidor_e_ao_Poder_Judiciario_JUSTICA_CONTRA_UMA_MARCA_E_SUA_REVENDERORA_QUE_DESCUMPREM_A_LEI\/?lJEcNfb&amp;pv=0\" id=\"yui_3_16_0_1_1449549690756_2503\" class=\"\"><span style=\"font-size:16.0pt;line-height:115%;font-family:&quot;Arial&quot;,&quot;sans-serif&quot;\" id=\"yui_3_16_0_1_1449549690756_2505\" class=\"\"><a href=\"https:\/\/secure.avaaz.org\/po\/petition\/Aos_Orgaos_de_Defesa_do_Consumidor_e_ao_Poder_Judiciario_JUSTICA_CONTRA_UMA_MARCA_E_SUA_REVENDERORA_QUE_DESCUMPREM_A_LEI\/?lJEcNfb&amp;pv=0\" >https:\/\/secure.avaaz.org\/po\/petition\/Aos_Orgaos_de_Defesa_do_Consumidor_e_ao_Poder_Judiciario_JUSTICA_CONTRA_UMA_MARCA_E_SUA_REVENDERORA_QUE_DESCUMPREM_A_LEI\/?lJEcNfb&amp;pv=0<\/a><\/span><\/a><span style=\"font-size:16.0pt;line-height:115%;font-family:&quot;Arial&quot;,&quot;sans-serif&quot;\" id=\"yui_3_16_0_1_1449549690756_2507\" class=\"\"><o:p id=\"yui_3_16_0_1_1449549690756_2509\" class=\"\"><\/o:p><\/span><\/div>\n<div class=\"\" style=\"text-align:justify;tab-stops:111.0pt\" id=\"yui_3_16_0_1_1449549690756_2511\"><span style=\"font-size:16.0pt;line-height:115%;font-family:&quot;Arial&quot;,&quot;sans-serif&quot;\" id=\"yui_3_16_0_1_1449549690756_2513\" class=\"\"><o:p id=\"yui_3_16_0_1_1449549690756_2515\" class=\"\">&nbsp;<\/o:p><\/span><\/div>\n<div class=\"\" style=\"text-align:justify;tab-stops:111.0pt\" id=\"yui_3_16_0_1_1449549690756_2517\"><b id=\"yui_3_16_0_1_1449549690756_2519\" class=\"\"><span style=\"font-size:16.0pt;line-height:115%;font-family:&quot;Arial&quot;,&quot;sans-serif&quot;\" id=\"yui_3_16_0_1_1449549690756_2521\" class=\"\">&nbsp;&nbsp;&nbsp;&nbsp;&nbsp;&nbsp;&nbsp;&nbsp;&nbsp;&nbsp;&nbsp;&nbsp;&nbsp;&nbsp;&nbsp;&nbsp;&nbsp;&nbsp;&nbsp;&nbsp;&nbsp;&nbsp;&nbsp;&nbsp; &nbsp;&nbsp;&nbsp;&nbsp;&nbsp;&nbsp; <o:p id=\"yui_3_16_0_1_1449549690756_2523\" class=\"\"><\/o:p><\/span><\/b><\/div>\n<div id=\"yui_3_16_0_1_1449549690756_2296\">                                                                <\/div>\n<div class=\"\" style=\"text-align:justify\" id=\"yui_3_16_0_1_1449549690756_2397\" dir=\"ltr\"><b id=\"yui_3_16_0_1_1449549690756_2526\" class=\"\"><span style=\"font-size:14.0pt;line-height:115%;font-family:&quot;Arial&quot;,&quot;sans-serif&quot;\" id=\"yui_3_16_0_1_1449549690756_2528\" class=\"\">AP\u00d3S  AS TODAS AS PARTIDAS DO VASC\u00c3O EM MEU PERFIL DO FACEBOOK (QUEM QUISER RECEBER  AS CR\u00d4NICAS DE PRIMEIRA M\u00c3O \u00c9 S\u00d3 ME ADICIONAR), E NOS SITES WEBVASCO  (www.webvasco.com), E VASCA\u00cdNOS UNIDOS (www.vascainosunidos.com.br) TEM A  OPINI\u00c3O DO JORNALISTA LUIZ CARLOS ROCHA. LEIAM! COMPARTILHEM E CURTAM!  VASCA\u00cdNOS UNIDOS JAMAIS SER\u00c3O VENCIDOS.<o:p id=\"yui_3_16_0_1_1449549690756_2530\" class=\"\"><\/o:p><\/span><\/b><\/div>\n<div id=\"yui_3_16_0_1_1449549690756_2296\"><span><br \/><\/span><\/div>\n<div id=\"yui_3_16_0_1_1449549690756_2296\"><span><br \/><\/span><\/div>\n<div id=\"yui_3_16_0_1_1449549690756_2296\"><span><br \/><\/span><\/div>\n<div><\/div>\n<div id=\"yui_3_16_0_1_1449549690756_2297\">&nbsp;<\/div>\n<div class=\"signature\" id=\"yui_3_16_0_1_1449549690756_2305\">\n<div id=\"RTEContent\">\n<div id=\"yui_3_16_0_1_1449549690756_2304\">\n<div id=\"yui_3_16_0_1_1449549690756_2303\">\n<div id=\"yui_3_16_0_1_1449549690756_2302\">\n<div align=\"center\" id=\"yui_3_16_0_1_1449549690756_2301\"><\/div>\n<\/div>\n<\/div>\n<\/div>\n<\/div>\n<\/div>\n<\/div>\n<\/div>\n<p><\/p>\n","protected":false},"excerpt":{"rendered":"<p>A 38\u00aa Rodada do Campeonato Brasileiro decretou, ontem, o final da competi\u00e7\u00e3o, bem como o&#8230;<\/p>\n","protected":false},"author":7,"featured_media":0,"comment_status":"open","ping_status":"closed","sticky":false,"template":"","format":"standard","meta":{"footnotes":""},"categories":[4],"tags":[],"class_list":["post-5771","post","type-post","status-publish","format-standard","hentry","category-luizcarlosrocha"],"_links":{"self":[{"href":"https:\/\/webvasco.com\/artigos\/wp-json\/wp\/v2\/posts\/5771","targetHints":{"allow":["GET"]}}],"collection":[{"href":"https:\/\/webvasco.com\/artigos\/wp-json\/wp\/v2\/posts"}],"about":[{"href":"https:\/\/webvasco.com\/artigos\/wp-json\/wp\/v2\/types\/post"}],"author":[{"embeddable":true,"href":"https:\/\/webvasco.com\/artigos\/wp-json\/wp\/v2\/users\/7"}],"replies":[{"embeddable":true,"href":"https:\/\/webvasco.com\/artigos\/wp-json\/wp\/v2\/comments?post=5771"}],"version-history":[{"count":0,"href":"https:\/\/webvasco.com\/artigos\/wp-json\/wp\/v2\/posts\/5771\/revisions"}],"wp:attachment":[{"href":"https:\/\/webvasco.com\/artigos\/wp-json\/wp\/v2\/media?parent=5771"}],"wp:term":[{"taxonomy":"category","embeddable":true,"href":"https:\/\/webvasco.com\/artigos\/wp-json\/wp\/v2\/categories?post=5771"},{"taxonomy":"post_tag","embeddable":true,"href":"https:\/\/webvasco.com\/artigos\/wp-json\/wp\/v2\/tags?post=5771"}],"curies":[{"name":"wp","href":"https:\/\/api.w.org\/{rel}","templated":true}]}}