{"id":613,"date":"2013-09-04T10:33:56","date_gmt":"2013-09-04T13:33:56","guid":{"rendered":"http:\/\/webvasco.com\/artigos\/?p=613"},"modified":"2013-09-04T11:46:04","modified_gmt":"2013-09-04T14:46:04","slug":"a-radiografia-dos-fracassos","status":"publish","type":"post","link":"https:\/\/webvasco.com\/artigos\/colunistas\/a-radiografia-dos-fracassos\/","title":{"rendered":"A radiografia dos fracassos"},"content":{"rendered":"<div dir=\"ltr\"><span style=\"font-size: 12px;\">Dos\u00a0\u00faltimos doze pontos disputados, o time do Vasco obteve somente a<\/span><br \/>\n<span style=\"font-size: 12px;\"> p\u00edfia pontua\u00e7\u00e3o de dois pontos, sendo que somente um ponto em dois<\/span><br \/>\n<span style=\"font-size: 12px;\"> jogos com seu mando de campo. Sofreu dez gols, sendo que em todos os<\/span><br \/>\n<span style=\"font-size: 12px;\"> jogos a defesa foi superada por pelo menos um gol do ataque<\/span><br \/>\n<span style=\"font-size: 12px;\"> advers\u00e1rio. N\u00e3o por coincid\u00eancia, essa sequ\u00eancia de resultados<\/span><br \/>\n<span style=\"font-size: 12px;\"> insatisfat\u00f3rios coincide com a entrada do ultrapassado e limitado<\/span><br \/>\n<span style=\"font-size: 12px;\"> zagueiro Cris no time. Contudo, atribuir-lhe somente a culpa pelos<\/span><br \/>\n<span style=\"font-size: 12px;\"> fracassos \u00e9 ato simplista demais, tal como se o time j\u00e1 n\u00e3o<\/span><br \/>\n<span style=\"font-size: 12px;\"> vivenciasse problemas antes de sua chegada. Portanto, a pouca<\/span><br \/>\n<span style=\"font-size: 12px;\"> produ\u00e7\u00e3o nesse time pode ser explicada n\u00e3o somente pela entrada do<\/span><br \/>\n<span style=\"font-size: 12px;\"> referido zagueiro, por\u00e9m, por outras raz\u00f5es que vem a se somar com<\/span><br \/>\n<span style=\"font-size: 12px;\"> esse fator.<\/span><\/div>\n<div dir=\"ltr\"><span style=\"font-size: 12px;\">Em\u00a0primeiro lugar, as fraquezas j\u00e1 podem ser notadas quando no momento<\/span><br \/>\n<span style=\"font-size: 12px;\"> da escala\u00e7\u00e3o do time que inicia os jogos. Ainda que reconhe\u00e7a que<\/span><br \/>\n<span style=\"font-size: 12px;\"> n\u00e3o seja de todo ruim, que a culpa passa longe de ser somente sua e<\/span><br \/>\n<span style=\"font-size: 12px;\"> que foi um jogador no qual sempre opinei que merecesse uma chance<\/span><br \/>\n<span style=\"font-size: 12px;\"> para mostrar seu valor, Diogo Silva n\u00e3o \u00e9 goleiro, hoje, para o<\/span><br \/>\n<span style=\"font-size: 12px;\"> perfil de um time que deseje ser vencedor. Inst\u00e1vel, consegue<\/span><br \/>\n<span style=\"font-size: 12px;\"> oscilar entre defesas dif\u00edceis que consegue fazer e outras n\u00e3o t\u00e3o<\/span><br \/>\n<span style=\"font-size: 12px;\"> complicadas que poderia ter feito mas que deixa a bola passar e<\/span><br \/>\n<span style=\"font-size: 12px;\"> &#8220;morrer&#8221; em nossas redes. Est\u00e1 clara sua defici\u00eancia na<\/span><br \/>\n<span style=\"font-size: 12px;\"> reposi\u00e7\u00e3o de bola e nos chutes de longa dist\u00e2ncia, bem como sua<\/span><br \/>\n<span style=\"font-size: 12px;\"> not\u00f3ria inseguran\u00e7a, que no princ\u00edpio da sinergia, \u00e9 m\u00fatua entre<\/span><br \/>\n<span style=\"font-size: 12px;\"> os homens que comp\u00f5em sua defesa e o pr\u00f3prio. O setor defensivo do<\/span><br \/>\n<span style=\"font-size: 12px;\"> Vasco, como um todo, \u00e9 fraco: pela inseguran\u00e7a que todos transmitem<\/span><br \/>\n<span style=\"font-size: 12px;\"> entre si e pelo fator t\u00e9cnico tamb\u00e9m. Desmotivar ao goleiro, no<\/span><br \/>\n<span style=\"font-size: 12px;\"> entanto nesse momento, \u00e9 um ato de covardia e at\u00e9 mesmo de atentado<\/span><br \/>\n<span style=\"font-size: 12px;\"> contra nosso futuro no campeonato, pois \u00e0 exce\u00e7\u00e3o da promessa<\/span><br \/>\n<span style=\"font-size: 12px;\"> Jordi, o restante dos goleiros conseguem ainda ser piores do que<\/span><br \/>\n<span style=\"font-size: 12px;\"> Diogo Silva.<\/span><br \/>\n<span style=\"font-size: 12px;\"> Tal\u00a0instabilidade e inseguran\u00e7a se propaga para o miolo de zaga. Sobre<br \/>\nesse ponto, come\u00e7a a recair, mais uma vez, \u00e0 culpa para o t\u00e9cnico<br \/>\nDorival J\u00fanior que, por sinal, j\u00e1 come\u00e7o a questionar de forma<br \/>\nmais incisiva se a escala\u00e7\u00e3o de determinados jogadores \u00e9 por sua<br \/>\npr\u00f3pria vontade ou se tem &#8220;dedo pol\u00edtico&#8221; nessa &#8220;jogada&#8221;.<br \/>\nAo passo que, mesmo sem serem brilhantes, temos jogadores que gozam<br \/>\nde maior seguran\u00e7a &#8211; e que vinham jogando de forma correta &#8211; no<br \/>\nbanco de reservas tais como Jomar e Renato Silva, contamos com a<br \/>\n(ainda) titularidade de Cris, zagueiro que consegue ter a m\u00e9dia de<br \/>\nTR\u00caS GOLS sofridos pela defesa que comp\u00f5e desde que estreou no<br \/>\natual certame, diante do Gr\u00eamio. Jomar, inclusive, que vinha<br \/>\nadquirindo confian\u00e7a ao longo dos jogos foi covardemente relegado a<br \/>\num posto no qual N\u00c3O merece estar, al\u00e9m de ser cria do Vasco, ter<br \/>\nmais vitalidade e MUITO mais futuro pela frente do que a inven\u00e7\u00e3o<br \/>\nCris. E Renato Silva que, apesar de ser limitado, vinha jogando um<br \/>\nfutebol aceit\u00e1vel dentro da car\u00eancia t\u00e9cnica de zagueiros que<br \/>\ntemos em nosso futebol.<\/span><\/div>\n<div dir=\"ltr\"><span style=\"font-size: 12px;\">N\u00e3o\u00a0fosse por esse \u00faltimo agravante, uma das solu\u00e7\u00f5es propostas para<br \/>\nfechar essa defesa e prover maior seguran\u00e7a para o restante do time<br \/>\nseria a escala\u00e7\u00e3o com tr\u00eas zagueiros e a transforma\u00e7\u00e3o dos<br \/>\nlaterais Fagner e Yotun (ou at\u00e9 mesmo Rodrigo Biro, que foi<br \/>\nanunciado nessa semana) em alas. Particularmente, sou um defensor do<br \/>\nesquema 3-5-2 quando bem treinado e implantado, e para esse time do<br \/>\nVasco poderia significar a resolu\u00e7\u00e3o de boa parte de nossos<br \/>\nproblemas, INCLUSIVE a defici\u00eancia de nossos laterais em marcarem.<br \/>\nFagner, inclusive, consegue hoje estar pior do que o peruano: tem ido<br \/>\nmuito mal ofensivamente e pior ainda defensivamente n\u00e3o<br \/>\njustificando, at\u00e9 ent\u00e3o, a titularidade absoluta, haja vista que<br \/>\nNei (tecnicamente, bem pior que Fagner) consegue, nesse momento,<br \/>\nestar em seu igual patamar sob o ponto de vista t\u00e9cnico.<\/span><\/div>\n<div dir=\"ltr\"><span style=\"font-size: 12px;\">No\u00a0meio de campo, outro fator que n\u00e3o consegue contribuir, at\u00e9 mesmo<br \/>\npara a mudan\u00e7a radical de esquema e enquadramento de uma defesa mais<br \/>\nfirme e mais s\u00f3lida: a falta de bons volantes. \u00c0 exce\u00e7\u00e3o de Abuda<br \/>\nque faz o que pode e que fora bem at\u00e9 em boa parte dos jogos em que<br \/>\natuou, o restante de nossos volantes deixa a desejar: seja pela<br \/>\nfraqueza de seu porte f\u00edsico (Fellipe Souto) ou at\u00e9 mesmo por<br \/>\nestarem mal tecnicamente mesmo (Wendel). O ideal que, infelizmente<br \/>\nn\u00e3o \u00e9 o real, seria a coloca\u00e7\u00e3o de dois volantes de conten\u00e7\u00e3o,<br \/>\ne mais Juninho para contemplar a esse setor do time, deixando no<br \/>\nataque Andr\u00e9 e mais um. Continuar dando chances a Marlone enquanto<br \/>\nMontoya n\u00e3o est\u00e1 cem por cento ambientado e em seu melhor patamar<br \/>\nt\u00e9cnico e utilizar mais as boas promessas que come\u00e7am a surgir, tal<br \/>\ncomo F\u00e1bio Lima Willie, por exemplo, esse \u00faltimo tendo ido muito<br \/>\nbem diante do Cruzeiro. E sobre Willie, eu discorro adiante.<\/span><\/div>\n<div dir=\"ltr\"><span style=\"font-size: 12px;\"><b>Willie\u00a0vs \u00c9der Lu\u00eds<\/b><\/span><br \/>\n<span style=\"font-size: 12px;\"> Bastou\u00a0somente um jogo tendo \u00e0 frente um jogador que pode at\u00e9 n\u00e3o<br \/>\n&#8220;vingar&#8221; no futuro para que cheg\u00e1ssemos \u00e0 conclus\u00e3o de o<br \/>\nquanto \u00c9der Lu\u00eds fazia mal a esse time. Em lugar de um jogador j\u00e1<br \/>\nveterano atabalhoado, enrolado, que n\u00e3o sabia quando e como passar<br \/>\nou quando chutar e que brigava inclusive com a bola dominada em suas<br \/>\npr\u00f3prias pernas, demos lugar a um jovem garoto, promissor, que chuta<br \/>\nbem de fora da \u00e1rea tamb\u00e9m e que tem, mesmo que em sua estreia, a<br \/>\ncalma e a tranquilidade para dar um drible de peito e fazer um belo<br \/>\ngol. At\u00e9 mesmo no aspecto psicol\u00f3gico, t\u00ednhamos sempre a impress\u00e3o<br \/>\nde um jogador desmotivado em \u00c9der Lu\u00eds, ao contr\u00e1rio do entusiasmo<br \/>\ne explos\u00e3o mostrados por Willie no \u00faltimo jogo. \u00c9 claro que ainda<br \/>\n\u00e9 prematuro dizer se o mesmo ser\u00e1 craque ou n\u00e3o, mas \u00e9 certo<br \/>\ntamb\u00e9m que o time precisava desse &#8220;g\u00e1s sonegado&#8221; por \u00c9der<br \/>\nem seus \u00faltimos tempos de Vasco.<\/span><\/div>\n<div dir=\"ltr\"><span style=\"font-size: 12px;\">Vale\u00a0somente uma pergunta bem simples nesse caso: esse jovem talento<br \/>\npromissor que chega ao Vasco por empr\u00e9stimo at\u00e9 o final do ano tem<br \/>\nseus direitos econ\u00f4micos fixados junto ao Vit\u00f3ria da Bahia, ou<br \/>\nseria mais um para o Vasco servir de vitrine e depois ser negociado<br \/>\ncom quem tem bem mais &#8220;cacife&#8221; financeiro do que nosso<br \/>\nclube?<\/span><\/div>\n<div dir=\"ltr\"><span style=\"font-size: 12px;\"><b>Marlone\u00a0vs Pedro Ken<\/b><\/span><br \/>\n<span style=\"font-size: 12px;\"> A\u00a0cada jogo que passa e que demonstra potencial, tal como contra o<br \/>\nNacional-AM na quarta-feira passada, Marlone demonstra o quanto tempo<br \/>\nfoi lhe subtra\u00eddo quando d\u00e1vamos chances para Chaparro, por<br \/>\nexemplo, e tir\u00e1vamos o lugar que poderia ser seu, tal como ocorre no<br \/>\npresente, em que Dorival J\u00fanior prefere ao limitad\u00edssimo e in\u00f3quo<br \/>\nPedro Ken em seu lugar. Tal como nos caso de Jomar e, at\u00e9 mesmo, do<br \/>\ntamb\u00e9m jovem lateral-esquerdo Henrique que j\u00e1 recebeu algumas<br \/>\nchances de Dorival J\u00fanior, Marlone \u00e9 um ativo do clube, no qual<br \/>\ncusta bem menos aos combalidos cofres do Vasco e sobre o qual o clube<br \/>\npode obter um dinheiro em uma transa\u00e7\u00e3o no futuro.<\/span><\/div>\n<div dir=\"ltr\"><span style=\"font-size: 12px;\"><b>Filosofia\u00a0da base &#8211; Parte II <\/b><\/span><br \/>\n<span style=\"font-size: 12px;\"> N\u00e3o\u00a0faz tanto tempo, o meu companheiro V\u00edtor Roma escreveu no site no<br \/>\nqual ele escreve agora sobre esse tema e que terei o prazer agora de<br \/>\ndar continuidade.<\/span><\/div>\n<div dir=\"ltr\"><span style=\"font-size: 12px;\">Lembro-me\u00a0bem quando, em mar\u00e7o de 2008, nosso ex-Presidente deu uma<br \/>\n&#8220;cornetada&#8221; sobre sua inven\u00e7\u00e3o de t\u00e9cnico Rom\u00e1rio para<br \/>\nque o &#8220;Baixinho&#8221; escalasse Alan Kardec em lugar de Abuda,<br \/>\natacante ex-Cor\u00ednthians, segundo o pr\u00f3prio ex-jogador (ou seria<br \/>\nex-t\u00e9cnico) que hoje \u00e9 um dos credores do clube. Isso provocou<br \/>\ndesentendimento entre ambos na \u00e9poca e foi o estopim para que o<br \/>\npr\u00f3prio Rom\u00e1rio desistisse dessa carreira. Lembro-me que, naquela<br \/>\nmesma noite, Alfredo Sampaio foi dirigir o time em S\u00e3o Janu\u00e1rio<br \/>\nsozinho, com a exig\u00eancia do ex-Presidente satisfeita pelo t\u00e9cnico.<\/span><\/div>\n<div dir=\"ltr\"><span style=\"font-size: 12px;\">Guardadas\u00a0as devidas propor\u00e7\u00f5es e excluindo todo o puritanismo e o<br \/>\ncomportamento falso moralista no qual \u00e0s vezes toma conta de n\u00f3s<br \/>\nmesmos, obviamente nesse caso eu sou obrigado a concordar com o nosso<br \/>\nex-Presidente. Em primeiro lugar, Kardec era um ativo do clube, ao<br \/>\npasso que Abuda era mais um dos jogadores no qual estava no plantel e<br \/>\nque o Vasco muito pouco teria de seus direitos em uma transa\u00e7\u00e3o<br \/>\ncaso viesse a se destacar. Como jogadores de n\u00edvel t\u00e9cnico<br \/>\nparecidos, a prefer\u00eancia SEMPRE tem que ser de quem \u00e9 oriundo das<br \/>\ndivis\u00f5es de base da pr\u00f3pria institui\u00e7\u00e3o. Hoje, Alan Kardec tem<br \/>\nmercado em v\u00e1rios clubes que se interessarem por um atacante alto,<br \/>\nbom cabeceador estilo Jardel, ao passo que Abuda sumiu dos holofotes<br \/>\ndo futebol.<\/span><\/div>\n<div dir=\"ltr\"><span style=\"font-size: 12px;\">Em\u00a0segundo lugar, o Vasco que aprendi a amar sempre foi um clube que<br \/>\ntratou com MUITO respeito seus jovens formados. Lembro-me bem que, na<br \/>\ndebandada do time pentacampe\u00e3o carioca invicto de 1992, na aus\u00eancia<br \/>\ndo \u00eddolo Roberto Dinamite, o ex-Presidente Cal\u00e7ada e o ex-VP Eurico<br \/>\nMiranda deram a Valdir &#8211; um jovem artilheiro rec\u00e9m campe\u00e3o, autor<br \/>\ndo gol que sacramentou o t\u00edtulo daquela temporada perante o Bangu e<br \/>\ncampe\u00e3o em janeiro daquele ano de 1992 da Copa S\u00e3o Paulo de<br \/>\nJ\u00faniores &#8211; a condi\u00e7\u00e3o de substituir. Isso mesmo: substituir ao<br \/>\njogador que fez mais de SETECENTOS GOLS em sua carreira! E naquele<br \/>\nmesmo ano de 1993, Valdir n\u00e3o foi s\u00f3 artilheiro como foi um dos<br \/>\npontos fortes dos times bicampe\u00e3o em 1993 e tricampe\u00e3o em 1994. <\/span><\/div>\n<div dir=\"ltr\"><span style=\"font-size: 12px;\">Da\u00ed,\u00a0vale a pergunta: o quanto de jogadores promissores e formados pelo<br \/>\npr\u00f3prio clube podemos perder, hoje, fruto de uma interven\u00e7\u00e3o de<br \/>\nempres\u00e1rios que colocam desconhecidos no plantel dos clubes,<br \/>\nentupindo-os de jogadores in\u00fateis e tirando o espa\u00e7o dos Valdir que<br \/>\nainda podem surgir? Ser\u00e1, por exemplo, que N\u00edlson, Lipe e Morano<br \/>\npoderiam ter tido sucesso no Vasco? N\u00e3o poderemos responder, porque<br \/>\nsimplesmente em seus lugares os Robinho, Magno e outros tiveram<br \/>\nchances, mas eles infelizmente n\u00e3o.<\/span><\/div>\n<div dir=\"ltr\"><span style=\"font-size: 12px;\">O\u00a0mesmo aconteceu recentemente com o promissor Rom\u00e1rio, autor do gol<br \/>\ndiante do Fluminense nas semifinais da Ta\u00e7a Guanabara desse ano: por<br \/>\nque liberar o garotopara um clube pequeno de Portugal e colocar<br \/>\nEdm\u00edlson em seu lugar. E mais: tendo em Reginaldo seu reserva<br \/>\nimediato? Sinceramente, \u00e9 estarrecedor e entristece DEMAIS!<\/span><\/div>\n<div dir=\"ltr\"><span style=\"font-size: 12px;\">O\u00a0t\u00edtulo recente da Copa BH de Futebol J\u00fanior &#8211; o SEGUNDO MAIOR desse<br \/>\npa\u00eds em competi\u00e7\u00f5es desse tipo &#8211; deve marcar o RESGATE de uma<br \/>\nfilosofia outrora perdida pelo Vasco em raz\u00e3o dos muitos empres\u00e1rios<br \/>\nque dominaram o clube e de outros descasos que vieram a p\u00fablico e<br \/>\nque nos envergonharam profundamente. Ter um \u00eddolo do passado a<br \/>\ncomandar esse trabalho (Mauro Galv\u00e3o) e um aspirante a grande<br \/>\ntreinador no futuro (Sorato) j\u00e1 \u00e9 um ind\u00edcio de que coisas boas<br \/>\npoder\u00e3o vir. Investir em estrutura \u00e9 essencial: ao contr\u00e1rio do<br \/>\nque muitos pensam, eu pensaria em investir algum dinheiro que o clube<br \/>\nvenha a receber na compra do CT de Piranema, cuja \u00e1rea j\u00e1 visitei<br \/>\nalgumas vezes e trata-se de uma rica estrutura que ter\u00edamos em nossa<br \/>\nposse definitiva para continuarmos um trabalho que JAMAIS poder\u00edamos<br \/>\nter parado em um passado recente.<\/span><\/div>\n<div dir=\"ltr\"><span style=\"font-size: 12px;\">E\u00a0outros tantos jogadores promissores que h\u00e3o de aparecer e que j\u00e1<br \/>\ndespontam como promessas: Jordi e Jhon Cley, inclusive, sendo esse<br \/>\n\u00faltimo resgatado da irresponsabilidade de um ex-treinador que quase<br \/>\no &#8220;queimou&#8221; no clube.<\/span><\/div>\n<div dir=\"ltr\"><span style=\"font-size: 12px;\">A\u00a0lamentar, somente a poss\u00edvel perda de Danilo para um clube europeu.<br \/>\nMas enquanto tivermos que aturar os Edm\u00edlson, Reginaldo, Pedro Ken,<br \/>\nCris, Andr\u00e9 Ribeiro, Michel Alves, Leonardo, CARLOS ALBERTO (que<br \/>\nganhou MUITO pelo MUITO POUCO que fez depois que ganhou a S\u00e9rie B<br \/>\npor n\u00f3s em 2009 e que hoje amea\u00e7a processar ao clube por uma<br \/>\nsuposta d\u00edvida que diz que tem merece receber), pagar parte dos<br \/>\nsal\u00e1rios de jogadores emprestados entre outras coisas mais N\u00c3O<br \/>\npoderemos reclamar de vender um poss\u00edvel talento por menos que<br \/>\npoderia vender mais adiante.<\/span><\/div>\n<div dir=\"ltr\"><span style=\"font-size: 12px;\"><b>Vencedor\u00a0do desafio semanal<\/b><\/span><br \/>\n<span style=\"font-size: 12px;\"> <b>PARABENIZO\u00a0ao leitor de alcunha &#8220;ALFF&#8221;, da rede <a href=\"http:\/\/supervascainos.com\">supervascainos.com<\/a>,<br \/>\n<\/b>por\u00a0ter sido o VENCEDOR do \u00faltimo desafio semanal! Em tempo: quem marcou<br \/>\no gol da vit\u00f3ria sobre o Cruzeiro em BH pelo Campeonato Brasileiro<br \/>\nde 1989 foi <b>VIVINHO!<\/b><\/span><\/div>\n<div dir=\"ltr\"><span style=\"font-size: 12px;\"><b>&#8220;Toques\u00a0finais&#8221;<\/b><\/span><br \/>\n<span style=\"font-size: 12px;\"> 1\u00ba)\u00a0Apenas para refletir: nesse primeiro turno, das dez partidas contra<br \/>\nos maiores advers\u00e1rios que constituem os clubes considerados de<br \/>\nmaior express\u00e3o no pa\u00eds, o Vasco venceu duas, empatou duas e perdeu<br \/>\nSEIS. Fez um total de dezoito gols e tomou VINTE E CINCO. Portanto,<br \/>\nnos pr\u00f3ximos cinco jogos &#8211; quatro deles contra clubes que n\u00e3o s\u00e3o<br \/>\nos clubes considerados de maior express\u00e3o no pa\u00eds &#8211; o Vasco ter\u00e1 a<br \/>\nchance de &#8220;respirar&#8221; de vez ou de &#8220;se decidir&#8221;<br \/>\npelo sofrimento at\u00e9 o fim desse campeoanto.<\/span><\/div>\n<div dir=\"ltr\"><span style=\"font-size: 12px;\">2\u00ba)\u00a0Gostaria de homenagear a duas pessoas hoje: \u00e0 minha amada m\u00e3e <b>L\u00c9A<br \/>\nMARIOTTI<\/b>,\u00a0vascain\u00edssima e que faz anivers\u00e1rio na presente data; e ao meu<br \/>\namigo <b>C\u00c9SAR\u00a0AUGUSTO MOTTA<\/b>,<br \/>\ncolunista desse s\u00edtio igualmente e que completou nessa semana mais<br \/>\numa &#8220;primavera&#8221; de vida tamb\u00e9m!\u00a0<\/span><\/div>\n","protected":false},"excerpt":{"rendered":"<p>Dos\u00a0\u00faltimos doze pontos disputados, o time do Vasco obteve somente a p\u00edfia pontua\u00e7\u00e3o de dois&#8230;<\/p>\n","protected":false},"author":12,"featured_media":341,"comment_status":"open","ping_status":"closed","sticky":false,"template":"","format":"standard","meta":{"footnotes":""},"categories":[3],"tags":[],"class_list":["post-613","post","type-post","status-publish","format-standard","has-post-thumbnail","hentry","category-colunistas"],"_links":{"self":[{"href":"https:\/\/webvasco.com\/artigos\/wp-json\/wp\/v2\/posts\/613","targetHints":{"allow":["GET"]}}],"collection":[{"href":"https:\/\/webvasco.com\/artigos\/wp-json\/wp\/v2\/posts"}],"about":[{"href":"https:\/\/webvasco.com\/artigos\/wp-json\/wp\/v2\/types\/post"}],"author":[{"embeddable":true,"href":"https:\/\/webvasco.com\/artigos\/wp-json\/wp\/v2\/users\/12"}],"replies":[{"embeddable":true,"href":"https:\/\/webvasco.com\/artigos\/wp-json\/wp\/v2\/comments?post=613"}],"version-history":[{"count":3,"href":"https:\/\/webvasco.com\/artigos\/wp-json\/wp\/v2\/posts\/613\/revisions"}],"predecessor-version":[{"id":616,"href":"https:\/\/webvasco.com\/artigos\/wp-json\/wp\/v2\/posts\/613\/revisions\/616"}],"wp:featuredmedia":[{"embeddable":true,"href":"https:\/\/webvasco.com\/artigos\/wp-json\/wp\/v2\/media\/341"}],"wp:attachment":[{"href":"https:\/\/webvasco.com\/artigos\/wp-json\/wp\/v2\/media?parent=613"}],"wp:term":[{"taxonomy":"category","embeddable":true,"href":"https:\/\/webvasco.com\/artigos\/wp-json\/wp\/v2\/categories?post=613"},{"taxonomy":"post_tag","embeddable":true,"href":"https:\/\/webvasco.com\/artigos\/wp-json\/wp\/v2\/tags?post=613"}],"curies":[{"name":"wp","href":"https:\/\/api.w.org\/{rel}","templated":true}]}}