{"id":635,"date":"2013-09-28T12:02:59","date_gmt":"2013-09-28T15:02:59","guid":{"rendered":"http:\/\/webvasco.com\/artigos\/?p=635"},"modified":"2013-09-28T13:43:09","modified_gmt":"2013-09-28T16:43:09","slug":"revitalizacao-do-entorno-de-sao-januario-e-agora-ou-nunca","status":"publish","type":"post","link":"https:\/\/webvasco.com\/artigos\/colunistas\/marcelopaiva\/revitalizacao-do-entorno-de-sao-januario-e-agora-ou-nunca\/","title":{"rendered":"REVITALIZA\u00c7\u00c3O DO ENTORNO DE S\u00c3O JANU\u00c1RIO. \u00c9 AGORA OU NUNCA!"},"content":{"rendered":"<p style=\"text-align: left;\">\u00a0 \u00a0 \u00a0Caros Amigos Vasca\u00ednos!<\/p>\n<p>Voltamos ao assunto &#8220;Revitaliza\u00e7\u00e3o do entorno de S\u00e3o Janu\u00e1rio&#8221;, que \u00e9 o pr\u00e9 requisito FUNDAMENTAL para que o Est\u00e1dio de S\u00e3o Janu\u00e1rio venha a ser ampliado ou se tornar uma nova Arena multi uso, acompanhando a vertente de alguns Grandes Clubes Brasileiros, que est\u00e3o &#8220;ENXERGANDO&#8221; um futuro grandioso, com Receitas Redentoras vindas n\u00e3o s\u00f3 do Futebol, mas como de Mega Eventos, tais como: Shows, Congressos, Conven\u00e7\u00f5es, Eventos Religiosos, etc &#8230;<\/p>\n<p style=\"text-align: center;\">\u00a0 \u00a0 \u00a0\u00a0<img loading=\"lazy\" decoding=\"async\" alt=\"3657423\" src=\"http:\/\/www.webvasco.com\/social\/images\/3657423.jpg\" width=\"245\" height=\"213\" \/><br \/>\n<em>Previs\u00e3o do novo entorno de S\u00e3o Janu\u00e1rio<br \/>\n<\/em><em>(fonte: Portal da SMH &#8211; Prefeitura do Rio de Janeiro)<\/em><\/p>\n<div style=\"text-align: center;\"><\/div>\n<p>Mas antes, como todo n\u00f3s Vasca\u00ednos sabemos, o nosso amado Clube de Regatas Vasco da Gama (CRVG) atualmente passa por um momento terr\u00edvel, onde a falta de dinheiro associada a &#8220;ebuli\u00e7\u00e3o&#8221; pol\u00edtica (INOPORTUNA neste momento, h\u00e1 menos de um ano das elei\u00e7\u00f5es), juntamente com a luta desenfreada do Clube, na busca da solu\u00e7\u00e3o das CNDs (que aliviariam financeiramente e politicamente o CRVG), FAZEM com que este GIGANTESCO Clube atravesse uma de suas piores crises da Hist\u00f3ria!<\/p>\n<p><b>Crise esta, refletida no Futebol<\/b> (&#8220;carro chefe&#8221; do CRVG), <b>PR\u00d3XIMA DE ACABAR, com a grande not\u00edcia da semana, de que uma Desembargadora deu parecer favor\u00e1vel ao CRVG (conforme noticiado amplamente pela Imprensa) em rela\u00e7\u00e3o a obten\u00e7\u00e3o das CNDs. <\/b><\/p>\n<p>Naturalmente com esta crise, no meio de diversas &#8220;trapalhadas&#8221;, o CRVG acabou ESQUECENDO o Futuro do Clube na quest\u00e3o da Revitaliza\u00e7\u00e3o do entorno de S\u00e3o Janu\u00e1rio, que \u00e9 FUNDAMENTAL, conforme citado anteriormente, para se ARTICULAR um Futuro pr\u00f3spero para o Complexo Esportivo de S\u00e3o Janu\u00e1rio. Neste caso Est\u00e1dio, Parque Aqu\u00e1tico, Gin\u00e1sio, etc &#8230;<\/p>\n<p>Em fun\u00e7\u00e3o do exposto acima, como um ato de Pioneirismo com a Marca Vasco da Gama, o Grupo Volunt\u00e1rio e Independente da Revitaliza\u00e7\u00e3o do entorno de S\u00e3o Janu\u00e1rio (o qual tenho o ORGULHO de participar do mesmo) esteve conjuntamente com o Presidente da C\u00e2mara Comunit\u00e1ria do Bairro de S\u00e3o Crist\u00f3v\u00e3o, Sr Maur\u00edcio Mendes, em uma audi\u00eancia produtiva com o CEO do CRVG, Sr Cristiano Koehler (em 25\/09\/13), onde tivemos a oportunidade, pela 2\u00aa vez (a \u00faltima em Fevereiro passado) de tratarmos deste RELEVANTE assunto.<\/p>\n<p>Avisamos ao mesmo, que fizemos um &#8220;alerta&#8221;, em entrevista nossa ao Programa &#8220;Caldeir\u00e3o Vasca\u00edno&#8221; &#8211; R\u00e1dio Livre &#8211; 1440 AM &#8211; RJ (em 23\/09\/13), de que se n\u00e3o houver uma SINERGIA entre o CRVG, a Comunidade Barreira do Vasco e o Poder P\u00fablico, o Vasco da Gama CORRE O RISCO de n\u00e3o ter o seu entorno revitalizado, de acordo com o Projeto Inicial previsto pela Prefeitura Municipal do Rio de Janeiro, atrav\u00e9s da Secretaria Municipal de Habita\u00e7\u00e3o (Programa Morar Carioca).<\/p>\n<div style=\"text-align: center;\"><img decoding=\"async\" title=\"Divulga\u00e7\u00e3o\" alt=\"112 101-alt-cidadedosamba2\" src=\"http:\/\/www.webvasco.com\/social\/images\/112_101-alt-cidadedosamba2.jpg\" \/><\/div>\n<div style=\"text-align: center;\"><em>\u00a0A prov\u00e1vel Cidade do Samba II &#8211;\u00a0 fonte: Coluna do Ancelmo Gois &#8211; Globo.com de 10\/11\/12<\/em><\/div>\n<div style=\"text-align: center;\"><em>(Av Brasil RJ &#8211; Ao lado direito da Cidade do Samba II, se iniciar\u00e1 a prov\u00e1vel Rua que dar\u00e1 acesso a SJ)<\/em><\/div>\n<div style=\"text-align: center;\"><em><b>Nota:<\/b> A prov\u00e1vel Cidade do Samba II <b>dar\u00e1 lugar agora, ao Programa &#8220;Minha casa minha vida&#8221;<\/b><\/em><\/div>\n<div style=\"text-align: center;\"><\/div>\n<div style=\"text-align: center;\"><\/div>\n<div>\n<div style=\"text-align: center;\"><a href=\"http:\/\/www.rio.rj.gov.br\/web\/smh\/exibeconteudo?article-id=3657194\" target=\"_blank\" rel=\"nofollow\"><img loading=\"lazy\" decoding=\"async\" title=\"Barreira do Vasco e Caju recebem R$ 100 milh\u00f5es em obras de urbaniza\u00e7\u00e3o e infraestrutura\" alt=\"3657410\" src=\"http:\/\/www.webvasco.com\/social\/images\/3657410.jpg\" width=\"245\" height=\"213\" \/> <\/a><\/div>\n<div style=\"text-align: center;\" title=\"RSS\">Imagem parcial do prov\u00e1vel futuro entorno de S\u00e3o Janu\u00e1rio<br \/>\n( fonte: Portal da SMH Prefeitura do Rio de Janeiro)<\/div>\n<div style=\"text-align: center;\" title=\"RSS\"><\/div>\n<div style=\"text-align: center;\" title=\"RSS\"><a title=\"Cara nova. A Rua Ricardo Machado reurbanizada, na Barreira do Vasco\" href=\"http:\/\/www.netvasco.com.br\/news\/noticias16\/arquivos\/20130306-1016-1-cara-nova.-a-rua-ricardo-machado-reurbanizada-na-barreira-do-vasco.jpg\" target=\"_blank\" rel=\"nofollow\"><img loading=\"lazy\" decoding=\"async\" alt=\"20130306-1016-1-cara-nova.-a-rua-ricardo-machado-reurbanizada-na-barreira-do-vasco mini\" src=\"http:\/\/www.webvasco.com\/social\/images\/20130306-1016-1-cara-nova.-a-rua-ricardo-machado-reurbanizada-na-barreira-do-vasco_mini.jpg\" width=\"500\" height=\"375\" \/><br \/>\n<\/a>Prov\u00e1vel futura Rua Ricardo Machado, entre o Est\u00e1dio de S\u00e3o Janu\u00e1rio e a Barreira do Vasco<br \/>\n( fonte: Jornal O Globo &#8211; 06\/03\/13 )<\/div>\n<p>&nbsp;<\/p>\n<p>O Prefeito do Rio de Janeiro esteve em 21 de Agosto na Comunidade Barreira do Vasco, anunciando o referido Projeto o qual contempla Obras de Urbanismo e Infra Estrutura para o local, inclusive com o objetivo de haver Regulariza\u00e7\u00e3o Fundi\u00e1ria, e encontrou alguma rejei\u00e7\u00e3o dos moradores, pois n\u00e3o cuidou anteriormente de realizar um di\u00e1logo efetivo e divulgar os seus pontos positivos, pois nos locais das novas ruas, e dos alargamentos vi\u00e1rios, todo e qualquer morador que fosse impactado, seria realocado para os novos apartamentos a serem constru\u00eddos no local da antiga f\u00e1brica da UFE (Sab\u00e3o Portugu\u00eas), cuja previs\u00e3o inicial seria a nova Cidade do Samba II e que agora passaria a fazer parte do Programa &#8220;Minha casa, minha vida&#8221;. Com isso o Prefeito recuou e ficou de rever tal projeto.<\/p>\n<\/div>\n<p>Conhe\u00e7am tal Projeto, <a href=\"http:\/\/portal5.rio.rj.gov.br\/web\/smh\/exibeconteudo;jsessionid=3C3A46BE1B8976F9AAF3DEDD6CE8D72A.liferay-inst1?article-id=3657194\" target=\"_blank\"><b>CLICANDO AQUI<\/b><\/a> , <b>e vejam que o mesmo atenderia a todas as partes envolvidas no entorno e que agora corre o risco de n\u00e3o sair na \u00edntegra (o que seria p\u00e9ssimo ao CRVG e at\u00e9 aos pr\u00f3prios Moradores), ou at\u00e9 mesmo de N\u00c3O SAIR!<\/b><\/p>\n<p>Voltando a Audi\u00eancia com o CEO do CRVG (Dirigente que at\u00e9 aqui se mostrou competente, em suas linhas de a\u00e7\u00f5es) apresentamos ao mesmo, um Dossi\u00ea com v\u00e1rios resultados pr\u00e1ticos e positivos do nosso trabalho volunt\u00e1rio (alguns j\u00e1 apresentados em nosso Portal <a href=\"http:\/\/webvasco.com\/\" target=\"_blank\">webvasco.com<\/a>, assim como em outras M\u00eddias co-irm\u00e3s, tais como <a href=\"http:\/\/supervasco.com\/\" target=\"_blank\">supervasco.com<\/a>, Blog Incondicionalmente Vasco, entre outros &#8230;), cujos mesmos foram bem recebidos por este Dirigente que se comprometeu em se aprofundar no assunto e apresent\u00e1-los aos Poderes do Clube, para que numa SINERGIA com o Poder P\u00fablico e a Comunidade Barreira do Vasco, se chegue a uma possibilidade de um denominador comum entre as partes, de modo a se chegar a uma Solu\u00e7\u00e3o conjunta, cuja Benfeitoria a ser feita naquela Regi\u00e3o (Revitaliza\u00e7\u00e3o do entorno de S\u00e3o Janu\u00e1rio, com o Programa &#8220;Morar Carioca&#8221;) SEJA PONTUAL PARA AMBAS AS PARTES!<\/p>\n<p><b> Lembramos ao CRVG (atrav\u00e9s desta Audi\u00eancia nossa, com o mesmo) que esta \u00e9 a \u00daLTIMA OPORTUNIDADE que a sorte est\u00e1 &#8220;batendo na porta&#8221; do Vasco da Gama, em rela\u00e7\u00e3o a Revitaliza\u00e7\u00e3o do seu entorno.<\/b> <b>Pois o Projeto Final, para aquela \u00e1rea, EST\u00c1 PREVISTO para Outubro!<\/b><\/p>\n<p>Como \u00e9 do conhecimento de todos <b>EXISTE um ABAIXO ASSINADO ELETR\u00d4NICO (10.313 Assinaturas) reivindicando a Prefeitura do Rio de Janeiro, a Revitaliza\u00e7\u00e3o do entorno de S\u00e3o Janu\u00e1rio<\/b>, ENTREGUE E PROTOCOLADO na pr\u00f3pria Prefeitura, cuja mesma ainda n\u00e3o se pronunciou a respeito. Uma c\u00f3pia desta linha de a\u00e7\u00e3o foi entregue e protocolada no CRVG, endere\u00e7ada ao Presidente. Linha de a\u00e7\u00e3o esta, proporcionada pelo Grupo Volunt\u00e1rio e Independente, da Revitaliza\u00e7\u00e3o do entorno de SJ (os documentos entregues podem ser encontrados no final da mat\u00e9ria existente no link: <a href=\"http:\/\/www.webvasco.com\/social\/leia-no-webvasco\/colunas\/marcelo-paiva\/314-agora-e-oficial-autoridades-do-rio-de-janeiro-receberam-o-abaixo-assinado-pela-revitalizacao.html\" target=\"_blank\">http:\/\/www.webvasco.com\/social\/leia-no-webvasco\/colunas\/marcelo-paiva\/314-agora-e-oficial-autoridades-do-rio-de-janeiro-receberam-o-abaixo-assinado-pela-revitalizacao.htm<\/a>).<\/p>\n<p>Existe tamb\u00e9m,<b> a Verba de R$ 100 Milh\u00f5es financiada pelo BID e pela SMH, para tais Obras de Urbaniza\u00e7\u00e3o e Infra Estrutura na Comunidade Barreira do Vasco<\/b> e Vila do Mexicano, que vir\u00e3o a contribuir para a Revitaliza\u00e7\u00e3o do entorno. <b>(Esta informa\u00e7\u00e3o pode ser confirmada no 1\u00ba link desta mat\u00e9ria)<\/b><\/p>\n<p>Portanto, Caros Amigos, como Vasca\u00ednos Vision\u00e1rios que somos, temos a Obriga\u00e7\u00e3o de cobrarmos do Poder P\u00fablico e do CRVG, tais Linhas de A\u00e7\u00f5es (FACT\u00cdVEIS em fun\u00e7\u00e3o do que foi apresentado acima), pois o FUTURO do CRVG como &#8220;GIGANTE DA COLINA&#8221; (que ainda o \u00e9) depende desta Revitaliza\u00e7\u00e3o.<\/p>\n<p>Pensem nisto e que cada Vasca\u00edno fa\u00e7a a sua parte, seja se Associando, seja se doando ao Clube (como puder), seja participando de Movimentos Pr\u00f3 Clube (como o nosso da Revitaliza\u00e7\u00e3o Volunt\u00e1ria do entorno, Campanha D\u00edvida Zero, etc &#8230;), assim como v\u00e1rios exemplos de VASCAINIDADE demonstrados por Torcedores do Vasco espalhados pelos quatro cantos do Mundo.<\/p>\n<p>Para terminar, vamos apresentar nesta mat\u00e9ria o que o nosso Clube Co-Irm\u00e3o de S\u00e3o Paulo, neste caso a SEP (Sociedade Esportiva Palmeiras), est\u00e1 se agigantando pelo simples fato de transformar o seu antigo Est\u00e1dio em uma nova Arena Multi uso, <b>atrav\u00e9s de Parcerias Comerciais (naming rights) que com Sabedoria e Empreendedorismo, ir\u00e3o equacionar o passivo desta vultuosa obra.<\/b> Isto \u00e9 pensar no Futuro. N\u00e3o que tenhamos que o imitar, mas vejam o GIGANTISMO que eles est\u00e3o construindo para o futuro.<\/p>\n<div>\u00a0\u00a0\u00a0<b> Para o Vasco da Gama se equiparar a tal Condi\u00e7\u00e3o, basta lutar por uma quest\u00e3o FACT\u00cdVEL, de acordo com os respaldos apresentados nesta Mat\u00e9ria, que \u00e9 a Revitaliza\u00e7\u00e3o do seu entorno!<br \/>\n<\/b><\/div>\n<div><\/div>\n<p style=\"text-align: left;\">\u00a0\u00a0\u00a0 <b>VEJAM AQUI O V\u00cdDEO QUE DEMONSTRA O QUE NOS REFERIMOS ACIMA:<\/b><\/p>\n<div class=\"youtube\" style=\"width: 480px; height: 360px; background-color: #dcdcdc; padding: 2px; text-align: center;\"><object width=\"480\" height=\"360\" classid=\"clsid:d27cdb6e-ae6d-11cf-96b8-444553540000\" codebase=\"http:\/\/download.macromedia.com\/pub\/shockwave\/cabs\/flash\/swflash.cab#version=6,0,40,0\"><param name=\"wmode\" value=\"transparent\" \/><param name=\"src\" value=\"http:\/\/www.youtube.com\/v\/dXT5ZUeKnx4\" \/><embed width=\"480\" height=\"360\" type=\"application\/x-shockwave-flash\" src=\"http:\/\/www.youtube.com\/v\/dXT5ZUeKnx4\" wmode=\"transparent\" \/><\/object><\/div>\n<p style=\"text-align: left;\">Confiram, no comparativo abaixo, os Espa\u00e7os F\u00edsicos do Vasco da Gama e do Palmeiras, os quais guardam semelhan\u00e7a, antes da constru\u00e7\u00e3o da nova Arena do Palmeiras.<\/p>\n<p style=\"text-align: center;\"><em>\u00a0\u00a0\u00a0 <a href=\"http:\/\/www.google.com.br\/imgres?sa=X&amp;biw=1173&amp;bih=820&amp;tbm=isch&amp;tbnid=F5d8AkAOwnLo6M:&amp;imgrefurl=http:\/\/www.panoramio.com\/photo\/15744272&amp;docid=VRdLY1hNnPDbyM&amp;imgurl=http:\/\/mw2.google.com\/mw-panoramio\/photos\/medium\/15744272.jpg&amp;w=500&amp;h=332&amp;ei=w8fmUZuzOIKlrAHstoHYDQ&amp;zoom=1&amp;ved=1t:3588,r:56,s:0,i:255\" target=\"_blank\"><img decoding=\"async\" alt=\"\" src=\"https:\/\/encrypted-tbn0.gstatic.com\/images?q=tbn:ANd9GcRUq3X8BFcnoAz4x24WE8p2X12Y9F-ZTrNwo4HrwgcAE91nnzjCDw\" name=\"1415cc7ec9686b51_1415cb0be789b041_14016166c99d5278_13fedff868997c7b_F5d8AkAOwnLo6M:\" \/><\/a><\/em><br \/>\n<em> \u00a0<\/em><em>\u00a0 \u00a0 \u00a0<span style=\"text-decoration: underline;\">Antigo<\/span> espa\u00e7o f\u00edsico (antes da nova Arena) da Sociedade Esportiva Palmeiras &#8211; Bairro de Perdizes &#8211; SP (reparem na semelhan\u00e7a com o entorno (atual) de SJ, abaixo)<\/em><\/p>\n<p style=\"text-align: center;\"><em>\u00a0\u00a0\u00a0\u00a0 <a href=\"http:\/\/www.google.com.br\/imgres?sa=X&amp;biw=1173&amp;bih=820&amp;tbm=isch&amp;tbnid=6rx0vi4SyHF5YM:&amp;imgrefurl=http:\/\/www.supervasco.com\/noticias\/sao-januario-sera-quase-todo-demolido-para-as-olimpiadas-de-2016-154034.html&amp;docid=9H9JCKKGqTe3xM&amp;imgurl=http:\/\/www.supervasco.com\/fotos\/sao_januario_20101110222348.jpg&amp;w=599&amp;h=442&amp;ei=bMnmUf-ZCMffqwGYq4Ao&amp;zoom=1&amp;ved=1t:3588,r:14,s:0,i:121&amp;iact=rc&amp;page=1&amp;tbnh=173&amp;tbnw=256&amp;start=0&amp;ndsp=16&amp;tx=5&amp;ty=4\" target=\"_blank\"><img decoding=\"async\" alt=\"\" src=\"https:\/\/encrypted-tbn0.gstatic.com\/images?q=tbn:ANd9GcR05zyIiwo2tsdMUvRHyQDjrtNmX8XdVylKG61W0gpKvf2qM-mW\" name=\"1415cc7ec9686b51_1415cb0be789b041_14016166c99d5278_13fedff868997c7b_6rx0vi4SyHF5YM:\" \/><\/a><\/em><br \/>\n<em>\u00a0 \u00a0 \u00a0<span style=\"text-decoration: underline;\">Atual<\/span> espa\u00e7o f\u00edsico do Clube de Regatas Vasco da Gama &#8211; Bairro de S\u00e3o Crist\u00f3v\u00e3o &#8211; RJ (reparem que temos \u00e0 <span style=\"text-decoration: underline;\">Av Brasil<\/span> pr\u00f3xima (350 m em linha reta (nova Rua proposta)), assim como tamb\u00e9m \u00e9 pr\u00f3ximo de dois <span style=\"text-decoration: underline;\">Aeroportos<\/span> (Gale\u00e3o &#8211; 12 Km, SD &#8211; 10 Km), <span style=\"text-decoration: underline;\">Rodovia BR 040<\/span> ( Rio x BH) &#8211; 12 Km, <span style=\"text-decoration: underline;\">Rodovia BR 116<\/span> (RIo x SP) &#8211; 17 Km, <span style=\"text-decoration: underline;\">Rodovia BR 101<\/span> (Ponte Rio x Niter\u00f3i) &#8211; 3 Km, <span style=\"text-decoration: underline;\">Centro do Rio<\/span> &#8211; 8 Km, <span style=\"text-decoration: underline;\">entre outros pontos<\/span> que transformam S\u00e3o Janu\u00e1rio no Complexo Esportivo mais CENTRAL do RJ)<\/em><\/p>\n<div><\/div>\n<div><em id=\"__mceDel\">\u00a0\u00a0<\/em> Como coloca\u00e7\u00e3o final, reparem que o Palmeiras tem como vizinhos o Shopping Bourbon a seu Oeste Geogr\u00e1fico e tr\u00eas Condom\u00ednios a Leste, ao passo que o CRVG, com exce\u00e7\u00e3o de dois ou tr\u00eas Im\u00f3veis, \u00e9 DONO DE UM QUARTEIR\u00c3O!<\/div>\n<div><\/div>\n<p><b>Concluindo, fazemos a todos a seguinte pergunta:<\/b><\/p>\n<p><b>O que os Vasca\u00ednos preferem?<\/b>\u00a0Continuarmos na In\u00e9rcia ou darmos um SALTO GIGANTESCO PARA A MODERNIDADE, DE ACORDO COM O TAMANHO E A GRANDEZA DO CLUBE DE REGATAS VASCO DA GAMA?<\/p>\n<p>Que fa\u00e7amos a nossa parte, antes que no futuro a Hist\u00f3ria cobre de todos aqueles (direta ou indiretamente) que tiveram a oportunidade de transformar uma Benfeitoria poss\u00edvel, comum a toda uma Regi\u00e3o esquecida h\u00e1 d\u00e9cadas pelo Poder P\u00fablico, em imposs\u00edvel!<\/p>\n","protected":false},"excerpt":{"rendered":"<p>\u00a0 \u00a0 \u00a0Caros Amigos Vasca\u00ednos! Voltamos ao assunto &#8220;Revitaliza\u00e7\u00e3o do entorno de S\u00e3o Janu\u00e1rio&#8221;, que&#8230;<\/p>\n","protected":false},"author":3,"featured_media":331,"comment_status":"open","ping_status":"closed","sticky":false,"template":"","format":"standard","meta":{"footnotes":""},"categories":[16],"tags":[],"class_list":["post-635","post","type-post","status-publish","format-standard","has-post-thumbnail","hentry","category-marcelopaiva"],"_links":{"self":[{"href":"https:\/\/webvasco.com\/artigos\/wp-json\/wp\/v2\/posts\/635","targetHints":{"allow":["GET"]}}],"collection":[{"href":"https:\/\/webvasco.com\/artigos\/wp-json\/wp\/v2\/posts"}],"about":[{"href":"https:\/\/webvasco.com\/artigos\/wp-json\/wp\/v2\/types\/post"}],"author":[{"embeddable":true,"href":"https:\/\/webvasco.com\/artigos\/wp-json\/wp\/v2\/users\/3"}],"replies":[{"embeddable":true,"href":"https:\/\/webvasco.com\/artigos\/wp-json\/wp\/v2\/comments?post=635"}],"version-history":[{"count":10,"href":"https:\/\/webvasco.com\/artigos\/wp-json\/wp\/v2\/posts\/635\/revisions"}],"predecessor-version":[{"id":637,"href":"https:\/\/webvasco.com\/artigos\/wp-json\/wp\/v2\/posts\/635\/revisions\/637"}],"wp:featuredmedia":[{"embeddable":true,"href":"https:\/\/webvasco.com\/artigos\/wp-json\/wp\/v2\/media\/331"}],"wp:attachment":[{"href":"https:\/\/webvasco.com\/artigos\/wp-json\/wp\/v2\/media?parent=635"}],"wp:term":[{"taxonomy":"category","embeddable":true,"href":"https:\/\/webvasco.com\/artigos\/wp-json\/wp\/v2\/categories?post=635"},{"taxonomy":"post_tag","embeddable":true,"href":"https:\/\/webvasco.com\/artigos\/wp-json\/wp\/v2\/tags?post=635"}],"curies":[{"name":"wp","href":"https:\/\/api.w.org\/{rel}","templated":true}]}}