{"id":669,"date":"2013-10-10T07:27:50","date_gmt":"2013-10-10T10:27:50","guid":{"rendered":"http:\/\/webvasco.com\/artigos\/?p=669"},"modified":"2013-10-14T09:01:44","modified_gmt":"2013-10-14T12:01:44","slug":"vasco-quebrou-a-flor-em-plena-primavera","status":"publish","type":"post","link":"https:\/\/webvasco.com\/artigos\/colunistas\/luizcarlosrocha\/vasco-quebrou-a-flor-em-plena-primavera\/","title":{"rendered":"VASCO QUEBROU A FLOR EM PLENA PRIMAVERA!"},"content":{"rendered":"<div class=\"MsoNormal\" style=\"text-align: justify; tab-stops: 120.75pt;\"><span style=\"font-size: 14.0pt; line-height: 115%; font-family: 'Arial','sans-serif';\"><span style=\"mso-spacerun: yes;\">\u00a0 \u00a0 \u00a0 <\/span>Assim escalado: D\u00e1lia, Cravo, Rosa, Margarida e Girassol; L\u00edrio, Orqu\u00eddea, Samambaia, Copo de Leite e Violeta; Azal\u00e9ia e Buganville. Tudo conspirava em favor do Florminense para derrotar o Vasco da Gama. O local inclusive FLORian\u00f3polis! Mas o time de S\u00e3o Janu\u00e1rio inspirado numa planta chamada Comigo Ningu\u00e9m Pode, mandou o Cris\u00e2ntemo, digo, Cris acabar com o Jardim das Guereiras marcando o \u00fanico e suficiente gol da partida, aos 11 minutos da etapa inicial. O jogo realizado no Est\u00e1dio da Ressacada marcou a 27\u00aa Rodada do Campeonato Brasileiro. Quem ficou de ressaca mesmo foi o torcedor tricolor! <span style=\"mso-tab-count: 1;\">\u00a0\u00a0\u00a0 <\/span><\/span><\/div>\n<div class=\"MsoNormal\" style=\"text-align: justify; tab-stops: 120.75pt;\"><span style=\"font-size: 14.0pt; line-height: 115%; font-family: 'Arial','sans-serif';\"><span style=\"mso-spacerun: yes;\">\u00a0\u00a0\u00a0 <\/span>Todo mundo sabe que n\u00e3o se deve bater numa mo\u00e7a nem com uma rosa, assim explica a velha m\u00e1xima. O problema que essa mo\u00e7oila \u00e9 atrevida. Acha que pode encarar um forte Gigante. Um time grande, de hist\u00f3ria, camisa e direito de frequentar a Primeira Divis\u00e3o da competi\u00e7\u00e3o supracitada. Bem diferente das Tricoletes, que n\u00e3o tem nem de longe a metade da hist\u00f3ria cruzmaltina, a camisolinha colorida n\u00e3o \u00e9 o manto sagrado com a cruz de malta e ainda \u00e9 um time de Segunda (Segunda Divis\u00e3o, segunda classe, segundas inten\u00e7\u00f5es, segunda linha e por a\u00ed vai). Mulher sem vergonha tem mesmo de apanhar. Um tricolor ilustre dizia isso (Nelson Rodrigues). Portanto, \u00c9 O DESTINO BATER NAS BIBAS DAS LARANJEIRAS!<\/span><\/div>\n<div class=\"MsoNormal\" style=\"text-align: justify; tab-stops: 120.75pt;\"><span style=\"font-size: 14.0pt; line-height: 115%; font-family: 'Arial','sans-serif';\"><span style=\"mso-spacerun: yes;\">\u00a0\u00a0\u00a0\u00a0\u00a0 <\/span>Com o resultado \u2013 que pareceu um cactos cheio de espinhos para o Fluminense \u2013 o Mach\u00e3o da Gama somou mais tr\u00eas importantes pontos, mas continuou na Zona de Rebaixamento. Agora com 32 , o Vasco consegue trabalhar mais aliviado (separado \u00e9 coisa de tricolor: Ali Viado). O pr\u00f3ximo desafio cruzmaltino ser\u00e1 domingo, contra o Crici\u00fama, \u00e0s 16h, no Heriberto Hulse.<\/span><\/div>\n<div class=\"MsoNormal\" style=\"text-align: justify; tab-stops: 120.75pt;\"><span style=\"font-size: 14.0pt; line-height: 115%; font-family: 'Arial','sans-serif';\"><span style=\"mso-spacerun: yes;\">\u00a0\u00a0\u00a0\u00a0\u00a0 <\/span>O placar s\u00f3 n\u00e3o foi mais el\u00e1stico porque a bola mandada no travess\u00e3o pelo estreante Francismar n\u00e3o entrou e no rebote o arqueiro Klever salvou as meninas de levar a espada de S\u00e3o Jorge no rabo! Vou parar por aqui, sem delongas, pois temo que a cr\u00f4nica gere pol\u00eamicas para os torcedores cariocas, exceto tricoletes, porque torcedor do Fluminense n\u00e3o entra em pol\u00eamica, \u00e9 uma atitude muito m\u00e1scula. Tricolor entra em bate-boca que \u00e9 coisa de menina! Mas uma coisa \u00e9 certa, est\u00e1 provado que no mundo da Flora o Florminense se julga uma planta vistosa, mas que n\u00e3o passa de uma grama vagabunda que jamais sair\u00e1 do ch\u00e3o onde pisamos!<\/span><\/div>\n<div class=\"MsoNormal\" style=\"text-align: justify; tab-stops: 120.75pt;\"><span style=\"font-size: 14.0pt; line-height: 115%; font-family: 'Arial','sans-serif';\">\u00a0<\/span><\/div>\n<div class=\"MsoNormal\" style=\"text-align: justify; tab-stops: 120.75pt;\"><span style=\"font-size: 14.0pt; line-height: 115%; font-family: 'Arial','sans-serif';\">\u00a0<\/span><\/div>\n<div class=\"MsoNormal\" style=\"text-align: justify;\"><b style=\"mso-bidi-font-weight: normal;\"><span style=\"font-size: 14.0pt; line-height: 115%; font-family: 'Arial','sans-serif';\">AP\u00d3S AS TODAS AS PARTIDAS DO VASC\u00c3O EM MEU PERFIL DO FACEBOOK (QUEM QUISER RECEBER AS CR\u00d4NICAS DE PRIMEIRA M\u00c3O \u00c9 S\u00d3 ME ADICIONAR), E NOS SITES WEBVASCO (www.webvasco.com), E VASCA\u00cdNOS UNIDOS (www.vascainosunidos.com.br) TEM A OPINI\u00c3O DO JORNALISTA LUIZ CARLOS ROCHA. LEIAM! COMPARTILHEM E CURTAM! VASCA\u00cdNOS UNIDOS JAMAIS SER\u00c3O VENCIDOS.<\/span><\/b><\/div>\n<p>&nbsp;<\/p>\n<div style=\"color: #000000; font-size: 16px; font-family: bookman old style,new york,times,serif; background-color: transparent; font-style: normal;\"><\/div>\n","protected":false},"excerpt":{"rendered":"<p>\u00a0 \u00a0 \u00a0 Assim escalado: D\u00e1lia, Cravo, Rosa, Margarida e Girassol; L\u00edrio, Orqu\u00eddea, Samambaia, Copo&#8230;<\/p>\n","protected":false},"author":7,"featured_media":58,"comment_status":"open","ping_status":"closed","sticky":false,"template":"","format":"standard","meta":{"footnotes":""},"categories":[4],"tags":[],"class_list":["post-669","post","type-post","status-publish","format-standard","has-post-thumbnail","hentry","category-luizcarlosrocha"],"_links":{"self":[{"href":"https:\/\/webvasco.com\/artigos\/wp-json\/wp\/v2\/posts\/669","targetHints":{"allow":["GET"]}}],"collection":[{"href":"https:\/\/webvasco.com\/artigos\/wp-json\/wp\/v2\/posts"}],"about":[{"href":"https:\/\/webvasco.com\/artigos\/wp-json\/wp\/v2\/types\/post"}],"author":[{"embeddable":true,"href":"https:\/\/webvasco.com\/artigos\/wp-json\/wp\/v2\/users\/7"}],"replies":[{"embeddable":true,"href":"https:\/\/webvasco.com\/artigos\/wp-json\/wp\/v2\/comments?post=669"}],"version-history":[{"count":3,"href":"https:\/\/webvasco.com\/artigos\/wp-json\/wp\/v2\/posts\/669\/revisions"}],"predecessor-version":[{"id":673,"href":"https:\/\/webvasco.com\/artigos\/wp-json\/wp\/v2\/posts\/669\/revisions\/673"}],"wp:featuredmedia":[{"embeddable":true,"href":"https:\/\/webvasco.com\/artigos\/wp-json\/wp\/v2\/media\/58"}],"wp:attachment":[{"href":"https:\/\/webvasco.com\/artigos\/wp-json\/wp\/v2\/media?parent=669"}],"wp:term":[{"taxonomy":"category","embeddable":true,"href":"https:\/\/webvasco.com\/artigos\/wp-json\/wp\/v2\/categories?post=669"},{"taxonomy":"post_tag","embeddable":true,"href":"https:\/\/webvasco.com\/artigos\/wp-json\/wp\/v2\/tags?post=669"}],"curies":[{"name":"wp","href":"https:\/\/api.w.org\/{rel}","templated":true}]}}