{"id":681,"date":"2013-10-21T00:47:23","date_gmt":"2013-10-21T03:47:23","guid":{"rendered":"http:\/\/webvasco.com\/artigos\/?p=681"},"modified":"2013-10-21T00:49:46","modified_gmt":"2013-10-21T03:49:46","slug":"eu-j-sabia","status":"publish","type":"post","link":"https:\/\/webvasco.com\/artigos\/colunistas\/luizcarlosrocha\/eu-j-sabia\/","title":{"rendered":"EU J&Aacute; SABIA!"},"content":{"rendered":"<p>    O empate por 2 a 2 entre Vasco e Botafogo hoje, no Maracan\u00e3, em partida v\u00e1lida pela 30\u00aa Rodada do Campeonato Brasileiro serviu para refor\u00e7ar tudo aquilo que eu j\u00e1 sabia. O pr\u00f3ximo desafio do time de S\u00e3o Janu\u00e1rio ser\u00e1 quinta-feira, pela Copa do Brasil, quando enfrentar\u00e1 o Goi\u00e1s, no Maracan\u00e3, pelo jogo de volta. O de ida foi 2 a 1 para o Esmeraldino.<br \/>\n    Em apenas 6 minutos de jogo, o Alvinegro j\u00e1 vencia por 2 a 0, com gols de Dankler e Lodeiro. Mesmo atuando com equipe sem sete titulares a garotada de General Severiano \u00e9 muito melhor &#8211; ou pelo menos tem mais compromisso com o futebol \u2013 do que os \u201ccraques\u201d cruzmaltinos. Isso eu j\u00e1 sabia. N\u00e3o tinha nenhuma d\u00favida.<br \/>\n     Eu tamb\u00e9m j\u00e1 sabia desde o in\u00edcio da temporada que ter\u00edamos muitas decep\u00e7\u00f5es e problemas com esse plantel, que \u00e9 fraqu\u00edssimo. A maioria dos atletas s\u00e3o refugos de outras equipes. Sald\u00e3o! Promo\u00e7\u00e3o! Coisas do tipo. Por isso eu j\u00e1 sabia que n\u00e3o daria certo. O incompetente presidente Roberto Bombinha levar\u00e1 o Vasco para a Segundona em 2014. N\u00e3o basta descer, tem de vir o rebaixamento acompanhado de humilha\u00e7\u00e3o e vexame de ver um clube com a hist\u00f3ria futebol\u00edstica mais bonita do Brasil jogar a S\u00e9rie B, em pleno ano de Copa do Mundo, justamente quando o pa\u00eds do futebol ir\u00e1 sediar a competi\u00e7\u00e3o da FIFA.<br \/>\n     Com todo respeito aos botafoguenses (meu falecido pai era torcedor ferrenho), mas a Estrela Solit\u00e1ria n\u00e3o tem a mesma for\u00e7a da camisa cruzmaltina. Nem de longe a mesma press\u00e3o da torcida. N\u00e3o temos apenas uma estrela, somos uma constela\u00e7\u00e3o no que tange ao desporto. Por isso eu j\u00e1 sabia que n\u00e3o poderia perder esse jogo.<br \/>\n     Mas eu tamb\u00e9m j\u00e1 sabia que infelizmente nossa defesa \u00e9 p\u00e9ssima. Que nosso arqueiro n\u00e3o \u00e9 nada eloquente. Tinha certeza que qualquer chute, mesmo que de longe entraria sem o menor esfor\u00e7o. Eu j\u00e1 sabia que se Dorival J\u00fanior colocar cones de treinos no lugar da zaga vasca\u00edna ser\u00e1 a mesma coisa.<br \/>\n    Outra coisa que eu tamb\u00e9m sabia \u00e9 que com a entrada de Juninho na equipe o placar iria mudar. De fato aconteceu. Os gols de Jomar e Pedro Ken sa\u00edram de bolas paradas, dos p\u00e9s do Reizinho.  A majestade \u00e9 sempre perigoso. Um jogador que sabe manusear a redonda. <br \/>\n    A garotada da base do Gigante se esfor\u00e7a mais do que os figur\u00f5es. Eu j\u00e1 sabia que os frutos somente poderiam ser colhidos se plantados pela prata da casa. No que diz respeito \u00e0 renda do cl\u00e1ssico eu tamb\u00e9m sabia que seria ruim. O Botafogo embora vivendo um bom momento, tem uma torcida pequena. J\u00e1 o Gigante com sua Imensa Torcida Bem Feliz, vive turbulenta crise dentro e principalmente fora das quatro linhas.<br \/>\n    Enfim, eu j\u00e1 sabia de todas as dificuldades que ter\u00edamos nesta competi\u00e7\u00e3o devido ao time sem vergonha que o Vasco tem. S\u00f3 n\u00e3o sabia que o time al\u00e9m de sem vergonha era tamb\u00e9m sem talento e sem comprometimento. Portanto, cobrar \u00e9 normal. Afinal, o Vasco tem a terceira maior torcida do Brasil e como tal seus torcedores est\u00e3o apreensivos com o incerto futuro do clube. \u00c9 muito f\u00e1cil parte da imprensa (marrom) citar que n\u00e3o \u00e9 com viol\u00eancia ou cobran\u00e7a que a coisa resolver\u00e1. A segunda queda para a S\u00e9rie B em cinco anos ser\u00e1 uma esp\u00e9cie de viol\u00eancia contra o torcedor que d\u00e1 a vida por este amado clube. Se colocar no lugar do torcedor ningu\u00e9m faz, ou quase ningu\u00e9m!<br \/>\n    Eu sempre estarei ao lado do torcedor. Custe o que custar. Goste quem gostar. Acho que a Imensa Torcida Bem Feliz deve cobrar mesmo a atual diretoria. Indagar solu\u00e7\u00f5es ao presidente Roberto Bombinha. Eu j\u00e1 sabia que ao reelegermos um bosta a situa\u00e7\u00e3o seria essa! For\u00e7a Vasc\u00e3o!  Vamos precisar contar com a sorte. <\/p>\n<p>AP\u00d3S AS TODAS AS PARTIDAS DO VASC\u00c3O EM MEU PERFIL DO FACEBOOK (QUEM QUISER RECEBER AS CR\u00d4NICAS DE PRIMEIRA M\u00c3O \u00c9 S\u00d3 ME ADICIONAR), E NOS SITES WEBVASCO (www.webvasco.com), E VASCA\u00cdNOS UNIDOS (www.vascainosunidos.com.br) TEM A OPINI\u00c3O DO JORNALISTA LUIZ CARLOS ROCHA. LEIAM! COMPARTILHEM E CURTAM! VASCA\u00cdNOS UNIDOS JAMAIS SER\u00c3O VENCIDOS.<\/p>\n<p>\u00a0<\/p>\n","protected":false},"excerpt":{"rendered":"<p>O empate por 2 a 2 entre Vasco e Botafogo hoje, no Maracan\u00e3, em partida&#8230;<\/p>\n","protected":false},"author":7,"featured_media":58,"comment_status":"open","ping_status":"closed","sticky":false,"template":"","format":"standard","meta":{"footnotes":""},"categories":[4],"tags":[],"class_list":["post-681","post","type-post","status-publish","format-standard","has-post-thumbnail","hentry","category-luizcarlosrocha"],"_links":{"self":[{"href":"https:\/\/webvasco.com\/artigos\/wp-json\/wp\/v2\/posts\/681","targetHints":{"allow":["GET"]}}],"collection":[{"href":"https:\/\/webvasco.com\/artigos\/wp-json\/wp\/v2\/posts"}],"about":[{"href":"https:\/\/webvasco.com\/artigos\/wp-json\/wp\/v2\/types\/post"}],"author":[{"embeddable":true,"href":"https:\/\/webvasco.com\/artigos\/wp-json\/wp\/v2\/users\/7"}],"replies":[{"embeddable":true,"href":"https:\/\/webvasco.com\/artigos\/wp-json\/wp\/v2\/comments?post=681"}],"version-history":[{"count":0,"href":"https:\/\/webvasco.com\/artigos\/wp-json\/wp\/v2\/posts\/681\/revisions"}],"wp:featuredmedia":[{"embeddable":true,"href":"https:\/\/webvasco.com\/artigos\/wp-json\/wp\/v2\/media\/58"}],"wp:attachment":[{"href":"https:\/\/webvasco.com\/artigos\/wp-json\/wp\/v2\/media?parent=681"}],"wp:term":[{"taxonomy":"category","embeddable":true,"href":"https:\/\/webvasco.com\/artigos\/wp-json\/wp\/v2\/categories?post=681"},{"taxonomy":"post_tag","embeddable":true,"href":"https:\/\/webvasco.com\/artigos\/wp-json\/wp\/v2\/tags?post=681"}],"curies":[{"name":"wp","href":"https:\/\/api.w.org\/{rel}","templated":true}]}}