{"id":685,"date":"2013-10-30T09:25:11","date_gmt":"2013-10-30T12:25:11","guid":{"rendered":"http:\/\/webvasco.com\/artigos\/?p=685"},"modified":"2013-10-30T09:30:19","modified_gmt":"2013-10-30T12:30:19","slug":"espera-de-um-milagre","status":"publish","type":"post","link":"https:\/\/webvasco.com\/artigos\/colunistas\/espera-de-um-milagre\/","title":{"rendered":"&Agrave; espera de um milagre"},"content":{"rendered":"<div dir=\"ltr\">\n<div>Em sua postagem em nosso f\u00f3rum para debates, o companheiro vasca\u00edno S\u00e9rgio Lima escreveu um texto iniciando-o com a seguinte indaga\u00e7\u00e3o: &quot;Voc\u00ea acha que se o Vasco participasse de um Mundial de Clubes com esse time haveria alguma chance de vencer?&quot;. Como bom vasca\u00edno que somos, evidentemente e segundo o pr\u00f3prio companheiro cita na continuidade de sua escrita, responder\u00edamos que n\u00e3o, mas que torcer\u00edamos ao m\u00e1ximo para que o sonho se tornasse poss\u00edvel. Com brilhantismo, ele finaliza de forma perfeita, afirmando que isso, verdadeiramente, \u00e9 o que nos resta: TORCER MUITO! E nada mais&#8230;<\/div>\n<p><\/p>\n<div><\/div>\n<div>Este fragmento serve como reflex\u00e3o \u00e0quilo que constatamos, nesse momento, como dura realidade: o Vasco teve o ANO INTEIRO para verificar e constatar que esse time passaria por s\u00e9rios apuros durante o certame principal de nosso pa\u00eds. E isso desde a Ta\u00e7a Guanabara, em que era evidente a dificuldade que tinha para vencer \u00e0s equipes de menor investimento, e por semelhante dificuldade passamos durante a Ta\u00e7a Rio. Tal como o Palmeiras que venceu a Copa do Brasil em 2012, nem tivemos a oportunidade de nos iludir com um t\u00edtulo e colocar, a exemplo do alviverde do Palestra It\u00e1lia, culpa nessa ilus\u00e3o pela falta de percep\u00e7\u00e3o do \u00f3bvio, pois perdemos a Ta\u00e7a Guanabara e da mesma forma COVARDE \u00a0tal como perdemos muitas partidas nesse ano, aliado \u00e0 not\u00f3ria falta de qualidade, j\u00e1 sabida de todos n\u00f3s.<\/div>\n<p><\/p>\n<div><\/div>\n<div>Ao Vasco, ap\u00f3s trinta e uma rodadas na esperan\u00e7a de se obter uma sequencia de vit\u00f3rias para se desgarrar, de vez, da zona do rebaixamento e respirar, ao menos, mais tranquilo nesse fim de ano, n\u00e3o resta outra alternativa do que fazer uma campanha de campe\u00e3o nesses \u00faltimos sete jogos. Pular de um P\u00cdFIO aproveitameno de aproximadamente um ponto por jogo para dois, o que nos garantiria quatorze pontos que, somados aos trinta e tr\u00eas, dariam um score final de quarenta e sete pontos, ao meu ver suficiente para ficar na primeira divis\u00e3o. Sabemos que o papel aceita tudo que escrevermos: o problema \u00e9 p\u00f4r em pr\u00e1tica. O time \u00e9 limitad\u00edssimo, os goleiros contrariam a l\u00f3gica da Matem\u00e1tica em que tr\u00eas vezes um consegue dar ZERO. Vide o seu constante rod\u00edzio nessa posi\u00e7\u00e3o.<\/div>\n<p><\/p>\n<div><\/div>\n<div>Contudo e se esse fosse nosso \u00fanico problema, mas n\u00e3o: quando n\u00e3o s\u00e3o os goleiros que falham, \u00e9 o setor defensivo atrav\u00e9s de um jogador fraco ou t\u00e3o IRRESPONS\u00c1VEL como Sr. Wendel que deu, literalmente, as costas para o advers\u00e1rio e de forma passiva viu-se driblado e nem esbo\u00e7ou uma rea\u00e7\u00e3o para evitar que o mesmo chutasse ao gol para empatar a peleja do \u00faltimo domingo. Quando n\u00e3o \u00e9 o setor defensivo que falha e nem os goleiros, era o t\u00e9cnico Dorival J\u00fanior que escalava mal, enxergava mal o jogo e substitu\u00eda pior ainda. Quando parecia que o Vasco, ao final do primeiro turno, podia engatar uma sequ\u00eancia de bons resultados e aliado \u00e0s &quot;loucuras&quot; de Dorival J\u00fanior, foram as promessas (mais uma vez!) n\u00e3o cumpridas de quita\u00e7\u00e3o dos sal\u00e1rios a &quot;nova-velha&quot; desculpa para a sequ\u00eancia desastrosa de resultados nesse in\u00edcio de segundo turno.<\/div>\n<p><\/p>\n<div><\/div>\n<div>Nesse momento e diante da inconst\u00e2ncia citada outrora, como esperar de uma diretoria o suporte necess\u00e1rio para resguardar e dar \u00e2nimo a um time desacreditado, e como esperar que esse mesmo time, agora tendo ao seu comando um novo t\u00e9cnico, o \u00e2nimo e a const\u00e2ncia necess\u00e1rios para fazer campanha de campe\u00e3o nessas \u00faltimas sete rodadas que definir\u00e3o um pr\u00f3ximo ano inteiro? Logo um time que, nas m\u00e3os do ex-t\u00e9cnico, \u00e9 capaz de quase suar sangue para empatar uma partida diante dos reservas do mesmo Botafogo, cujos seus titulares s\u00e3o capazes de perder e ainda &quot;tomar um baile&quot; de quatro para o arquirrival? O mesmo time que n\u00e3o consegue vencer o fraco Crici\u00fama e sequer sustentar uma vit\u00f3ria diante de outro fraco Ponte Preta, mesmo com um jogador a mais em campo durante a maior parte do tempo! Pois \u00e9: \u00e9 esse o time no qual nos resta TORCER somente para que fa\u00e7a, ao final, o que n\u00e3o conseguiu fazer o ano inteiro.<\/div>\n<p><\/p>\n<div><\/div>\n<div>A troca de comando<\/div>\n<div><\/div>\n<div>Dorival J\u00fanior contava com minha admira\u00e7\u00e3o como profissional. Em sua passagem anterior pelo Vasco, fez uma bela campanha durante aquele ano de 2009, em todos os campeonatos disputados. Possu\u00eda como suporte um diretor executivo que &quot;blindava&quot; seu trabalho, dando-lhe e ao grupo tranquilidade. Subimos com ele \u00e0 Primeira Divis\u00e3o e, a partir da\u00ed, um trabalho em que julgava na \u00e9poca que mereceria uma continuidade fora interrompido. Essas raz\u00f5es j\u00e1 o credenciavam, pelo menos para mim, a um novo ciclo, dessa vez ainda mais vitorioso \u00e0 frente do clube.\u00a0<\/div>\n<p><\/p>\n<div><\/div>\n<div>No entanto, errou em demasia, se perdeu demais e de forma equivocada nas escala\u00e7\u00f5es, n\u00e3o manteve const\u00e2ncia, priomoveu um rod\u00edzio de jogadores, ao ponto de sequer sabermos quem podia ser considerado titular sob seu comando. Colocava em campo, muitas vezes, um time em que os melhores ficavam no banco de reservas. Em s\u00e3 consci\u00eancia e tirando sua \u00faltima escala\u00e7\u00e3o como exemplo, n\u00e3o tem como imaginar uma escala\u00e7\u00e3o em que Fagner, Soutto e Willie sejam reservas para Nei, Wendel e Reginaldo, respectivamente. N\u00e3o significa que os problemas ser\u00e3o resolvidos em sua totalidade com sua simples sa\u00edda, muito longe disso. Apenas uma tentativa de se criar um fato novo, mesmo que venha com atraso de, pelo menos, seis rodadas.<\/div>\n<p><\/p>\n<div><\/div>\n<div>Ad\u00edlson Batista, em princ\u00edpio, n\u00e3o seria meu escolhido. Come\u00e7ou bem sua carreira como t\u00e9cnico, salvou o Figueirense, em 2005, do rebaixamento, justamente com uma campanha ao final parecida com o que precisamos dele nesse presente momento (Fonte: <a href=\"http:\/\/www.futebolnacional.com.br\/infobol\/retrospectteam.jsp?code=2708&amp;team=743\"><\/a><a href=\"http:\/\/www.futebolnacional.com.br\/infobol\/retrospectteam.jsp?code=2708&amp;team=743\" >http:\/\/www.futebolnacional.com.br\/infobol\/retrospectteam.jsp?code=2708&amp;team=743<\/a> ). Ainda assim, s\u00f3 foi poss\u00edvel tal fa\u00e7anha gra\u00e7as a um inspirado Edmundo como o n\u00famero dez de seu time. Teve uma bela passagem pelo Cruzeiro e creio que se n\u00e3o fosse a perda do t\u00edtulo da Libertadores em pleno Mineir\u00e3o em 2009, sua carreira poderia tomar um vi\u00e9s crescente, ao contr\u00e1rio da queda em que se encontra e v\u00ea, no Vasco, mais uma chance de retomar seu rumo profissional.<\/div>\n<p><\/p>\n<div><\/div>\n<div>E por essas raz\u00f5es, h\u00e1 esperan\u00e7a de um &quot;casamento&quot; entre duas partes necessitadas com final feliz para ambas. Mesmo contra todas as dificuldades, inclusive, as de superar seus pr\u00f3prios momentos e suas pr\u00f3prias limita\u00e7\u00f5es. N\u00e3o h\u00e1 o que inventar e, contrariando \u00e0 sua fama adquirida de &quot;Professor Pardal&quot;, basta escalar o \u00f3bvio e \u00e0 eles dar prosseguimento no time que j\u00e1 vai representar um avan\u00e7o sobre o que Dorival J\u00fanior, infelizmente, n\u00e3o conseguiu fazer.\u00a0<\/div>\n<p><\/p>\n<div><\/div>\n<div>Medidas de choque<\/div>\n<div><\/div>\n<div>Em certa ocasi\u00e3o, eu explanei a necessidade de haver um &quot;choque de ordem&quot; e a retirada do plantel de jogadores que demonstravam desinteresse ou defici\u00eancia t\u00e9cnica para prosseguir, junto com o grupo, nessa empreitada de tirar o Vasco da zona do rebaixamento, a exemplo do que fizera Cuca no Fluminense em 2009. Mesmo porque \u00e9 MUITO melhor se trabalhar com um elenco &quot;enxuto&quot; em momentos complicados, tal como agora, em que precisamos o menos poss\u00edvel de vias err\u00f4neas para n\u00e3o desviar o foco de formar um time para um &quot;mini-campeonato&quot; que disputamos.<\/div>\n<p><\/p>\n<div><\/div>\n<div>Nesse momento, apenas repito que jogadores como Michel Alves, Nei, Sandro Silva, Wendel, Francismar e Reginaldo (entre outros que poderiam sair por falta de qualidade, mas que s\u00e3o necess\u00e1rios para compor) \u00a0n\u00e3o deveriam seguir com o grupo at\u00e9 o final. Outro como Ten\u00f3rio, j\u00e1 afastado por les\u00e3o, pode assim continuar. O espa\u00e7o deve ser para quem est\u00e1 com vontade e j\u00e1 demonstrou mais qualidade do que os citados. Contar com Fagner, Jomar, Juninho, Marlone, Willie e Andr\u00e9 ou Thalles como uma base para uma tentativa de &quot;arrancada&quot; final. \u00c0 exce\u00e7\u00e3o de Juninho, n\u00e3o s\u00e3o craques, mas ao menos contam com uma parcela maior de confian\u00e7a vindo da torcida, essa sim, \u00a0exercendo seu devido papel, na tentativa de um &quot;g\u00e1s final&quot;.<\/div>\n<p><\/p>\n<div><\/div>\n<div>Da s\u00e9rie &quot;Perguntar n\u00e3o ofende&quot;<\/div>\n<div><\/div>\n<div>&#8211; Se algu\u00e9m j\u00e1 tomou ci\u00eancia no futebol brasileiro algum caso de &quot;efeito suspensivo parcial&quot;, por favor, compartilhem conosco. Confesso-lhes que, para mim, \u00e9 in\u00e9dita essa decis\u00e3o do TJD em rela\u00e7\u00e3o ao caso Juninho. Mas a pergunta \u00e9: ser\u00e1 que se fosse em clubes como Cor\u00ednthians, S\u00e3o Paulo ou Flamengo esse tratamento seria igual?<\/div>\n<p><\/p>\n<div><\/div>\n<div>&#8211; O Vasco passou um ano inteiro com tr\u00eas goleiros deficientes sob o ponto de vista t\u00e9cnico, mas Carlos Germano bancou Diogo Silva e os demais, dizendo que o Vasco n\u00e3o precisaria de mais goleiros. At\u00e9 quando Carlos Germano estar\u00e1 imune das cobran\u00e7as internas sob seu trabalho por, assim como o Presidente, usufruir de seu status de ex-\u00eddolo da torcida?<\/div>\n<p><\/p>\n<div><\/div>\n<div>&#8211; A prepara\u00e7\u00e3o f\u00edsica do Vasco h\u00e1 tempos n\u00e3o vem bem. Com a sa\u00edda de Dorival J\u00fanior e seu grupo, por que n\u00e3o contratar um profissional de qualidade como Ronaldo Torres, atualmente desempregado?<\/div>\n<div>\n<\/div>\n<div>&#8211; O Vasco em p\u00e9ssima fase e jogando com uma equipe desfigurada \u00e9 capaz de colocar no Maracan\u00e3 mais de trinta e seis mil pessoas. Botafogo (no \u00faltimo s\u00e1bado), disputando uma vaga na Copa Libertadores em 2014, p\u00f5e pouco mais do que seis mil pagantes. Por que n\u00e3o usar essa for\u00e7a do clube como barganha para firmar um contrato, mesmo de forma tardia, oferendo ao cons\u00f3rcio um pacote de jogos e diluindo o &quot;lucro&quot; de pouco mais de QUATRO MIL REAIS oriundos dessa nossa \u00faltima partida, no mesmo est\u00e1dio?<\/div>\n<p><\/p>\n<div><\/div>\n<div>&#8211; Sob a esfera pol\u00edtica: algu\u00e9m cr\u00ea que esse comit\u00ea de sindic\u00e3ncia para apurar o suposto caso de &quot;mensal\u00f5es&quot; no Vasco ir\u00e1 dar em alguma coisa? E o pior: nesse cen\u00e1rio, algu\u00e9m cr\u00ea que o resultado das pr\u00f3ximas elei\u00e7\u00f5es, seja qual for, n\u00e3o ir\u00e1 parar na Justi\u00e7a, mais uma vez?<\/div>\n<p><\/p>\n<div><\/div>\n<div>&#8211; O que ser\u00e1 de nosso futuro em 2014? Ou ficaremos, mais um ano,&quot;\u00e0 espera de um milagre&quot; para salvar o clube?<\/div>\n<p>\n<\/div>\n<p><\/p>\n","protected":false},"excerpt":{"rendered":"<p>Em sua postagem em nosso f\u00f3rum para debates, o companheiro vasca\u00edno S\u00e9rgio Lima escreveu um&#8230;<\/p>\n","protected":false},"author":12,"featured_media":341,"comment_status":"open","ping_status":"closed","sticky":false,"template":"","format":"standard","meta":{"footnotes":""},"categories":[3],"tags":[],"class_list":["post-685","post","type-post","status-publish","format-standard","has-post-thumbnail","hentry","category-colunistas"],"_links":{"self":[{"href":"https:\/\/webvasco.com\/artigos\/wp-json\/wp\/v2\/posts\/685","targetHints":{"allow":["GET"]}}],"collection":[{"href":"https:\/\/webvasco.com\/artigos\/wp-json\/wp\/v2\/posts"}],"about":[{"href":"https:\/\/webvasco.com\/artigos\/wp-json\/wp\/v2\/types\/post"}],"author":[{"embeddable":true,"href":"https:\/\/webvasco.com\/artigos\/wp-json\/wp\/v2\/users\/12"}],"replies":[{"embeddable":true,"href":"https:\/\/webvasco.com\/artigos\/wp-json\/wp\/v2\/comments?post=685"}],"version-history":[{"count":0,"href":"https:\/\/webvasco.com\/artigos\/wp-json\/wp\/v2\/posts\/685\/revisions"}],"wp:featuredmedia":[{"embeddable":true,"href":"https:\/\/webvasco.com\/artigos\/wp-json\/wp\/v2\/media\/341"}],"wp:attachment":[{"href":"https:\/\/webvasco.com\/artigos\/wp-json\/wp\/v2\/media?parent=685"}],"wp:term":[{"taxonomy":"category","embeddable":true,"href":"https:\/\/webvasco.com\/artigos\/wp-json\/wp\/v2\/categories?post=685"},{"taxonomy":"post_tag","embeddable":true,"href":"https:\/\/webvasco.com\/artigos\/wp-json\/wp\/v2\/tags?post=685"}],"curies":[{"name":"wp","href":"https:\/\/api.w.org\/{rel}","templated":true}]}}