{"id":686,"date":"2013-11-10T22:05:52","date_gmt":"2013-11-11T01:05:52","guid":{"rendered":"http:\/\/webvasco.com\/artigos\/?p=686"},"modified":"2013-11-10T22:11:45","modified_gmt":"2013-11-11T01:11:45","slug":"alexandre-mandou-a-zona-para-a-pato-que-pariu","status":"publish","type":"post","link":"https:\/\/webvasco.com\/artigos\/colunistas\/luizcarlosrocha\/alexandre-mandou-a-zona-para-a-pato-que-pariu\/","title":{"rendered":"ALEXANDRE MANDOU A ZONA PARA A PATO QUE PARIU!"},"content":{"rendered":"<p>     A Imensa Torcida Bem Feliz fez a sua parte. Quase 60 mil vasca\u00ednos foram empurrar o time hoje, no Maracan\u00e3, em partida v\u00e1lida pela 33\u00aa Rodada do Campeonato Brasileiro. A equipe cruzmaltina deu mole e permitiu que o Santos fizesse 2 a 0, com gols de Bruno Peres e Gustavo Henrique. Edmilson diminuiu ainda na etapa inicial. No segundo tempo Andr\u00e9 deixou tudo igual, mas n\u00e3o resolveria o problema do Vasco!<br \/>\n    Mas como a vida \u00e9 um eterno perde e ganha \u2013 j\u00e1 t\u00ednhamos perdido Juninho e Reginaldo para as fat\u00eddicas les\u00f5es &#8211; ERA O DESTINO que justamente as Tricoletes trocassem de lugar conosco na tabela de classifica\u00e7\u00e3o. Perdemos atletas importantes, temos o incompetente presidente Roberto Bombinha ao nosso lado, \u00e1rbitros que n\u00e3o simpatizam com o Gigante. Mas hoje tivemos uma pitadinha de sorte. Alexandre Pato (de p\u00eanalti) marcou o \u00fanico gol da partida que sagrou o Tim\u00e3o vencedor no duelo contra o Tricolor da Segundona (de direito, pois de fato \u00e9 penetra, foi convidado a participar da S\u00e9rie A em 2.000 e nunca mais foi embora nos moldes da cara de pau e falta de vergonha).<br \/>\n    O que faltou ao time do Vasco para retribuir a for\u00e7a e o carinho do torcedor, sobrou ao Alexandre para nos ajudar. O problema \u00e9 que o Adilson Batista deve saber que nem sempre teremos um Pato (no bom sentido) para nos ajudar! Nas pr\u00f3ximas rodadas o comandante tem de preparar, bem como escalar melhor o time, pois ser\u00e3o \u201cdecis\u00f5es\u201d importantes. Yot\u00fan, Cris, Abuda e Alessandro n\u00e3o podem sequer vestir a camisa do Vasco, que dir\u00e1 serem reservas. Titulares? Nem pensar!<br \/>\n    Na quarta-feira, dia 13, o Gigante da Colina, enfrentar\u00e1 o Gr\u00eamio, em Porto Alegre. Precisamos trazer de l\u00e1 tr\u00eas pontos. S\u00f3 a vit\u00f3ria nos interessa na luta contra o rebaixamento. Com o empate de hoje, somamos 37 pontos, e subimos para a 16\u00aa posi\u00e7\u00e3o no Brasileir\u00e3o 2013. Faltam apenas cinco rodadas para a conclus\u00e3o da competi\u00e7\u00e3o. Ou seja, s\u00e3o 15 pontos que disputaremos, precisamos conquistar 10 para garantirmos a perman\u00eancia na Elite do futebol Brazuca. A situa\u00e7\u00e3o \u00e9 muito complicada. Mas n\u00e3o \u00e9 imposs\u00edvel. Para abocanharmos 2\/3 destes preciosos pontos dependeremos da vontade dos jogadores, da t\u00e9cnica e t\u00e1tica de Adilson Batista, da iniciativa do incompetente presidente Roberto Bombinha em \u201cabrir as portas\u201d para o torcedor, barateando \u2013 e muito \u2013 os ingressos e contarmos com a sorte.<br \/>\n    Em tempo: Houve confus\u00e3o para  a entrada de alguns torcedores que compraram seus ingressos pela internet e ficaram impedidos de assistir e apoiar o Vasc\u00e3o. Se a SUDERJ, a CBF, a concession\u00e1ria Complexo Maracan\u00e3 S.A ou qualquer outra entidade desportiva envolvida no Campeonato Brasileiro n\u00e3o tem compet\u00eancia para a venda pela web, n\u00e3o venda! O que n\u00e3o pode \u00e9 testar o sistema para a Copa do Mundo justamente em cima do maior time do Brasil. Aquele que tem a hist\u00f3ria mais bonita. O torcedor vasca\u00edno tem todo o direito de apoiar o time, principalmente quando paga! <\/p>\n<p>AP\u00d3S AS TODAS AS PARTIDAS DO VASC\u00c3O EM MEU PERFIL DO FACEBOOK (QUEM QUISER RECEBER AS CR\u00d4NICAS DE PRIMEIRA M\u00c3O \u00c9 S\u00d3 ME ADICIONAR), E NOS SITES WEBVASCO (www.webvasco.com), E VASCA\u00cdNOS UNIDOS (www.vascainosunidos.com.br) TEM A OPINI\u00c3O DO JORNALISTA LUIZ CARLOS ROCHA. LEIAM! COMPARTILHEM E CURTAM! VASCA\u00cdNOS UNIDOS JAMAIS SER\u00c3O VENCIDOS.<\/p>\n<p><\/p>\n","protected":false},"excerpt":{"rendered":"<p>A Imensa Torcida Bem Feliz fez a sua parte. Quase 60 mil vasca\u00ednos foram empurrar&#8230;<\/p>\n","protected":false},"author":7,"featured_media":58,"comment_status":"open","ping_status":"closed","sticky":false,"template":"","format":"standard","meta":{"footnotes":""},"categories":[4],"tags":[],"class_list":["post-686","post","type-post","status-publish","format-standard","has-post-thumbnail","hentry","category-luizcarlosrocha"],"_links":{"self":[{"href":"https:\/\/webvasco.com\/artigos\/wp-json\/wp\/v2\/posts\/686","targetHints":{"allow":["GET"]}}],"collection":[{"href":"https:\/\/webvasco.com\/artigos\/wp-json\/wp\/v2\/posts"}],"about":[{"href":"https:\/\/webvasco.com\/artigos\/wp-json\/wp\/v2\/types\/post"}],"author":[{"embeddable":true,"href":"https:\/\/webvasco.com\/artigos\/wp-json\/wp\/v2\/users\/7"}],"replies":[{"embeddable":true,"href":"https:\/\/webvasco.com\/artigos\/wp-json\/wp\/v2\/comments?post=686"}],"version-history":[{"count":0,"href":"https:\/\/webvasco.com\/artigos\/wp-json\/wp\/v2\/posts\/686\/revisions"}],"wp:featuredmedia":[{"embeddable":true,"href":"https:\/\/webvasco.com\/artigos\/wp-json\/wp\/v2\/media\/58"}],"wp:attachment":[{"href":"https:\/\/webvasco.com\/artigos\/wp-json\/wp\/v2\/media?parent=686"}],"wp:term":[{"taxonomy":"category","embeddable":true,"href":"https:\/\/webvasco.com\/artigos\/wp-json\/wp\/v2\/categories?post=686"},{"taxonomy":"post_tag","embeddable":true,"href":"https:\/\/webvasco.com\/artigos\/wp-json\/wp\/v2\/tags?post=686"}],"curies":[{"name":"wp","href":"https:\/\/api.w.org\/{rel}","templated":true}]}}