{"id":687,"date":"2013-11-13T16:12:38","date_gmt":"2013-11-13T19:12:38","guid":{"rendered":"http:\/\/webvasco.com\/artigos\/?p=687"},"modified":"2013-11-13T16:20:16","modified_gmt":"2013-11-13T19:20:16","slug":"f-e-nada-mais-2","status":"publish","type":"post","link":"https:\/\/webvasco.com\/artigos\/colunistas\/f-e-nada-mais-2\/","title":{"rendered":"F&Eacute;, e nada mais&#8230;"},"content":{"rendered":"<div dir=\"ltr\">\n<p class=\"MsoNormal\" style=\"text-align:justify;line-height:150%\"><span style=\"font-size:8.5pt;line-height:150%;font-family:&quot;Arial&quot;,&quot;sans-serif&quot;\">Apesar<br \/>\nde conhecermos os limites do time atual do Vasco, todos contavam com o fator<br \/>\ncasa para que sa\u00edssemos do Maracan\u00e3, ao final de uma rodada plenamente<br \/>\nfavor\u00e1vel em que, mais uma vez, nossos concorrentes diretos nessa luta ingl\u00f3ria<br \/>\npara fugir do descenso perderam pontos preciosos em seus jogos. E o que n\u00e3o<br \/>\nfaltou foi incentivo, motiva\u00e7\u00e3o, for\u00e7a e f\u00e9 passados pela torcida que, num<br \/>\ngesto digno de uma torcida de um clube GIGANTE, lotou o Maracan\u00e3, esgotou os<br \/>\ningressos (apesar dos problemas que comentarei adiante) e \u201ccarregou nos ombros\u201d<br \/>\nesse time. E nem entrega por parte dos jogadores que arrancaram for\u00e7as at\u00e9 de<br \/>\nonde pareciam que n\u00e3o tinham para romperem com suas pr\u00f3prias limita\u00e7\u00f5es. Mais<br \/>\numa vez, o que faltou \u00e9 algo que, nesse caso, a torcida infelizmente n\u00e3o pode<br \/>\nlhes dar que \u00e9 a qualidade t\u00e9cnica necess\u00e1ria.<\/span><\/p>\n<p class=\"MsoNormal\" style=\"text-align:justify;line-height:150%\"><span style=\"font-size:8.5pt;line-height:150%;font-family:&quot;Arial&quot;,&quot;sans-serif&quot;\"><a name=\"_GoBack\"><\/a><\/span><\/p>\n<p class=\"MsoNormal\" style=\"text-align:justify;line-height:150%\"><span style=\"font-size:8.5pt;line-height:150%;font-family:&quot;Arial&quot;,&quot;sans-serif&quot;\">Infelizmente,<br \/>\nno entanto, por mais que aceitemos que o time do Santos seja mais bem preparado<br \/>\ne qualificado do que o nosso, n\u00e3o h\u00e1 vasca\u00edno que eu conhe\u00e7a que tenha ficado<br \/>\nfeliz com o resultado, em que pese o fato de termos sa\u00eddo momentaneamente da<br \/>\nzona de rebaixamento, o que para n\u00f3s n\u00e3o significa absolutamente NADA tendo em<br \/>\nvista a sequ\u00eancia complicada de confrontos no qual teremos at\u00e9 o fim desse,<br \/>\npara n\u00f3s, intermin\u00e1vel certame. N\u00e3o somente pela posi\u00e7\u00e3o dos advers\u00e1rios na<br \/>\ntabela e pela qualidade t\u00e9cnica de cada um deles (alguns, MUITO superior \u00e0<br \/>\nnossa, como s\u00e3o Cruzeiro e Gr\u00eamio), mas pelos dados que s\u00e3o incapazes de nos<br \/>\ntransmitirem maior otimismo. No atual campeonato, por exemplo, em uma sequ\u00eancia<br \/>\nde cinco jogos, o m\u00e1ximo que o Vasco conseguiu ganhar foram sete pontos. Nessa<br \/>\n\u00faltima sequ\u00eancia, a contar do Gr\u00eamio at\u00e9 o \u00faltimo confronto, precisamos obter<br \/>\nNOVE pontos de quinze poss\u00edveis. Miss\u00e3o \u00e1rdua para um time que sequer goleiro<br \/>\npossui.<\/span><\/p>\n<p class=\"MsoNormal\" style=\"text-align:justify;line-height:150%\"><span style=\"font-size:8.5pt;line-height:150%;font-family:&quot;Arial&quot;,&quot;sans-serif&quot;\"><br \/><\/span><\/p>\n<p class=\"MsoNormal\" style=\"text-align:justify;line-height:150%\">\n<span style=\"font-size:8.5pt;line-height:150%;font-family:&quot;Arial&quot;,&quot;sans-serif&quot;\">Considerando<br \/>\ndois jogos em casa e tr\u00eas fora dessa \u00faltima sequ\u00eancia de cinco jogos, contando<br \/>\nsomente o fator campo e excetuando a qualidade t\u00e9cnica do campe\u00e3o Cruzeiro,<br \/>\npoderemos at\u00e9, pelos meandros surpreendentes que s\u00f3 um esporte como o futebol \u00e9<br \/>\ncapaz de nos proporcionar, obter seis pontos de seis que ser\u00e3o disputados. O<br \/>\nproblema \u00e9: como conseguir obter tr\u00eas pontos jogando contra Gr\u00eamio (mesmo em<br \/>\ndecad\u00eancia t\u00e9cnica e mal arrumado, \u00e9 um dos times classificados \u00e0 Libertadores<br \/>\nnesse momento), Corinthians (nossos confrontos diante desses, por pior que o<br \/>\noponente paulista esteja, costumam ser dolorosos e, na maioria nos \u00faltimos<br \/>\ntempos, nos trouxeram resultados sofr\u00edveis) e Atl\u00e9tico-PR (em que pese que<br \/>\npossa jogar fora de Curitiba e j\u00e1 classificados ou n\u00e3o para a Libertadores, ainda<br \/>\nassim, \u00e9 mais bem trabalhado e qualificado do que o nosso time)? Por essas<br \/>\nargumenta\u00e7\u00f5es, repito que o empate contra o Santos (bem como tantos outros<br \/>\npontos j\u00e1 perdidos em casa durante a competi\u00e7\u00e3o) est\u00e3o LONGE de nos traduzir em<br \/>\num resultado aceit\u00e1vel, mesmo que seja plenamente compreens\u00edvel em face \u00e0<br \/>\nobviedade da diferen\u00e7a t\u00e9cnica entre Vasco e Santos, hoje.<\/span><\/p>\n<p class=\"MsoNormal\" style=\"text-align:justify;line-height:150%\"><b style><span style=\"font-size:8.5pt;line-height:150%;font-family:&quot;Arial&quot;,&quot;sans-serif&quot;\"><br \/><\/span><\/b><\/p>\n<p class=\"MsoNormal\" style=\"text-align:justify;line-height:150%\">\n<b style><span style=\"font-size:8.5pt;line-height:150%;font-family:&quot;Arial&quot;,&quot;sans-serif&quot;\">Novo t\u00e9cnico, velhos erros<\/span><\/b><\/p>\n<p class=\"MsoNormal\" style=\"text-align:justify;line-height:150%\"><span style=\"font-size:8.5pt;line-height:150%;font-family:&quot;Arial&quot;,&quot;sans-serif&quot;\"><br \/><\/span><\/p>\n<p class=\"MsoNormal\" style=\"text-align:justify;line-height:150%\">\n<span style=\"font-size:8.5pt;line-height:150%;font-family:&quot;Arial&quot;,&quot;sans-serif&quot;\">Em<br \/>\nparte, esse empate obtido pelo Vasco e que seria uma derrota n\u00e3o fosse o apoio<br \/>\nda torcida do Vasco pode ser justificado j\u00e1 na escala\u00e7\u00e3o do t\u00e9cnico Ad\u00edlson<br \/>\nBatista e, posteriormente, em suas substitui\u00e7\u00f5es ao longo do jogo. Mais uma vez<br \/>\ne por menos que aceitemos, fica dif\u00edcil ter um jogador como Andr\u00e9, MUITO MELHOR<br \/>\ndo que Reginaldo, no banco de reservas, perdendo lugar para o mesmo citado. Por<br \/>\nsinal, somente por obra do destino que nos veremos livres desse peso (mais um!)<br \/>\nque o elenco possui.<\/span><\/p>\n<p class=\"MsoNormal\" style=\"text-align:justify;line-height:150%\"><span style=\"font-size:8.5pt;line-height:150%;font-family:&quot;Arial&quot;,&quot;sans-serif&quot;\"><br \/><\/span><\/p>\n<p class=\"MsoNormal\" style=\"text-align:justify;line-height:150%\">\n<span style=\"font-size:8.5pt;line-height:150%;font-family:&quot;Arial&quot;,&quot;sans-serif&quot;\">Quando<br \/>\nna sa\u00edda de Juninho, inexplic\u00e1vel que Jhon Cley, mais uma vez, tenha sido o<br \/>\npreferido a entrar no time, tendo a possibilidade do recuo de Marlone ao<br \/>\nmeio-campo (sua posi\u00e7\u00e3o de origem) e o imediato lan\u00e7amento de Willie ao ataque,<br \/>\nao lado de Edm\u00edlson. Willie, por sinal, que era para ser o escolhido, ao menos,<br \/>\npara entrar no segundo tempo, ao inv\u00e9s de Bernardo, fora de sua melhor forma<br \/>\nf\u00edsica, t\u00e9cnica e alienado em campo por falta de ritmo de jogo.<\/span><\/p>\n<p class=\"MsoNormal\" style=\"text-align:justify;line-height:150%\"><span style=\"font-size:8.5pt;line-height:150%;font-family:&quot;Arial&quot;,&quot;sans-serif&quot;\"><br \/><\/span><\/p>\n<p class=\"MsoNormal\" style=\"text-align:justify;line-height:150%\">\n<span style=\"font-size:8.5pt;line-height:150%;font-family:&quot;Arial&quot;,&quot;sans-serif&quot;\">E<br \/>\ncomo sofrimento pouco parece ser bobagem para os t\u00e9cnicos que, por algum<br \/>\nmotivo, insistem em escalar certos jogadores que NADA produziram at\u00e9 ent\u00e3o,<br \/>\nAd\u00edlson acena com a possibilidade de escalar Nei IMPROVISADO na<br \/>\nlateral-esquerda diante do Gr\u00eamio, nessa noite, em pleno campo do advers\u00e1rio,<br \/>\nocasi\u00e3o em que, na aus\u00eancia de um jogador para esta posi\u00e7\u00e3o no elenco (Henrique<br \/>\nest\u00e1 lesionado), poderia optar por um esquema 3-5-2, colocando Willie para<br \/>\ncompor como ala-esquerda e dois cabe\u00e7as-de-\u00e1rea na marca\u00e7\u00e3o para liber\u00e1-lo,<br \/>\njunto com Fagner, ao apoio ofensivo.<\/span><\/p>\n<p class=\"MsoNormal\" style=\"text-align:justify;line-height:150%\"><span style=\"font-size:8.5pt;line-height:150%;font-family:&quot;Arial&quot;,&quot;sans-serif&quot;\"><br \/><\/span><\/p>\n<p class=\"MsoNormal\" style=\"text-align:justify;line-height:150%\">\n<span style=\"font-size:8.5pt;line-height:150%;font-family:&quot;Arial&quot;,&quot;sans-serif&quot;\">Infelizmente,<br \/>\nAd\u00edlson Batista recusa-se a seguir suas pr\u00f3prias convic\u00e7\u00f5es, ao que parece.<br \/>\nPrefere ficar ouvindo \u00e0s \u201cinstru\u00e7\u00f5es\u201d e \u201cconselhos\u201d de pessoas que est\u00e3o no<br \/>\npr\u00f3prio Vasco, que eram para conhecer o elenco muito melhor do que aparentam ou<br \/>\nque, simplesmente por quaisquer outros motivos, preferem indicar ao t\u00e9cnico a<br \/>\nescala\u00e7\u00e3o de jogadores que j\u00e1 mostraram que N\u00c3O SER\u00c3O a solu\u00e7\u00e3o para coisa<br \/>\nalguma. Corre s\u00e9rio risco de colocar em xeque seu pr\u00f3prio trabalho e expurgar,<br \/>\nde vez, nossas esperan\u00e7as se assim continuar. Infelizmente.<\/span><\/p>\n<p class=\"MsoNormal\" style=\"text-align:justify;line-height:150%\"><b style><span style=\"font-size:8.5pt;line-height:150%;font-family:&quot;Arial&quot;,&quot;sans-serif&quot;\"><br \/><\/span><\/b><\/p>\n<p class=\"MsoNormal\" style=\"text-align:justify;line-height:150%\">\n<b style><span style=\"font-size:8.5pt;line-height:150%;font-family:&quot;Arial&quot;,&quot;sans-serif&quot;\">A debandada da base<\/span><\/b><\/p>\n<p class=\"MsoNormal\" style=\"text-align:justify;line-height:150%\"><span style=\"font-size:8.5pt;line-height:150%;font-family:&quot;Arial&quot;,&quot;sans-serif&quot;\"><br \/><\/span><\/p>\n<p class=\"MsoNormal\" style=\"text-align:justify;line-height:150%\">\n<span style=\"font-size:8.5pt;line-height:150%;font-family:&quot;Arial&quot;,&quot;sans-serif&quot;\">Em<br \/>\nque pese as diretrizes da malfadada Lei Pel\u00e9, \u00e9 INADMISS\u00cdVEL um clube como o<br \/>\nVasco perder uma gera\u00e7\u00e3o inteira sem que ainda tivessem chegado aos<br \/>\nprofissionais, alguns inclusive nem nos juniores chegaram. S\u00e3o os casos de<br \/>\nC\u00edcero, Foguete, Mosquito, Danilo e, agora, Matheus Indio para o \u201cpoderoso\u201d<br \/>\nPenapolense que, tal como muitos, dever\u00e1 ter t\u00e3o somente o papel de hospedeiro<br \/>\ntempor\u00e1rio at\u00e9 que o destino do jogador seja, realmente, encaminhado para um<br \/>\nclube de maior express\u00e3o.<\/span><\/p>\n<p class=\"MsoNormal\" style=\"text-align:justify;line-height:150%\"><span style=\"font-size:8.5pt;line-height:150%;font-family:&quot;Arial&quot;,&quot;sans-serif&quot;\"><br \/><\/span><\/p>\n<p class=\"MsoNormal\" style=\"text-align:justify;line-height:150%\">\n<span style=\"font-size:8.5pt;line-height:150%;font-family:&quot;Arial&quot;,&quot;sans-serif&quot;\">IMPRESSIONANTE,<br \/>\ntamb\u00e9m, a fragilidade para se manter jogadores rec\u00e9m-destacados nos<br \/>\nprofissionais. O caso mais chocante \u00e9 o de Marlone em que, numa mistura de<br \/>\nfalta de amparo da lei ao clube com incompet\u00eancia e falta de argumentos dos<br \/>\npr\u00f3prios capazes de convencer o jogador a ficar por mais tempo, culmina com a<br \/>\npossibilidade de v\u00ea-lo jogando dali a pouco em terras brasileiras, por\u00e9m LONGE<br \/>\nde S\u00e3o Janu\u00e1rio.<\/span><\/p>\n<p class=\"MsoNormal\" style=\"text-align:justify;line-height:150%\"><span style=\"font-size:8.5pt;line-height:150%;font-family:&quot;Arial&quot;,&quot;sans-serif&quot;\"><br \/><\/span><\/p>\n<p class=\"MsoNormal\" style=\"text-align:justify;line-height:150%\">\n<span style=\"font-size:8.5pt;line-height:150%;font-family:&quot;Arial&quot;,&quot;sans-serif&quot;\">Enquanto<br \/>\nisso, o clube se recusa a \u201cenxutar\u201d sua folha salarial, reduzir seu quadro funcional,<br \/>\naveriguar direitinho quem s\u00e3o os funcion\u00e1rios que realmente s\u00e3o necess\u00e1rios e<br \/>\nos que NADA produzem para o clube, al\u00e9m de outras aberra\u00e7\u00f5es como sustentar no<br \/>\nelenco jogadores como Michel Alves, DIOGO SILVA (no qual deve-se perder a<br \/>\nquantia supra de UM MILH\u00c3O DE REAIS pela transa\u00e7\u00e3o com o Nova Igua\u00e7u), Nei,<br \/>\nCris, Francismar, Reginaldo entre outros.<\/span><\/p>\n<p class=\"MsoNormal\" style=\"text-align:justify;line-height:150%\"><b style><span style=\"font-size:8.5pt;line-height:150%;font-family:&quot;Arial&quot;,&quot;sans-serif&quot;\"><br \/><\/span><\/b><\/p>\n<p class=\"MsoNormal\" style=\"text-align:justify;line-height:150%\">\n<b style><span style=\"font-size:8.5pt;line-height:150%;font-family:&quot;Arial&quot;,&quot;sans-serif&quot;\">O fator planejamento<\/span><\/b><\/p>\n<p class=\"MsoNormal\" style=\"text-align:justify;line-height:150%\"><span style=\"font-size:8.5pt;line-height:150%;font-family:&quot;Arial&quot;,&quot;sans-serif&quot;\"><br \/><\/span><\/p>\n<p class=\"MsoNormal\" style=\"text-align:justify;line-height:150%\">\n<span style=\"font-size:8.5pt;line-height:150%;font-family:&quot;Arial&quot;,&quot;sans-serif&quot;\">Em<br \/>\n2011, a Pluri Consultoria publicou um estudo que dava a gest\u00e3o do Vasco,<br \/>\nincrivelmente, como a \u201cmelhor dentre os clubes brasileiros\u201d. Na \u00e9poca e tal<br \/>\ncomo critico agora, eu argumentei sobre seus par\u00e2metros meramente simplistas<br \/>\nque os levaram a produzir esse resultado. Utilizaram como base uma pontua\u00e7\u00e3o<br \/>\nfeita tendo em vista o peso do campeonato ganho por cada clube naquele ano (o<br \/>\nVasco era o campe\u00e3o da Copa do Brasil) versus o montante investido para tal<br \/>\npontua\u00e7\u00e3o. Desconsideraram fatores que direcionam bem mais para uma forma\u00e7\u00e3o de<br \/>\nopini\u00e3o, tais como planejamento estrat\u00e9gico e organizacional, plano de gest\u00e3o<br \/>\npara as modalidades esportivas do clube, gest\u00e3o financeira, gest\u00e3o de<br \/>\ncomunica\u00e7\u00e3o entre outros. Levou-se em considera\u00e7\u00e3o o retorno desportivo somente<br \/>\nque, para os torcedores, \u00e9 o que interessa, mesmo que n\u00e3o haja um<br \/>\ndesenvolvimento sustent\u00e1vel, tal como n\u00e3o houve no Vasco e que, hoje, a<br \/>\ndesordem administrativa no presente apenas corrobora com essa linha de<br \/>\npensamento.<\/span><\/p>\n<p class=\"MsoNormal\" style=\"text-align:justify;line-height:150%\"><span style=\"font-size:8.5pt;line-height:150%;font-family:&quot;Arial&quot;,&quot;sans-serif&quot;\"><br \/><\/span><\/p>\n<p class=\"MsoNormal\" style=\"text-align:justify;line-height:150%\">\n<span style=\"font-size:8.5pt;line-height:150%;font-family:&quot;Arial&quot;,&quot;sans-serif&quot;\">Por<br \/>\nesse crit\u00e9rio utilizado pela referida empresa, a gest\u00e3o do Flamengo, por<br \/>\nexemplo, mesmo endividado, mesmo que seus profissionais rec\u00e9m-assumidos tenham<br \/>\nfeito quase que todas as besteiras durante esse ano (e ainda assim s\u00e3o<br \/>\nfinalistas da Copa do Brasil) seria supostamente melhor do que a do Atl\u00e9tico-PR,<br \/>\n\u00daNICO clube brasileiro da s\u00e9rie A que aparece com super\u00e1fit financeiro, que se<br \/>\nplanejou (e bem) para essa temporada, montando uma programa\u00e7\u00e3o para abandonar o<br \/>\nseu campeonato estadual privilegiando o Campeonato Brasileiro e a Copa do<br \/>\nBrasil e colhendo tais boas campanhas em ambas as competi\u00e7\u00f5es como os merecidos<br \/>\nfrutos pela sua compet\u00eancia. <\/span><\/p>\n<p class=\"MsoNormal\" style=\"text-align:justify;line-height:150%\"><span style=\"font-size:8.5pt;line-height:150%;font-family:&quot;Arial&quot;,&quot;sans-serif&quot;\">Portanto,<br \/>\nlamento somente pelo tempo em que alguns se enganaram por uma pesquisa cujas<br \/>\nbases est\u00e3o longe de serem s\u00f3lidas. E cuja constata\u00e7\u00e3o n\u00f3s s\u00f3 averiguamos no<br \/>\npresente, e das piores formas poss\u00edveis.<\/span><\/p>\n<p class=\"MsoNormal\" style=\"text-align:justify;line-height:150%\"><b style><span style=\"font-size:8.5pt;line-height:150%;font-family:&quot;Arial&quot;,&quot;sans-serif&quot;\"><br \/><\/span><\/b><\/p>\n<p class=\"MsoNormal\" style=\"text-align:justify;line-height:150%\">\n<b style><span style=\"font-size:8.5pt;line-height:150%;font-family:&quot;Arial&quot;,&quot;sans-serif&quot;\">\u201cToques finais\u201d<\/span><\/b><\/p>\n<p class=\"MsoNormal\" style=\"text-align:justify;line-height:150%\"><span style=\"font-size:8.5pt;line-height:150%;font-family:&quot;Arial&quot;,&quot;sans-serif&quot;\"><br \/><\/span><\/p>\n<p class=\"MsoNormal\" style=\"text-align:justify;line-height:150%\">\n<span style=\"font-size:8.5pt;line-height:150%;font-family:&quot;Arial&quot;,&quot;sans-serif&quot;\">1\u00ba) \u00c9<br \/>\npara se questionar essas seguidas les\u00f5es de Juninho, que mais uma vez n\u00e3o<br \/>\nconseguiu sequer jogar vinte minutos. Al\u00e9m disso, j\u00e1 n\u00e3o \u00e9 de hoje que critico<br \/>\na falta de preparo f\u00edsico adequado de nosso elenco. H\u00e1 tempos que falta g\u00e1s ao<br \/>\ntime nos momentos em que mais precisa. E isso pode ser um diferencial nesse<br \/>\nfinal de campeonato com n\u00edvel t\u00e9cnico horroroso, em que as equipes mais bem<br \/>\ncondicionadas fisicamente h\u00e3o de suportar melhor essa maratona final.<\/span><\/p>\n<p class=\"MsoNormal\" style=\"text-align:justify;line-height:150%\"><span style=\"font-size:8.5pt;line-height:150%;font-family:&quot;Arial&quot;,&quot;sans-serif&quot;\"><br \/><\/span><\/p>\n<p class=\"MsoNormal\" style=\"text-align:justify;line-height:150%\">\n<span style=\"font-size:8.5pt;line-height:150%;font-family:&quot;Arial&quot;,&quot;sans-serif&quot;\">2\u00ba)<br \/>\nPara n\u00f3s, \u00e9 uma verdadeira batalha esse jogo de logo mais. Sinceramente, n\u00e3o<br \/>\nestou otimista, mas ficaria MUITO feliz se uma surpresa bem positiva viesse de<br \/>\nencontro a n\u00f3s ao final do dia. N\u00e3o pela gest\u00e3o do clube, um desastre completo<br \/>\ne que n\u00e3o tomou as medidas necess\u00e1rias para evitar a tudo que presenciamos. Mas<br \/>\nsim, pela FABULOSA TORCIDA, que \u00e9 quem ainda sustenta esse GIGANTE no presente,<br \/>\ne que mostrou para todos nesse \u00faltimo domingo as reais diferen\u00e7as entre os<br \/>\ngrandes e os GIGANTES! Em tempo: n\u00e3o \u00e9 o Vasco que merece o Maracan\u00e3, mas sim,<br \/>\no Maracan\u00e3 que merece o Vasco!<\/span><\/p>\n<p class=\"MsoNormal\" style=\"text-align:justify;line-height:150%\"><span style=\"font-size:8.5pt;line-height:150%;font-family:&quot;Arial&quot;,&quot;sans-serif&quot;\"><br \/><\/span><\/p>\n<p class=\"MsoNormal\" style=\"text-align:justify;line-height:150%\">\n<span style=\"font-size:8.5pt;line-height:150%;font-family:&quot;Arial&quot;,&quot;sans-serif&quot;\">3\u00ba)<br \/>\nAo final de meu texto, fui surpreendido com um profissional de marketing de uma<br \/>\ndas \u201cparceiras\u201d do Vasco declarando que se \u201co clube disputar a s\u00e9rie B, melhor<br \/>\nainda, pois seria a marca \u00fanica dela perante as outras marcas\u201d. Realmente, deve<br \/>\nser realmente muito interessante preferir expor sua marca para jogos contra<br \/>\nLuverdense, ASA, Sampaio Correia, Boa Esporte entre outros, em detrimento a<br \/>\nmarcas como Flamengo, Cor\u00ednthians,S\u00e3o Paulo e Cruzeiro, por exemplo. Com<br \/>\ndireito a N\u00c3O TRANSMISS\u00c3O PELA TV em hor\u00e1rio nobre do futebol aos domngos e<br \/>\nquartas-feiras \u00e0 noite.\u00a0 Tendo como agravante a falta de respeito a uma<br \/>\ntorcida cujo clube a tem como \u201cparceira\u201d e cujos torcedores poderiam se interessar<br \/>\npelo consumo de sua marca muito mais do que ele poderia imaginar, tamanha a<br \/>\nfor\u00e7a dessa torcida. Sinceramente e mesmo n\u00e3o sendo um estudioso sobre a<br \/>\nmat\u00e9ria, s\u00e3o eles os \u201cs\u00e1bios\u201d e\u00a0 eu que n\u00e3o devo entender nada sobre<br \/>\nmarketing mesmo&#8230;<\/span><\/p>\n<p class=\"MsoNormal\" style=\"text-align:justify;line-height:150%\"><span style=\"font-size:8.5pt;line-height:150%;font-family:&quot;Arial&quot;,&quot;sans-serif&quot;\"><br \/><\/span><\/p>\n<p class=\"MsoNormal\" style=\"text-align:justify;line-height:150%\">\n<span style=\"font-size:8.5pt;line-height:150%;font-family:&quot;Arial&quot;,&quot;sans-serif&quot;\">4)<br \/>\nDedico o texto de hoje aos que possuem ainda F\u00c9 por dias melhores e que o pior<br \/>\nn\u00e3o ir\u00e1 acontecer! Para quem se enquadra nesse grupo, meus sinceros Parab\u00e9ns!<br \/>\nHei de busc\u00e1-la em meu interior com maior for\u00e7a tomando-lhes como exemplo de<br \/>\nexerc\u00edcio inabal\u00e1vel de perseveran\u00e7a e cren\u00e7a no melhor que, um dia, h\u00e1 por<br \/>\nvir. Para o bem de nosso clube!<\/span><\/p>\n<p class=\"MsoNormal\" style=\"text-align:justify;line-height:150%\"><span style=\"font-size:8.5pt;line-height:150%;font-family:&quot;Arial&quot;,&quot;sans-serif&quot;\"><\/span><\/p>\n<p><\/p>\n<p class=\"MsoNormal\" style=\"text-align:justify;line-height:150%\"><b><span style=\"font-size:8.5pt;line-height:150%;font-family:&quot;Arial&quot;,&quot;sans-serif&quot;\"><a href=\"mailto:cris.mariotti@crvasco.com.br\"><\/a><a href=\"mailto:cris.mariotti@crvasco.com.br\">cris.mariotti@crvasco.com.br<\/a><\/span><\/b><\/p>\n<p><\/p>\n<p class=\"MsoNormal\" style=\"text-align:justify;line-height:150%\"><span style=\"font-size:8.5pt;line-height:150%;font-family:&quot;Arial&quot;,&quot;sans-serif&quot;\"><b>@crismariottirj<\/b><br \/><\/span><\/p>\n<\/div>\n<p><\/p>\n","protected":false},"excerpt":{"rendered":"<p>Apesar de conhecermos os limites do time atual do Vasco, todos contavam com o fator&#8230;<\/p>\n","protected":false},"author":12,"featured_media":341,"comment_status":"open","ping_status":"closed","sticky":false,"template":"","format":"standard","meta":{"footnotes":""},"categories":[3],"tags":[],"class_list":["post-687","post","type-post","status-publish","format-standard","has-post-thumbnail","hentry","category-colunistas"],"_links":{"self":[{"href":"https:\/\/webvasco.com\/artigos\/wp-json\/wp\/v2\/posts\/687","targetHints":{"allow":["GET"]}}],"collection":[{"href":"https:\/\/webvasco.com\/artigos\/wp-json\/wp\/v2\/posts"}],"about":[{"href":"https:\/\/webvasco.com\/artigos\/wp-json\/wp\/v2\/types\/post"}],"author":[{"embeddable":true,"href":"https:\/\/webvasco.com\/artigos\/wp-json\/wp\/v2\/users\/12"}],"replies":[{"embeddable":true,"href":"https:\/\/webvasco.com\/artigos\/wp-json\/wp\/v2\/comments?post=687"}],"version-history":[{"count":0,"href":"https:\/\/webvasco.com\/artigos\/wp-json\/wp\/v2\/posts\/687\/revisions"}],"wp:featuredmedia":[{"embeddable":true,"href":"https:\/\/webvasco.com\/artigos\/wp-json\/wp\/v2\/media\/341"}],"wp:attachment":[{"href":"https:\/\/webvasco.com\/artigos\/wp-json\/wp\/v2\/media?parent=687"}],"wp:term":[{"taxonomy":"category","embeddable":true,"href":"https:\/\/webvasco.com\/artigos\/wp-json\/wp\/v2\/categories?post=687"},{"taxonomy":"post_tag","embeddable":true,"href":"https:\/\/webvasco.com\/artigos\/wp-json\/wp\/v2\/tags?post=687"}],"curies":[{"name":"wp","href":"https:\/\/api.w.org\/{rel}","templated":true}]}}