{"id":693,"date":"2013-11-21T09:06:06","date_gmt":"2013-11-21T12:06:06","guid":{"rendered":"http:\/\/webvasco.com\/artigos\/?p=693"},"modified":"2013-11-21T09:07:41","modified_gmt":"2013-11-21T12:07:41","slug":"o-utpico-dever-dos-cem-por-cento-no-torneio-da-morte","status":"publish","type":"post","link":"https:\/\/webvasco.com\/artigos\/colunistas\/o-utpico-dever-dos-cem-por-cento-no-torneio-da-morte\/","title":{"rendered":"O ut&oacute;pico dever dos cem por cento no &quot;torneio da morte&quot;!"},"content":{"rendered":"<div dir=\"ltr\">\n<div>\n<p style=\"margin:0px 0px 10px;padding:0px;border:0px;outline:0px;font-size:15px;vertical-align:baseline;color:rgb(51,51,51);line-height:21px\">Parece que nesse momento est\u00e1 muito claro para todos que o Vasco d\u00e1 seus \u00faltimos suspiros tentando evitar \u00e0quilo que fora alertado faz tempo. Sinceramente, n\u00e3o h\u00e1 muito mais o que fazer, sen\u00e3o conforme lhes escrevi na semana anterior, ter F\u00c9 para que, em tr\u00eas jogos, o time de futebol consiga fazer algo que n\u00e3o conseguiu fazer durante todo o campeonato: tr\u00eas vit\u00f3rias seguidas, nove pontos para tirar o &quot;paciente&quot; dos &quot;aparelhos&quot; no qual respira. Miss\u00e3o imposs\u00edvel? No futebol, esse termo \u00e9 MUITO perigoso, pois somente esse esporte \u00e9 capaz de proporcionar surpresas. Pode acontecer, mas o problema \u00e9: quem acredita? Ser\u00e1 que os pr\u00f3prios jogadores e dirigentes vasca\u00ednos s\u00e3o capazes de acreditar que isso \u00e9 poss\u00edvel?<\/p>\n<p><\/p>\n<p style=\"margin:0px 0px 10px;padding:0px;border:0px;outline:0px;font-size:15px;vertical-align:baseline;color:rgb(51,51,51);line-height:21px\">A torcida, ao que parece, \u00e9\u00a0 \u00daNICA que ainda cr\u00ea em algo. Mesmo que seja de forma minorit\u00e1ria, e ainda assim, o MENOS representa o MUITO. A julgar pelas longas filas j\u00e1 nessa manh\u00e3 nos arredores de S\u00e3o Janu\u00e1rio para comprar os ingressos para o confronto, nada menos contra o campe\u00e3o brasileiro do corrente certame, \u00e9\u00a0 poss\u00edvel perceber uma certa dose de otimismo, muito mais pelo fator SER VASCO do que pela racionalidade.<\/p>\n<p><\/p>\n<p style=\"margin:0px 0px 10px;padding:0px;border:0px;outline:0px;font-size:15px;vertical-align:baseline;color:rgb(51,51,51);line-height:21px\">\u00c9 \u00f3bvio que, ainda que venham com um time misto ou at\u00e9 mesmo com os reservas para o jogo do pr\u00f3ximo s\u00e1bado no Maracan\u00e3, o time do Cruzeiro \u00e9 MUITO superior ao do Vasco. Do tipo que se jogar para valer atropela sem direito a d\u00f3 nem piedade. Sim, o mesmo Cruzeiro de F\u00e1bio (saiu praticamente de gra\u00e7a numa &quot;troca de fachada&quot; por Alex Dias em 2005), de Ded\u00e9 (se n\u00e3o fosse negociado por n\u00f3s esse ano ningu\u00e9m receberia um centavo sequer no clube naquele momento, tamanho o caos financeiro), de N\u00edlton (em outra &quot;troca de fachada&quot;, saiu em &quot;acordo de cavalheiros por Sandro Silva, Thiaguinho e Pedro Ken &#8211; a &quot;quem&quot; pedimos sua libera\u00e7\u00e3o em troca de outro &quot;refugo&quot; que poderia chegar em 2014, o que para n\u00f3s, acabou sendo bom neg\u00f3cio nesse momento). O mesmo Cruzeiro que trouxe Diego Souza de volta da Ar\u00e1bia Saudita, no qual o Vasco liberou, n\u00e3o recebeu at\u00e9 hoje e, quando voltou, pegou o avi\u00e3o e desembarcou em BH. Do t\u00e9cnico Marcelo de Oliveira, que foi culpado por perder seis partidas seguidas sem ter visto, em dois meses, a cor do dinheiro quando esteve em S\u00e3o Janu\u00e1rio.<\/p>\n<p><\/p>\n<p style=\"margin:0px 0px 10px;padding:0px;border:0px;outline:0px;font-size:15px;vertical-align:baseline;color:rgb(51,51,51);line-height:21px\">Pois \u00e9 esse nosso primeiro advers\u00e1rio do total de tr\u00eas nesse &quot;torneio da morte&quot;. Dando um primeiro passo &#8211; muito mais pela cren\u00e7a nos meandros tortos que o futebol proporciona e na F\u00c9 (mais uma vez, ela!) de que o advers\u00e1rio celeste poder\u00e1 n\u00e3o dar tudo de si uma vez que j\u00e1 \u00e9 o campe\u00e3o &#8211; os demais s\u00e3o contra o lanterna e PIOR time disparado do campeonato (se n\u00e3o vencer e eu N\u00c3O duvido que mais essa &quot;bizarrice&quot; possa ocorrer, \u00e9 porque realmente merece MUITO essa queda!) e o clube mais bem planejou no ano, que para n\u00f3s representa uma inc\u00f3gnita nesse presente. Pois n\u00e3o sabemos se estaremos jogando contra o &quot;Furac\u00e3o&quot; classificado \u00e0 Libertadores e com o desejo de ajudar a derrubar seu arquirrival para a segunda divis\u00e3o, ou contra um time ainda \u00e1vido por garantir sua vaga na Libertadores. Em resumo: um mini-torneio que temos como \u00daNICA certeza que paira, agora, ser recheado de incertezas.<\/p>\n<p><\/p>\n<p style=\"margin:0px 0px 10px;padding:0px;border:0px;outline:0px;font-size:15px;vertical-align:baseline;color:rgb(51,51,51);line-height:21px\">Como o papel \u00e9 um ser inanimado sempre amigo nosso pois \u00e9 capaz de aceitar tudo, resta-nos torcer para que tudo o que desejamos se concretize. Ainda que da parte de quem lhes escreve n\u00e3o haja mais o sentimento de esperan\u00e7a, h\u00e1 ainda o fator &quot;surpresa&quot;, que pode fazer com que a alegria aos incr\u00e9dulos como eu retorne, em um t\u00edpico caso em que a aus\u00eancia da raz\u00e3o me fa\u00e7a mais feliz do que a quase certeza de uma decep\u00e7\u00e3o j\u00e1 aguardada. Enfim, \u00e9 contar os dias e esperar pelo t\u00e3o sonhado &quot;milagre&quot;, ainda que admita que o Vasco N\u00c3O mere\u00e7a pelo que (n\u00e3o) fez durante o ano. Excetuando, evidentemente, nossa torcida, essa sim, merecedora s\u00f3 pelo fato de uma parte dela ainda crer em algo de bom vindo dos Alessandro, Cris, Edm\u00edlson entre outros mais.<\/p>\n<p><\/p>\n<p style=\"margin:0px 0px 10px;padding:0px;border:0px;outline:0px;font-size:15px;vertical-align:baseline;color:rgb(51,51,51);line-height:21px\"><strong style=\"margin:0px;padding:0px;border:0px;outline:0px;vertical-align:baseline;color:rgb(68,68,68);font-family:Arial,&#39;Times New Roman&#39;,serif\">Coer\u00eancias invertidas<\/strong><\/p>\n<p><\/p>\n<p style=\"margin:0px 0px 10px;padding:0px;border:0px;outline:0px;font-size:15px;vertical-align:baseline;color:rgb(51,51,51);line-height:21px\">No momento em que o Vasco apresentava em seu fraco time, al\u00e9m do desentrosamento e do (ainda) P\u00c9SSIMO preparo f\u00edsico, uma not\u00f3ria fragilidade em seu setor defensivo, Dorival J\u00fanior cismou em colocar o time treinado tentando jogar de igual para igual com os advers\u00e1rios, expondo tais defici\u00eancias e sendo uma presa f\u00e1cil para a maioria. Naquele momento, se fechar, jogar como time pequeno e apostar nas bolas certas quando o advers\u00e1rio estivesse desguarnecido teria sido a melhor das op\u00e7\u00f5es. Garantir\u00edamos muitos dos precisos pontos perdidos, que no presente momento nos faz tanta falta.<\/p>\n<p><\/p>\n<p style=\"margin:0px 0px 10px;padding:0px;border:0px;outline:0px;font-size:15px;vertical-align:baseline;color:rgb(51,51,51);line-height:21px\">Nesse momento e ao contr\u00e1rio de outrora, o Vasco n\u00e3o possui outra op\u00e7\u00e3o sen\u00e3o vencer. Jogar recuado, criar pouqu\u00edssimas chances de gol, no entanto, foi a op\u00e7\u00e3o de Ad\u00edlson Batista. O esc\u00e1rnio de darmos somente um chute a gol certo e sem tanto perigo diante de um Cor\u00ednthians que nada mais quer no campeonato \u00e9 o retrato fiel dessa escolha inoportuna, assim como j\u00e1 havia sido contra o Gr\u00eamio. Como saldo final, somente UM ponto em seis poss\u00edveis disputados fora de casa. Para muitos, um \u00f3timo neg\u00f3cio. Para quem contextualizou com o certame, nada mais desesperador, avaliando os pr\u00f3ximos confontos e tendo os concorrentes diretos nessa ingl\u00f3ria luta ter, em sua maioria, vencido seus \u00faltimos jogos.<\/p>\n<p><\/p>\n<p style=\"margin:0px 0px 10px;padding:0px;border:0px;outline:0px;font-size:15px;vertical-align:baseline;color:rgb(51,51,51);line-height:21px\">De certa forma, n\u00e3o culpo totalmente Ad\u00edlson, pois ainda que reconhe\u00e7a que poderia ter tido a coragem que sobrou em Dorival no momento em que a covardia seria bem-vinda, tamb\u00e9m encaramos a triste constata\u00e7\u00e3o da falta de jogadores de maior qualidade para fazer a cria\u00e7\u00e3o dessas mesmas jogadas. Embora, no entanto, sua insist\u00eancia com jogadores que NADA produziram em detrimento de Marlone, por exemplo, a quem sacou e que era a \u00daNICA fonte inteligente de vida nesse \u00faltimo confronto seja digno de uma &quot;chamada&quot; bem dada. O que, no entanto tamb\u00e9m, \u00e9 outro problema, pois no Vasco da desordem \u00e9 incr\u00edvel como n\u00e3o h\u00e1 sequer uma s\u00f3 pessoa que cobre com seriedade por essas m\u00e1s decis\u00f5es tamb\u00e9m.<\/p>\n<p><\/p>\n<p style=\"margin:0px 0px 10px;padding:0px;border:0px;outline:0px;font-size:15px;vertical-align:baseline;color:rgb(51,51,51);line-height:21px\">No Vasco do desastroso ano de 2013, fica evidente que certos jogadores de maior qualidade que poderiam contribuir bem mais do que miutos que ainda s\u00e3o escalados parecem n\u00e3o receber mais chances por uma ordem direta partida de cima. \u00c9 a \u00fanica explica\u00e7\u00e3o cab\u00edvel, no mesmo Vasco cuja administra\u00e7\u00e3o prometera transpar\u00eancia um dia, al\u00e9m da j\u00e1 perdida credibilidade e da long\u00ednqua compet\u00eancia. Sintomas claros de uma administra\u00e7\u00e3o que conseguiu a proeza de ressuscitar, em muitos, o desejo de ter o ex-Presidente de volta ao clube.<\/p>\n<p><\/p>\n<p style=\"margin:0px 0px 10px;padding:0px;border:0px;outline:0px;font-size:15px;vertical-align:baseline;color:rgb(51,51,51);line-height:21px\"><strong style=\"margin:0px;padding:0px;border:0px;outline:0px;vertical-align:baseline;color:rgb(68,68,68);font-family:Arial,&#39;Times New Roman&#39;,serif\">&quot;Toques finais&quot;<\/strong><\/p>\n<p><\/p>\n<p style=\"margin:0px 0px 10px;padding:0px;border:0px;outline:0px;font-size:15px;vertical-align:baseline;color:rgb(51,51,51);line-height:21px\">1\u00ba) Marlone parece estar realmente se despedindo do clube. Renato Kayser, a maior esperan\u00e7a da base hoje, ao que tudo indica segundo o notici\u00e1rio veiculado hoje pela manh\u00e3, poder\u00e1 sair em janeiro de 2014. At\u00e9 quando estaremos t\u00e3o fragilizados ao ponto de sequer conseguirmos manter um jogador formado por n\u00f3s no clube?<\/p>\n<p><\/p>\n<p style=\"margin:0px 0px 10px;padding:0px;border:0px;outline:0px;font-size:15px;vertical-align:baseline;color:rgb(51,51,51);line-height:21px\">2\u00ba) Parab\u00e9ns \u00e0 torcida do Palmeiras, que N\u00c3O comemorou o t\u00edtulo da s\u00e9rie B de forma entiasmada no \u00faltimo s\u00e1bado! Recado bem claro ao meu posicionamento de como a torcida do Vasco, para mim, tem que proceder em caso de virmos a disputar essa competi\u00e7\u00e3o, mais uma vez e infelizmente, em nossa hist\u00f3ria.<\/p>\n<p>\n<\/div>\n<p>\n<\/div>\n<p><\/p>\n","protected":false},"excerpt":{"rendered":"<p>Parece que nesse momento est\u00e1 muito claro para todos que o Vasco d\u00e1 seus \u00faltimos&#8230;<\/p>\n","protected":false},"author":12,"featured_media":341,"comment_status":"open","ping_status":"closed","sticky":false,"template":"","format":"standard","meta":{"footnotes":""},"categories":[3],"tags":[],"class_list":["post-693","post","type-post","status-publish","format-standard","has-post-thumbnail","hentry","category-colunistas"],"_links":{"self":[{"href":"https:\/\/webvasco.com\/artigos\/wp-json\/wp\/v2\/posts\/693","targetHints":{"allow":["GET"]}}],"collection":[{"href":"https:\/\/webvasco.com\/artigos\/wp-json\/wp\/v2\/posts"}],"about":[{"href":"https:\/\/webvasco.com\/artigos\/wp-json\/wp\/v2\/types\/post"}],"author":[{"embeddable":true,"href":"https:\/\/webvasco.com\/artigos\/wp-json\/wp\/v2\/users\/12"}],"replies":[{"embeddable":true,"href":"https:\/\/webvasco.com\/artigos\/wp-json\/wp\/v2\/comments?post=693"}],"version-history":[{"count":0,"href":"https:\/\/webvasco.com\/artigos\/wp-json\/wp\/v2\/posts\/693\/revisions"}],"wp:featuredmedia":[{"embeddable":true,"href":"https:\/\/webvasco.com\/artigos\/wp-json\/wp\/v2\/media\/341"}],"wp:attachment":[{"href":"https:\/\/webvasco.com\/artigos\/wp-json\/wp\/v2\/media?parent=693"}],"wp:term":[{"taxonomy":"category","embeddable":true,"href":"https:\/\/webvasco.com\/artigos\/wp-json\/wp\/v2\/categories?post=693"},{"taxonomy":"post_tag","embeddable":true,"href":"https:\/\/webvasco.com\/artigos\/wp-json\/wp\/v2\/tags?post=693"}],"curies":[{"name":"wp","href":"https:\/\/api.w.org\/{rel}","templated":true}]}}