{"id":695,"date":"2013-11-27T12:26:12","date_gmt":"2013-11-27T15:26:12","guid":{"rendered":"http:\/\/webvasco.com\/artigos\/?p=695"},"modified":"2013-11-27T12:30:53","modified_gmt":"2013-11-27T15:30:53","slug":"deputado-quer-que-governo-federal-interceda-para-diminuir-disparidade-entre-as-cotas-de-tv-recebidas-pelos-clubes","status":"publish","type":"post","link":"https:\/\/webvasco.com\/artigos\/colunistas\/marcus-simonini\/deputado-quer-que-governo-federal-interceda-para-diminuir-disparidade-entre-as-cotas-de-tv-recebidas-pelos-clubes\/","title":{"rendered":"Deputado quer que Governo Federal interceda para diminuir disparidade entre as cotas de TV recebidas pelos clubes"},"content":{"rendered":"<div>\n<div dir='ltr'>\n<h1>Deputado quer que Governo Federal interceda para diminuir disparidade entre as cotas de TV recebidas pelos clubes<\/h1>\n<div class=\"noticia-subheader-container\"> <span class=\"noticia-data\">Quarta-feira, 27\/11\/2013  &#8211; 10:11<\/span><\/p>\n<div class=\"plugins-sociais\">\n<div style=\"vertical-align: top;\" class=\"fb-like fb_edge_widget_with_comment fb_iframe_widget\" fb-xfbml-state=\"rendered\" data-href=\"http:\/\/www.netvasco.com.br\/n\/138771\/\" data-send=\"true\" data-layout=\"button_count\" data-width=\"150\" data-show-faces=\"false\"><span style=\"width: 166px; height: 20px;\"><iframe style=\"border: currentColor; width: 166px; height: 20px;\" id=\"f17c0264b28e14\" class=\"fb_ltr\" title=\"Like this content on Facebook.\" src=\"http:\/\/www.facebook.com\/plugins\/like.php?api_key=&amp;channel_url=http%3A%2F%2Fstatic.ak.facebook.com%2Fconnect%2Fxd_arbiter.php%3Fversion%3D28%23cb%3Df3a990787ad1e92%26domain%3Dwww.netvasco.com.br%26origin%3Dhttp%253A%252F%252Fwww.netvasco.com.br%252Ff293b82a6ce8dfc%26relation%3Dparent.parent&amp;colorscheme=light&amp;extended_social_context=false&amp;href=http%3A%2F%2Fwww.netvasco.com.br%2Fn%2F138771%2F&amp;layout=button_count&amp;locale=pt_BR&amp;node_type=link&amp;sdk=joey&amp;send=true&amp;show_faces=false&amp;width=150\" frameborder=\"0\" allowtransparency=\"true\" name=\"f2329365262065\" scrolling=\"no\"><\/iframe><\/span><\/div>\n<\/div>\n<\/div>\n<p>A discuss\u00e3o sobre a disparidade na divis\u00e3o do dinheiro da TV entre os clubes chegou ao Congresso Nacional. O deputado Vicente C\u00e2ndido (PT-SP), vice da Federa\u00e7\u00e3o Paulista e conselheiro do Corinthians, articula para que o Governo Federal atue em busca de mais equil\u00edbrio na distribui\u00e7\u00e3o das cotas pagas pela Globo para transmitir os campeonatos.<\/p>\n<p>Ele defende que seja menor a diferen\u00e7a entre o que recebem os mais bem pagos e os demais. O objetivo \u00e9 evitar que a disputa dos t\u00edtulos fique concentrada em poucos times. Na S\u00e9rie A, Corinthians e Flamengo s\u00e3o os que ganham mais.<\/p>\n<p>S\u00e3o dois caminhos sugeridos pelo deputado. O mais suave \u00e9 ter o Minist\u00e9rio do Esporte como mediador de um pacto entre clubes e a Globo (ou outras emissoras que comprem os direitos). Com a ajuda do Governo Federal seria definida uma f\u00f3rmula de divis\u00e3o mais equilibrada.<\/p>\n<p>A op\u00e7\u00e3o mais dif\u00edcil de ser viabilizada \u00e9 tentar aprovar um projeto de lei que defina crit\u00e9rios para a distribui\u00e7\u00e3o do dinheiro. \u201cImagino que at\u00e9 a Globo esteja incomodada com essa distor\u00e7\u00e3o. N\u00e3o interessa para ela ter o Corinthians como \u00fanico grande de S\u00e3o Paulo, por exemplo. Talvez seja dif\u00edcil para a Globo fazer essa mudan\u00e7a, e \u00e9 papel do governo discutir isso.  Vamos arbitrar uma solu\u00e7\u00e3o. O futebol permite o debate entre estatal e privado. A din\u00e2mica da discuss\u00e3o vai dizer se isso deve ser feito por meio de um projeto de lei ou n\u00e3o\u201d, disse C\u00e2ndido ao blog.<\/p>\n<p>Por sua vez, o Minist\u00e9rio do Esporte n\u00e3o tem uma posi\u00e7\u00e3o formal sobre o tema. Por\u00e9m, o secret\u00e1rio  nacional de futebol e defesa do consumidor, Toninho Nascimento, admite receio de que  dois clubes fiquem muito mais fortes que os demais, como Barcelona e Real Madrid na Espanha.<\/p>\n<p>\u201cH\u00e1 uma certa preocupa\u00e7\u00e3o com o risco de \u2018espanholiza\u00e7\u00e3o\u2019 do Campeonato Brasileiro. Tenho discutido isso com os clubes. Existem alguns modelos mais equilibrados usados no exterior que poderiam ser adotados aqui. Como o Ingl\u00eas em que 25% do dinheiro da TV depende da import\u00e2ncia do time, 25% do resultado esportivo e 50% s\u00e3o iguais para todos\u201d, afirmou o secret\u00e1rio.<\/p>\n<p>Procurada, a assessoria de imprensa da Globo n\u00e3o respondeu ao blog at\u00e9 a publica\u00e7\u00e3o deste post.<\/p>\n<p>Fonte: Blog do Perrone &#8211; UOL \t\t \t   \t\t  <\/div>\n<\/div>\n<p><\/p>\n","protected":false},"excerpt":{"rendered":"<p>Deputado quer que Governo Federal interceda para diminuir disparidade entre as cotas de TV recebidas&#8230;<\/p>\n","protected":false},"author":8,"featured_media":261,"comment_status":"open","ping_status":"closed","sticky":false,"template":"","format":"standard","meta":{"footnotes":""},"categories":[6],"tags":[],"class_list":["post-695","post","type-post","status-publish","format-standard","has-post-thumbnail","hentry","category-marcus-simonini"],"_links":{"self":[{"href":"https:\/\/webvasco.com\/artigos\/wp-json\/wp\/v2\/posts\/695","targetHints":{"allow":["GET"]}}],"collection":[{"href":"https:\/\/webvasco.com\/artigos\/wp-json\/wp\/v2\/posts"}],"about":[{"href":"https:\/\/webvasco.com\/artigos\/wp-json\/wp\/v2\/types\/post"}],"author":[{"embeddable":true,"href":"https:\/\/webvasco.com\/artigos\/wp-json\/wp\/v2\/users\/8"}],"replies":[{"embeddable":true,"href":"https:\/\/webvasco.com\/artigos\/wp-json\/wp\/v2\/comments?post=695"}],"version-history":[{"count":0,"href":"https:\/\/webvasco.com\/artigos\/wp-json\/wp\/v2\/posts\/695\/revisions"}],"wp:featuredmedia":[{"embeddable":true,"href":"https:\/\/webvasco.com\/artigos\/wp-json\/wp\/v2\/media\/261"}],"wp:attachment":[{"href":"https:\/\/webvasco.com\/artigos\/wp-json\/wp\/v2\/media?parent=695"}],"wp:term":[{"taxonomy":"category","embeddable":true,"href":"https:\/\/webvasco.com\/artigos\/wp-json\/wp\/v2\/categories?post=695"},{"taxonomy":"post_tag","embeddable":true,"href":"https:\/\/webvasco.com\/artigos\/wp-json\/wp\/v2\/tags?post=695"}],"curies":[{"name":"wp","href":"https:\/\/api.w.org\/{rel}","templated":true}]}}