{"id":696,"date":"2013-11-27T16:44:31","date_gmt":"2013-11-27T19:44:31","guid":{"rendered":"http:\/\/webvasco.com\/artigos\/?p=696"},"modified":"2013-11-27T16:51:35","modified_gmt":"2013-11-27T19:51:35","slug":"todos-contra-ns","status":"publish","type":"post","link":"https:\/\/webvasco.com\/artigos\/colunistas\/todos-contra-ns\/","title":{"rendered":"TODOS contra n&oacute;s!"},"content":{"rendered":"<div dir=\"ltr\">\n<p class=\"MsoNormal\" style=\"text-align:justify;line-height:150%\"><span style=\"font-size:8.5pt;line-height:150%;font-family:&quot;Arial&quot;,&quot;sans-serif&quot;\">E contra<br \/>\nn\u00f3s, n\u00e3o basta somente o fato de possuirmos um time desprovido de maior<br \/>\nqualidade t\u00e9cnica. N\u00e3o basta possuirmos uma gest\u00e3o que para chegar a p\u00edfia deve<br \/>\nmelhorar MUITO. Agora e j\u00e1 n\u00e3o \u00e9 novidade para quem \u00e9 vasca\u00edno, vem o P\u00c9SSIMO<br \/>\njornalismo esportivo se apegar a fatos descontextualizados no intuito de<br \/>\nplantar factoides, de forma a desviar o foco de uma vit\u00f3ria, mesmo que sofrida,<br \/>\nconseguida na base da garra e do cora\u00e7\u00e3o contra o Cruzeiro, desfigurado, mas<br \/>\ncampe\u00e3o brasileiro desse certame.<\/span><\/p>\n<p class=\"MsoNormal\" style=\"text-align:justify;line-height:150%\"><span style=\"font-size:8.5pt;line-height:150%;font-family:&quot;Arial&quot;,&quot;sans-serif&quot;\"><br \/><\/span><\/p>\n<p><\/p>\n<p class=\"MsoNormal\" style=\"text-align:justify;line-height:150%\"><span style=\"font-size:8.5pt;line-height:150%;font-family:&quot;Arial&quot;,&quot;sans-serif&quot;\">N\u00e3o \u00e9<br \/>\nde hoje que a persegui\u00e7\u00e3o da imprensa esportiva \u00e0 institui\u00e7\u00e3o Vasco da Gama<br \/>\nsalta aos olhos, se comparado \u00e0 forma como outros clubes s\u00e3o encarados em<br \/>\ncircunst\u00e2ncias parecidas. Vale tudo se o objetivo de atingir e tumultuar o<br \/>\nambiente de um clube j\u00e1 t\u00e3o cheio de problemas for atingido. Uma frase solta na<br \/>\nlinguagem futebol\u00edstica, uma c\u00e2mera de alta defini\u00e7\u00e3o captando e isolando-a do<br \/>\ncontexto, uma leitura labial interpretada pelos \u201cformadores de opini\u00e3o\u201d.<br \/>\nPronto: est\u00e1 gerada a f\u00f3rmula para se colocar \u201clenha na fogueira\u201d dos<br \/>\nadvers\u00e1rios e reacender neles a chama (meio que como um \u201ccompromisso moral\u201d)<br \/>\nvencer ou, ao menos, endurecer os jogos contra o Vasco nessa \u201creta final\u201d de<br \/>\ncompeti\u00e7\u00e3o, que s\u00f3 n\u00e3o \u00e9 mais nojenta, para mim, porque o Vasco participa. O<br \/>\nCLUBE Vasco: n\u00e3o seu atual time de futebol tampouco seus diretores, esses sim,<br \/>\ntamb\u00e9m culpados pelo achincalhamento do clube.<\/span><\/p>\n<p class=\"MsoNormal\" style=\"text-align:justify;line-height:150%\"><span style=\"font-size:8.5pt;line-height:150%;font-family:&quot;Arial&quot;,&quot;sans-serif&quot;\"><\/p>\n<p><\/span><\/p>\n<p class=\"MsoNormal\" style=\"text-align:justify;line-height:150%\"><span style=\"font-size:8.5pt;line-height:150%;font-family:&quot;Arial&quot;,&quot;sans-serif&quot;\">E por<br \/>\nque s\u00e3o culpados? Primeiro, por falta de compromisso com o vasca\u00edno em formar<br \/>\num time competitivo para n\u00e3o passarmos esse sufoco de final de ano, ali\u00e1s, mais<br \/>\num para uma torcida que \u201cj\u00e1 se acostumou\u201d, ao que parece, a ver seu time<br \/>\ndisputando as mais relegadas posi\u00e7\u00f5es. Depois, pela inerte falta de<br \/>\nexpressividade. H\u00e1 tempos que se alerta que o Vasco est\u00e1 MUITO mal representado<br \/>\nnos bastidores do futebol, mas ao que parece, NADA \u00e9 feito para melhorarmos<br \/>\nnesse aspecto. Falta de blindagem do clube, do elenco. Falta de negocia\u00e7\u00f5es e<br \/>\ncobran\u00e7as a quem \u00e9 de direito para que certas reportagens sejam feitas com mais<br \/>\nresponsabilidade, e n\u00e3o beirando ao rid\u00edculo como muitas s\u00e3o. Falta de for\u00e7a<br \/>\nmesmo nas reivindica\u00e7\u00f5es e nas contesta\u00e7\u00f5es aos tratamentos concedidos ao<br \/>\nclube, muito disforme com o padr\u00e3o adotado a tantos outros. Em resumo: sem<br \/>\nnovidades.<\/span><\/p>\n<p class=\"MsoNormal\" style=\"text-align:justify;line-height:150%\"><span style=\"font-size:8.5pt;line-height:150%;font-family:&quot;Arial&quot;,&quot;sans-serif&quot;\"><br \/><\/span><\/p>\n<p class=\"MsoNormal\" style=\"text-align:justify;line-height:150%\"><span style=\"font-size:8.5pt;line-height:150%;font-family:&quot;Arial&quot;,&quot;sans-serif&quot;\">Mas<br \/>\nquanto \u00e0 m\u00eddia, \u00e9 de tremenda falta de bom senso, aprofundando-me um pouco<br \/>\nmais, de car\u00e1ter mesmo ao levar \u00e0 exaust\u00e3o um gesto que, com certeza, n\u00e3o chega<br \/>\nnem perto do gesto mais contundente do jogador gremista, no jogo final de 2009,<br \/>\npedindo descaradamente ao seu time para n\u00e3o chutar mais em gol, justamente<br \/>\ncontra o advers\u00e1rio adotado por essa mesma m\u00eddia como \u201cqueridinho\u201d. O que<br \/>\ndizer, ent\u00e3o, de Adriano, com a m\u00e3o em sua boca, cochichando com o mesmo<br \/>\ngremista, falando n\u00e3o sei o que, mas que, com certeza e tal como agora, seria<br \/>\nsuficiente para levantar d\u00favidas quanto ao jogo. Ali\u00e1s, aquele jogo final de<br \/>\n2009 foi somente a culmin\u00e2ncia de uma a\u00e7\u00e3o orquestrada, que come\u00e7ou uma semana<br \/>\nantes j\u00e1 com o tricolor ga\u00facho afirmando a semana inteira que n\u00e3o tinha interesse<br \/>\nem ver seu arquirrival campe\u00e3o brasileiro e que, por conta disso, enviou um<br \/>\ntime reserva para enfrentar o \u201cquerid\u00edssimo\u201d rubro-negro no Maracan\u00e3.<\/span><\/p>\n<p class=\"MsoNormal\" style=\"text-align:justify;line-height:150%\"><span style=\"font-size:8.5pt;line-height:150%;font-family:&quot;Arial&quot;,&quot;sans-serif&quot;\"><\/p>\n<p><\/span><\/p>\n<p class=\"MsoNormal\" style=\"text-align:justify;line-height:150%\"><span style=\"font-size:8.5pt;line-height:150%;font-family:&quot;Arial&quot;,&quot;sans-serif&quot;\">E o<br \/>\nque dizer desse mesmo certame, em que outro \u201cquerid\u00edssimo\u201d paulistano,<br \/>\npraticamente, n\u00e3o fez for\u00e7a para tirar pontos do rival rubro-negro, descartando<br \/>\ndo caminho do t\u00edtulo seus rivais S\u00e3o Paulo e Palmeiras? Que, por sinal, no ano<br \/>\nseguinte foram a vez dos mesmos \u201cdarem o troco\u201d, e assim proceder perante o<br \/>\nFluminense e tirando do p\u00e1reo o mesmo rival que n\u00e3o fez for\u00e7a um ano antes. E<br \/>\ndo VERGONHOSO campeonato brasileiro de 2011, cujo \u201capito amigo\u201d tirou-nos um<br \/>\nt\u00edtulo que, de fato, seria nosso? E o que aconteceu, por exemplo, com o<br \/>\nPresidente do Cor\u00ednthians e com o \u00e1rbitro P\u00e9ricles Bassols? N\u00e3o seriam dignos<br \/>\nde investiga\u00e7\u00e3o, tamb\u00e9m, por parte desse mesmo \u00f3rg\u00e3o de \u201cjusti\u00e7a\u201d (?!), que \u00e9<br \/>\ncapaz de punir at\u00e9 mesmo um torcida (do Vasco) mesmo sabendo que, pelas imagens<br \/>\ndo jogo disputado em Bras\u00edlia, esse ano, foi ela quem apanhou?! Por que n\u00e3o<br \/>\ninvestigar a tudo, tamb\u00e9m?!<\/span><\/p>\n<p class=\"MsoNormal\" style=\"text-align:justify;line-height:150%\"><span style=\"font-size:8.5pt;line-height:150%;font-family:&quot;Arial&quot;,&quot;sans-serif&quot;\"><br \/><\/span><\/p>\n<p class=\"MsoNormal\" style=\"text-align:justify;line-height:150%\"><span style=\"font-size:8.5pt;line-height:150%;font-family:&quot;Arial&quot;,&quot;sans-serif&quot;\">Para<br \/>\nmim, est\u00e1 MUITO claro que podem existir \u201cfor\u00e7as ocultas\u201d, nesse momento,<br \/>\ninteressadas em ver o Vasco disputando a segunda divis\u00e3o no ano que vem.<br \/>\nAfinal, aguentar\u00e1 o apaixonado torcedor do Vasco ver seu time jogando sem<br \/>\nassinar um pacote de PPV da segunda divis\u00e3o, tal como eu mesmo assinei em 2009?<br \/>\nOu ser\u00e1 que \u00e9 mais f\u00e1cil um novo discurso de \u201cresgate\u201d, de forma a continuar<br \/>\nessa mesma imprensa a ludibriar o vasca\u00edno, enquanto que subliminarmente<br \/>\ndiminui o clube e o relega \u00e0 perene inexpressividade no qual mostram, pelos<br \/>\nseus atos, desejar?<\/span><\/p>\n<p class=\"MsoNormal\" style=\"text-align:justify;line-height:150%\"><span style=\"font-size:8.5pt;line-height:150%;font-family:&quot;Arial&quot;,&quot;sans-serif&quot;\"><br \/><\/span><\/p>\n<p class=\"MsoNormal\" style=\"text-align:justify;line-height:150%\"><span style=\"font-size:8.5pt;line-height:150%;font-family:&quot;Arial&quot;,&quot;sans-serif&quot;\">O<br \/>\nvelho ditado \u201ccontra tudo e contra todos!\u201d volta com for\u00e7a total. E assim ser\u00e1,<br \/>\nse a inten\u00e7\u00e3o do Vasco for mesmo de superar seus pr\u00f3prios limites de seu time e<br \/>\nobter, dentro de campo, quase que um milagre sua manuten\u00e7\u00e3o na primeira divis\u00e3o<br \/>\npara o pr\u00f3ximo ano.<\/span><\/p>\n<p class=\"MsoNormal\" style=\"text-align:justify;line-height:150%\"><span style=\"font-size:8.5pt;line-height:150%;font-family:&quot;Arial&quot;,&quot;sans-serif&quot;\"><br \/><\/span><\/p>\n<p class=\"MsoNormal\" style=\"text-align:justify;line-height:150%\"><b style><span style=\"font-size:8.5pt;line-height:150%;font-family:&quot;Arial&quot;,&quot;sans-serif&quot;\">Arbitragem sob suspeita<\/span><\/b><\/p>\n<p class=\"MsoNormal\" style=\"text-align:justify;line-height:150%\">\n<b style><span style=\"font-size:8.5pt;line-height:150%;font-family:&quot;Arial&quot;,&quot;sans-serif&quot;\"><br \/><\/span><\/b><\/p>\n<p class=\"MsoNormal\" style=\"text-align:justify;line-height:150%\"><span style=\"font-size:8.5pt;line-height:150%;font-family:&quot;Arial&quot;,&quot;sans-serif&quot;\">A arbitragem<br \/>\ndesse \u00faltimo jogo perante o Cruzeiro foi colocada em segundo plano pela m\u00eddia e<br \/>\npela pr\u00f3pria torcida do Vasco, mediante o factoide criado. Quatro cart\u00f5es<br \/>\namarelos para nosso time contra nenhum para o advers\u00e1rio, um p\u00eanalti claro<br \/>\nsobre Marlone ignorado e mais uma sucess\u00e3o de faltas n\u00e3o marcadas em nosso<br \/>\nfavor e outras, simplesmente, invertidas. <br \/><\/span><\/p>\n<p class=\"MsoNormal\" style=\"text-align:justify;line-height:150%\"><span style=\"font-size:8.5pt;line-height:150%;font-family:&quot;Arial&quot;,&quot;sans-serif&quot;\"><\/p>\n<p><\/span><\/p>\n<p class=\"MsoNormal\" style=\"text-align:justify;line-height:150%\"><span style=\"font-size:8.5pt;line-height:150%;font-family:&quot;Arial&quot;,&quot;sans-serif&quot;\">Agora,<br \/>\no Vasco ter\u00e1 mais um compromisso em casa, contra um time j\u00e1 rebaixado que faz<br \/>\np\u00e9ssima campanha, mas que poder\u00e1 vir sob um \u201cincentivo\u201d de uma \u201cmala branca\u201d<br \/>\nmesclado com o \u201cfator moral\u201d \u201cimposto\u201d pelos mesmos que \u201centubam\u201d tantas outras<br \/>\nimoralidades, e ainda com a suspeita j\u00e1 levantada por mim, desde j\u00e1, de um<br \/>\n\u00e1rbitro a ser escalado que poder\u00e1 chegar pressionado, n\u00e3o somente a n\u00e3o<br \/>\ncolaborar com o Vasco, mas sim a \u201cna d\u00favida, n\u00e3o favorecer\u201d, em algum lance que<br \/>\nvenha a ser mais pol\u00eamico. Tal como muitas vezes j\u00e1 vimos, mas que agora,<br \/>\nestar\u00e3o todos prestando mais aten\u00e7\u00e3o ainda.<\/span><\/p>\n<p class=\"MsoNormal\" style=\"text-align:justify;line-height:150%\"><span style=\"font-size:8.5pt;line-height:150%;font-family:&quot;Arial&quot;,&quot;sans-serif&quot;\"><\/p>\n<p><\/span><\/p>\n<p class=\"MsoNormal\" style=\"text-align:justify;line-height:150%\"><span style=\"font-size:8.5pt;line-height:150%;font-family:&quot;Arial&quot;,&quot;sans-serif&quot;\">Se o<br \/>\nVasco tivesse o m\u00ednimo de zelo nesse momento, j\u00e1 estaria a se interessar nos<br \/>\nbastidores, a fim de saber quem s\u00e3o os candidatos a apitar o jogo, quais s\u00e3o<br \/>\nseus hist\u00f3ricos contra o Vasco (se existir), contestar, vir a p\u00fablico alertar a<br \/>\ntodos, utilizar seu espa\u00e7o na imprensa para mostrar que est\u00e1 atento a eventuais<br \/>\nerros que venham a ocorrer contra nosso time nessa etapa de defini\u00e7\u00e3o. Afinal,<br \/>\no melhor rem\u00e9dio sempre foi a preven\u00e7\u00e3o. No entanto, como essa proatividade passa<br \/>\nLONGE de quem nos comanda, cabe ao torcedor do Vasco ficar \u201cde olho\u201d sob esse<br \/>\naspecto tamb\u00e9m,<\/span><\/p>\n<p class=\"MsoNormal\" style=\"text-align:justify;line-height:150%\"><span style=\"font-size:8.5pt;line-height:150%;font-family:&quot;Arial&quot;,&quot;sans-serif&quot;\"><br \/><\/span><\/p>\n<p class=\"MsoNormal\" style=\"text-align:justify;line-height:150%\"><b style><span style=\"font-size:8.5pt;line-height:150%;font-family:&quot;Arial&quot;,&quot;sans-serif&quot;\">\u201cPano de fundo\u201d<\/span><\/b><\/p>\n<p class=\"MsoNormal\" style=\"text-align:justify;line-height:150%\">\n<b style><span style=\"font-size:8.5pt;line-height:150%;font-family:&quot;Arial&quot;,&quot;sans-serif&quot;\"><br \/><\/span><\/b><\/p>\n<p class=\"MsoNormal\" style=\"text-align:justify;line-height:150%\"><span style=\"font-size:8.5pt;line-height:150%;font-family:&quot;Arial&quot;,&quot;sans-serif&quot;\">1\u00aa) Depois<br \/>\nde um tempo afastado por conta de les\u00e3o, parece que Luan come\u00e7a a demostrar um<br \/>\npouco do que possa ser no futuro. Mais uma atua\u00e7\u00e3o muito correta, sem erros,<br \/>\nsegura. Assim como Thalles, jogando com seriedade e incomodando a defesa<br \/>\nadvers\u00e1ria. Ao lado de Marlone, de Jomar e de Henrique (esses dois \u00faltimos,<br \/>\natualmente, afastados por contus\u00e3o), um dos pouqu\u00edssimos aspectos positivos<br \/>\ndesse \u201cbizarro\u201d ano vasca\u00edno. <br \/><\/span><\/p>\n<p class=\"MsoNormal\" style=\"text-align:justify;line-height:150%\"><span style=\"font-size:8.5pt;line-height:150%;font-family:&quot;Arial&quot;,&quot;sans-serif&quot;\"><br \/><\/span><\/p>\n<p><\/p>\n<p class=\"MsoNormal\" style=\"text-align:justify;line-height:150%\"><span style=\"font-size:8.5pt;line-height:150%;font-family:&quot;Arial&quot;,&quot;sans-serif&quot;\">2\u00ba) A<br \/>\ncoluna \u201cdeprima\u201d publicou, hoje, uma mat\u00e9ria informando que os sal\u00e1rios do<br \/>\nVasco de outubro seguem atrasados. Ser\u00e1 que somente o Vasco passa por<br \/>\ndificuldades financeiras? Por que, ent\u00e3o, o clube torna-se o \u00fanico alvo dessa<br \/>\nm\u00eddia sobre essa quest\u00e3o? Por que o n\u00e3o tratamento igual aos demais clubes que<br \/>\ndevem, que est\u00e3o em situa\u00e7\u00e3o t\u00e3o sofr\u00edvel financeira quanto \u00e0 nossa?<\/span><\/p>\n<p class=\"MsoNormal\" style=\"text-align:justify;line-height:150%\"><span style=\"font-size:8.5pt;line-height:150%;font-family:&quot;Arial&quot;,&quot;sans-serif&quot;\"><\/p>\n<p><\/span><\/p>\n<p class=\"MsoNormal\" style=\"text-align:justify;line-height:150%\"><span style=\"font-size:8.5pt;line-height:150%;font-family:&quot;Arial&quot;,&quot;sans-serif&quot;\">3\u00ba) O<br \/>\nmesmo jornal que publica a referida coluna outrora citada possui a facilidade<br \/>\nde publicar uma mat\u00e9ria sobre a multa rescis\u00f3ria do atacante Thalles. A quem<br \/>\ninteressa esse tipo de mat\u00e9ria? E quem \u00e9 o facilitador para que tais cl\u00e1usulas<br \/>\ncontratuais venham \u00e0 imprensa com tamanha facilidade, bem como os sal\u00e1rios que<br \/>\ncertos jogadores recebem? At\u00e9 quando o Vasco, como institui\u00e7\u00e3o, continuar\u00e1 sem<br \/>\na \u201cblindagem\u201d necess\u00e1ria para que certas informa\u00e7\u00f5es que s\u00f3 nos dizem respeito<br \/>\nn\u00e3o sejam veiculadas?<\/span><\/p>\n<p class=\"MsoNormal\" style=\"text-align:justify;line-height:150%\"><span style=\"font-size:8.5pt;line-height:150%;font-family:&quot;Arial&quot;,&quot;sans-serif&quot;\"><br \/><\/span><\/p>\n<p class=\"MsoNormal\" style=\"text-align:justify;line-height:150%\"><span style=\"font-size:8.5pt;line-height:150%;font-family:&quot;Arial&quot;,&quot;sans-serif&quot;\">4\u00ba)<br \/>\nCom certeza, o profissionalismo com metas definidas, planejamento com custo e<br \/>\ntempo para retorno, investimentos devidamente canalizados, transpar\u00eancia na<br \/>\namostragem do balan\u00e7o patrimonial sem \u201cv\u00edcios\u201d e de bons contratos assinados e<br \/>\nde bons neg\u00f3cios concretizados N\u00c3O interessa a muitos \u201cgestores\u201d do passado,<br \/>\nrespons\u00e1veis por uma d\u00edvida de quase trezentos milh\u00f5es, com neg\u00f3cios feitos \u201c\u00e0s<br \/>\nescuras\u201d e sob suspeita com ex-jogadores, com dirigentes amadores, sem os<br \/>\ndevidos esclarecimentos, com contratos pessimamente assinados entre outras<br \/>\naberra\u00e7\u00f5es que, numa institui\u00e7\u00e3o s\u00e9ria, n\u00e3o ficariam impunes. Ser\u00e1 que \u00e9<br \/>\nsomente \u201camor\u201d que leva, ent\u00e3o, algu\u00e9m a n\u00e3o admitir a remunera\u00e7\u00e3o de um<br \/>\nPresidente, bem como de seus pares, \u00e0 luz de um novo estatuto, em que lhe<br \/>\nobrigue a dar retorno e ser mais respons\u00e1vel com os ativos do clube? Ou ser\u00e1<br \/>\nque o modelo amador, esse mesmo cheio de vaidades e de politicagem mesmo, \u00e9<br \/>\nmais \u201cinteressante\u201d para muitos?<\/span><\/p>\n<p class=\"MsoNormal\" style=\"text-align:justify;line-height:150%\"><span style=\"font-size:8.5pt;line-height:150%;font-family:&quot;Arial&quot;,&quot;sans-serif&quot;\"><br \/><\/span><\/p>\n<p><\/p>\n<p class=\"MsoNormal\" style=\"text-align:justify;line-height:150%\"><span style=\"font-size:8.5pt;line-height:150%;font-family:&quot;Arial&quot;,&quot;sans-serif&quot;\">5\u00ba)<br \/>\nSe por um lado fico triste com o fato de S\u00e3o Janu\u00e1rio n\u00e3o estar sendo utilizado<br \/>\npor conta de press\u00f5es pol\u00edticas que venham a acontecer em decorr\u00eancia de jogos<br \/>\ncujos resultados, em campo, podem fazer o \u201ccaldeir\u00e3o estourar\u201d no pior sentido;<br \/>\ne at\u00e9 mesmo pelo fato da c\u00fapula diretorial n\u00e3o querer se expor \u00e0 torcida<br \/>\nmediante os poss\u00edveis resultados de um time no qual eles S\u00c3O culpados por sua<br \/>\nforma\u00e7\u00e3o, por outro lado fico feliz no resgate ao Maracan\u00e3 como nossa eterna<br \/>\nsegunda casa! Mas da s\u00e9rie \u201cperguntar n\u00e3o ofende\u201d: por que n\u00e3o firmar de vez um<br \/>\ncontrato com a dona do seu complexo para o pr\u00f3ximo ano, a fim de diluir o<br \/>\npreju\u00edzo decorrente dos custos operacionais? Ou ser\u00e1 que seremos os \u00fanicos dos<br \/>\nclubes de express\u00e3o a ficar de fora dessa \u201cbrincadeira\u201d\u2026<\/span><\/p>\n<\/div>\n<p><\/p>\n","protected":false},"excerpt":{"rendered":"<p>E contra n\u00f3s, n\u00e3o basta somente o fato de possuirmos um time desprovido de maior&#8230;<\/p>\n","protected":false},"author":12,"featured_media":341,"comment_status":"open","ping_status":"closed","sticky":false,"template":"","format":"standard","meta":{"footnotes":""},"categories":[3],"tags":[],"class_list":["post-696","post","type-post","status-publish","format-standard","has-post-thumbnail","hentry","category-colunistas"],"_links":{"self":[{"href":"https:\/\/webvasco.com\/artigos\/wp-json\/wp\/v2\/posts\/696","targetHints":{"allow":["GET"]}}],"collection":[{"href":"https:\/\/webvasco.com\/artigos\/wp-json\/wp\/v2\/posts"}],"about":[{"href":"https:\/\/webvasco.com\/artigos\/wp-json\/wp\/v2\/types\/post"}],"author":[{"embeddable":true,"href":"https:\/\/webvasco.com\/artigos\/wp-json\/wp\/v2\/users\/12"}],"replies":[{"embeddable":true,"href":"https:\/\/webvasco.com\/artigos\/wp-json\/wp\/v2\/comments?post=696"}],"version-history":[{"count":0,"href":"https:\/\/webvasco.com\/artigos\/wp-json\/wp\/v2\/posts\/696\/revisions"}],"wp:featuredmedia":[{"embeddable":true,"href":"https:\/\/webvasco.com\/artigos\/wp-json\/wp\/v2\/media\/341"}],"wp:attachment":[{"href":"https:\/\/webvasco.com\/artigos\/wp-json\/wp\/v2\/media?parent=696"}],"wp:term":[{"taxonomy":"category","embeddable":true,"href":"https:\/\/webvasco.com\/artigos\/wp-json\/wp\/v2\/categories?post=696"},{"taxonomy":"post_tag","embeddable":true,"href":"https:\/\/webvasco.com\/artigos\/wp-json\/wp\/v2\/tags?post=696"}],"curies":[{"name":"wp","href":"https:\/\/api.w.org\/{rel}","templated":true}]}}