{"id":698,"date":"2013-12-02T14:51:35","date_gmt":"2013-12-02T17:51:35","guid":{"rendered":"http:\/\/webvasco.com\/artigos\/?p=698"},"modified":"2013-12-02T14:53:21","modified_gmt":"2013-12-02T17:53:21","slug":"concurso-pblico","status":"publish","type":"post","link":"https:\/\/webvasco.com\/artigos\/colunistas\/luizcarlosrocha\/concurso-pblico\/","title":{"rendered":"&ldquo;CONCURSO P&Uacute;BLICO&rdquo;!"},"content":{"rendered":"<p>    De nada adiantou a vit\u00f3ria ontem do Vasco, por 2 a 0, sobre o N\u00e1utico, no Maracan\u00e3, com gols marcados por Edm\u00edlson e Bernardo, em partida v\u00e1lida pela 37\u00aa Rodada do Campeonato Brasileiro. Os concorrentes diretos para n\u00e3o frequentarem a S\u00e9rie B em 2014 tamb\u00e9m venceram. Diante disso, no pr\u00f3ximo domingo, dia 08 de dezembro, o Gigante da Colina precisa vencer o Atl\u00e9tico\/PR, em Joinville e torcer por resultados. Ou seja, na \u00faltima rodada da competi\u00e7\u00e3o \u00e9 fazer a prova e torcer para que advers\u00e1rios se saiam mal. Um verdadeiro concurso p\u00fablico!<br \/>\n    Por mais que um candidato se prepare bem, para alcan\u00e7ar o objetivo num concurso p\u00fablico \u00e9 preciso estudar, ter controle emocional e contar com a sorte. A situa\u00e7\u00e3o do time de S\u00e3o Janu\u00e1rio \u00e9 mais ou menos assim. Entenda o que \u00e9 preciso para que o Vasc\u00e3o fique no Grupo da Elite do futebol Brazuca:<br \/>\n    Em caso de vit\u00f3ria \u2013 \u00e9 o que esperamos do time \u2013 precisamos torcer por uma derrota simples do Crici\u00fama ou um empate ou derrota do Coritiba. Se empatarmos \u2013 n\u00e3o \u00e9 o ideal, mas ainda n\u00e3o est\u00e1 perdida a esperan\u00e7a \u2013 o Coxa precisa perder por tr\u00eas ou mais gols de diferen\u00e7a, e o Florminense pelo menos empatar sua partida. Em caso de derrota \u00e9 rebaixamento imediato. Ou melhor, \u00e9 pedir a Deus que mate e o Diabo que carregue.<br \/>\n    Vale ressaltar, que as Tricoletes jogar\u00e3o contra o Bahia, na Fonte Nova. J\u00e1 o Crici\u00fama encara os Chor\u00f5es, ops, digo, Botafogo em local a definir com mando de campo da equipe de General Severiano. E o Alviverde curitibano ir\u00e1 at\u00e9 a cidade de Itu-SP jogar no Est\u00e1dio Dr. Novelli J\u00fanior, contra os Bambis paulistas, digo, S\u00e3o Paulo.<br \/>\n    A situa\u00e7\u00e3o do Vasco da Gama \u00e9 bem complicada, mas n\u00e3o \u00e9 imposs\u00edvel. Vejamos os fatos futebol\u00edsticos: Embora dif\u00edcil, \u00e9 mais confort\u00e1vel do que a situa\u00e7\u00e3o das Guerreiras da Segundona. At\u00e9, porque, \u00e9 mais do que justo \u2013 a justi\u00e7a divina n\u00e3o falha \u2013 que eles paguem a S\u00e9rie B, na qual devem desde o ano 2.000. Foram \u201cconvidados\u201d numa rid\u00edcula e imoral virada de mesa naquela \u00e9poca a frequentar a elite APENAS aquele ano, de l\u00e1 para c\u00e1, est\u00e3o de PENETRA! <br \/>\n    C\u00e1 entre n\u00f3s, o Vasco est\u00e1 nessa situa\u00e7\u00e3o de \u201cconcurso p\u00fablico\u201d porque tem um presidente de merda, Roberto Bombinha afundou ainda mais o clube desde que assumiu o cargo principal do Gigante da Colina. As d\u00edvidas existiam, por\u00e9m, aumentaram. A receita que era menor agora \u00e9 maior. Ele conseguiu ganhando mais gastar mais tamb\u00e9m. O que agravou a situa\u00e7\u00e3o financeira do clube. J\u00e1 dizia aquele outro in\u00fatil: \u201cNunca na hist\u00f3ria deste pa\u00eds eu vi o Vasco numa crise t\u00e3o grave\u201d!<br \/>\n    A Imensa Torcida Bem Feliz merecia outro final de campeonato. Outrora brig\u00e1vamos pelo t\u00edtulo. Isto \u00e9, quando n\u00e3o \u00e9ramos campe\u00f5es por antecipa\u00e7\u00e3o. Lament\u00e1vel. Tor\u00e7o para que o Vasco consiga se manter na Primeira Divis\u00e3o no pr\u00f3ximo ano, primeiro pela grandeza e hist\u00f3ria linda que o clube tem. Segundo porque ser\u00e1 ano de Copa do Mundo, justamente no Brasil, pa\u00eds do futebol. Se cairmos, despencar\u00e1 tamb\u00e9m nosso prest\u00edgio internacional no segmento dos \u201cboleiros\u201d.<br \/>\n    Terminarei a cr\u00f4nica de hoje fazendo dois pedidos ao torcedor vasca\u00edno. Inicialmente para que acredite e tenha f\u00e9. Afinal as vibra\u00e7\u00f5es de energias positivas em alguns casos tem muito sentido. Depois para que pense bem em quem votar\u00e1 nas elei\u00e7\u00f5es no pr\u00f3ximo ano. Para dirigir o Vasco precisamos de um vasca\u00edno de verdade, que seja acima de tudo torcedor de cora\u00e7\u00e3o (doente, ou melhor, saud\u00e1vel pelo Vasc\u00e3o), que seja honesto, humilde para governar com esp\u00edrito de equipe, competente e empreendedor. Precisamos de um cartola de verdade! Sauda\u00e7\u00f5es Vasca\u00ednas a todos os meus leitores.<\/p>\n<p>\nAP\u00d3S AS TODAS AS PARTIDAS DO VASC\u00c3O EM MEU PERFIL DO FACEBOOK (QUEM QUISER RECEBER AS CR\u00d4NICAS DE PRIMEIRA M\u00c3O \u00c9 S\u00d3 ME ADICIONAR), E NOS SITES WEBVASCO (www.webvasco.com), E VASCA\u00cdNOS UNIDOS (www.vascainosunidos.com.br) TEM A OPINI\u00c3O DO JORNALISTA LUIZ CARLOS ROCHA. LEIAM! COMPARTILHEM E CURTAM! VASCA\u00cdNOS UNIDOS JAMAIS SER\u00c3O VENCIDOS.<\/p>\n","protected":false},"excerpt":{"rendered":"<p>De nada adiantou a vit\u00f3ria ontem do Vasco, por 2 a 0, sobre o N\u00e1utico,&#8230;<\/p>\n","protected":false},"author":7,"featured_media":58,"comment_status":"open","ping_status":"closed","sticky":false,"template":"","format":"standard","meta":{"footnotes":""},"categories":[4],"tags":[],"class_list":["post-698","post","type-post","status-publish","format-standard","has-post-thumbnail","hentry","category-luizcarlosrocha"],"_links":{"self":[{"href":"https:\/\/webvasco.com\/artigos\/wp-json\/wp\/v2\/posts\/698","targetHints":{"allow":["GET"]}}],"collection":[{"href":"https:\/\/webvasco.com\/artigos\/wp-json\/wp\/v2\/posts"}],"about":[{"href":"https:\/\/webvasco.com\/artigos\/wp-json\/wp\/v2\/types\/post"}],"author":[{"embeddable":true,"href":"https:\/\/webvasco.com\/artigos\/wp-json\/wp\/v2\/users\/7"}],"replies":[{"embeddable":true,"href":"https:\/\/webvasco.com\/artigos\/wp-json\/wp\/v2\/comments?post=698"}],"version-history":[{"count":0,"href":"https:\/\/webvasco.com\/artigos\/wp-json\/wp\/v2\/posts\/698\/revisions"}],"wp:featuredmedia":[{"embeddable":true,"href":"https:\/\/webvasco.com\/artigos\/wp-json\/wp\/v2\/media\/58"}],"wp:attachment":[{"href":"https:\/\/webvasco.com\/artigos\/wp-json\/wp\/v2\/media?parent=698"}],"wp:term":[{"taxonomy":"category","embeddable":true,"href":"https:\/\/webvasco.com\/artigos\/wp-json\/wp\/v2\/categories?post=698"},{"taxonomy":"post_tag","embeddable":true,"href":"https:\/\/webvasco.com\/artigos\/wp-json\/wp\/v2\/tags?post=698"}],"curies":[{"name":"wp","href":"https:\/\/api.w.org\/{rel}","templated":true}]}}