{"id":700,"date":"2013-12-09T17:59:08","date_gmt":"2013-12-09T20:59:08","guid":{"rendered":"http:\/\/webvasco.com\/artigos\/?p=700"},"modified":"2013-12-09T18:00:06","modified_gmt":"2013-12-09T21:00:06","slug":"para-comemorar-o-quinto-ano-da-pssima-administrao-vasco-leva-de-cinco-e-cai-para-a-segunda-diviso","status":"publish","type":"post","link":"https:\/\/webvasco.com\/artigos\/colunistas\/luizcarlosrocha\/para-comemorar-o-quinto-ano-da-pssima-administrao-vasco-leva-de-cinco-e-cai-para-a-segunda-diviso\/","title":{"rendered":"PARA COMEMORAR O QUINTO ANO DA P&Eacute;SSIMA ADMINISTRA&Ccedil;&Atilde;O VASCO LEVA DE CINCO E CAI PARA A SEGUNDA DIVIS&Atilde;O!"},"content":{"rendered":"<p>    \u201cMais vale a l\u00e1grima pela derrota do que a vergonha por n\u00e3o ter lutado\u201d.  Essa linda frase se enquadra SOMENTE ao torcedor vasca\u00edno que de forma brilhante se dedicou a apoiar o time durante o Campeonato Brasileiro inteiro. TODA A DIRETORIA, sem tirar nenhum membro foi culpada por 80% da queda da equipe para a Segunda Divis\u00e3o. Os outros 20 % ficam por conta dos arqueiros, sobretudo, do Alessandro m\u00e3o de quiabo. Time ordin\u00e1rio, dirigentes cretinos e resultado compat\u00edvel com o investimento intelectual, profissional e futebol\u00edstico! Ap\u00f3s a humilhante derrota para o Atl\u00e9tico\/PR por 5 a 1 com gols de Paulo Baier, Marcelo e Ederson (tr\u00eas vezes), com Edmilson descontando, o Vasco foi rebaixado! Para piorar tivemos o desprazer de assistir nosso presidente Roberto Bombinha ser mais uma vez complacente com a incompet\u00eancia e a ignor\u00e2ncia no que tange a trag\u00e9dia causada pelo Furac\u00e3o. N\u00e3o tirou proveito e ainda vai pagar a conta solidariamente.<br \/>\n    O maior problema do futebol brasileiro hoje \u00e9 o despreparo. Ex-atletas comentando partidas \u00e9 uma l\u00e1stima. De nada adianta a Faculdade de Jornalismo. Especializa\u00e7\u00e3o (p\u00f3s-gradua\u00e7\u00e3o) ent\u00e3o? Nada. \u201cBoleiros\u201d que mal sabem assinar seus nomes tomando lugar de acad\u00eamicos. Os tais boleiros tamb\u00e9m est\u00e3o tirando o lugar no mercado de trabalho dos professores de educa\u00e7\u00e3o f\u00edsica quando se aventuram no comando de uma equipe. E como se n\u00e3o bastasse entram na \u00e1rea da administra\u00e7\u00e3o, que a meu ver \u00e9 para administrador. N\u00e3o sou contra ex-jogador laborar em nenhum setor, desde que preparado para isso!<br \/>\n    Embarcado nessa id\u00e9ia de que o boleiro \u201cpode tudo\u201d \u00e9 que o craque Roberto Dinamite deu lugar ao gestor Carlos Roberto de Oliveira que por sua m\u00e1 administra\u00e7\u00e3o culminou em tantos erros propiciando o t\u00edtulo de Roberto Bombinha. Ele n\u00e3o entende nada do que est\u00e1 fazendo justamente pela ignor\u00e2ncia administrativo-financeira. Quer ser cartola apenas pelo status. Pelo olho grande consegue ver apenas o b\u00f4nus, mas esquece que tamb\u00e9m h\u00e1 o \u00f4nus, como em qualquer outro cargo. O Vasco da Gama est\u00e1 largado! Entregue a empres\u00e1rios que fazem o que bem entendem. Contratam jogadores para valorizarem APENAS o bolso deles. Ou seja, enriquecem cada vez mais e o Cruzmaltino que se foda! Um absurdo. Na maioria das vezes o bom atleta, aquele que tem dom\u00ednio de bola sequer fica no banco, enquanto p\u00edfios jogadores apadrinhados por empres\u00e1rios gananciosos vestem \u00e0 camisa e representam o clube na equipe titular.<br \/>\n    Outro problema criado por Roberto Bombinha \u00e9 o cabide de empregos que se tornou praxe no Gigante da Colina. Em nenhuma institui\u00e7\u00e3o no pa\u00eds h\u00e1 tantos ex-atletas com v\u00ednculo empregat\u00edcio. Os \u201ccoleguinhas\u201d do Bob (leia-se Roberto Bombinha) est\u00e3o todos garantidos. Fora os parentes! Nepotismo puro. As cotas de TV \u00e9 outro ponto fraco da c\u00fapula vasca\u00edna. N\u00e3o entendo como clubes que n\u00e3o tem a hist\u00f3ria do Vasco podem receber fatias maiores no momento da divis\u00e3o. O que os Gamb\u00e1s e o Povo do Gueto t\u00eam de melhor do que n\u00f3s? Nada! O que tem mais do que a gente eu sei, tem mais que se danar! S\u00f3 isso.<br \/>\n    Ademais, Roberto Bombinha conseguiu um fato at\u00edpico, o rebaixamento. E como se n\u00e3o fosse suficiente, foram dois em apenas cinco anos de pleito. A desculpa de 2008 que aconteceu por fatos gerados no passado n\u00e3o colou. At\u00e9 porque na \u00e9poca ele pegou o Vasco em oitavo lugar e conseguiu levar o time ao tombo, at\u00e9 ent\u00e3o in\u00e9dito. O azarado e incompetente Renato Ga\u00facho era o treinador. E agora? Qual a desculpa Senhor dePUTAdo? Falta de vergonha! Acostumou a tomar na bunda! Se a filosofia do clube n\u00e3o mudar em car\u00e1ter de urg\u00eancia, em poucos anos seremos um novo Am\u00e9rica\/RJ e faremos nossos \u201ccl\u00e1ssicos\u201d contra o pr\u00f3prio Diabo, Bangu, Madureira e Volta Redonda na Quinta da Boa Vista, que ainda \u00e9 bem melhor do que nos Quintos dos Infernos. Ou contra times de gar\u00e7ons \u2013 com todo o respeito \u00e0 classe &#8211; no Aterro do Flamengo. <br \/>\n     Apontando o plantel. Nenhum dos jogadores atuais pode ser titular no time do Vasco. Escrevi NENHUM! Mas para a reserva poderemos renovar contrato com os seguintes: Jordi, F\u00e1gner, Bernardo, Carlos Ten\u00f3rio, Santiago Montoya, Pablo Gi\u00f1az\u00fa, e Juninho. Os demais dever\u00e3o ser dispensados e impedidos inclusive de tramitar nas depend\u00eancias do clube at\u00e9 como torcedores. O Vasco precisa reformular de verdade e por inteiro seus meninos. Todos os setores. Os flancos, miolo de zaga, meio de campo de cria\u00e7\u00e3o e combate, ataque e principalmente o arco. Grandes goleiros exibiram o manto sagrado. Temos tradi\u00e7\u00e3o neste setor. N\u00e3o somos obrigados a aceitar frangueiros como os \u00faltimos que passaram.  Ontem, ap\u00f3s a trag\u00e9dia nas arquibancadas, na hora da paraliza\u00e7\u00e3o os jogadores vasca\u00ednos se comunicavam entre eles, com a arbitragem e com os atletas advers\u00e1rios com a m\u00e3o na frente da boca, para que as c\u00e2meras de TV n\u00e3o pudessem fazer a leitura labial.<br \/>\n Ora, o sujeito tem de ser homem de assumir o que diz! Essa coisa de jogador viadinho e torcedor bambi isso \u00e9 l\u00e1 nas Laranjeiras! Ou cale a boca. N\u00e3o fale. O que vindo de jogador de futebol no Brasil \u00e9 at\u00e9 melhor de boca fechada. N\u00e3o queremos esse tipo de gente na Colina. Queremos transpar\u00eancia.<br \/>\n    Alessandro caiu literalmente. Como uma banana podre o arqueiro despencou e garantiu o segundo gol do Atl\u00e9tico Paranaense. Nem em futebol de v\u00e1rzea notamos um lance t\u00e3o bizarro. N\u00e3o pode ser goleiro nem na minha pelada de todas as quintas-feiras l\u00e1 na Praia de Icara\u00ed, em Niter\u00f3i. Fora tantas outras falhas em jogos ao longo da competi\u00e7\u00e3o. Pelos meus c\u00e1lculos, das 38 rodadas, em 16 derrotas, 11 foram por falhas dos nossos goleiros. Tanto que tomamos 61 gols, ficando com a marca negativa de ser a terceira defesa mais vazada do Brasileir\u00e3o. Perdendo apenas para o N\u00e1utico (79) e Crici\u00fama (63).<br \/>\n    Roberto Bobinha provou ser um merda duas vezes no mesmo campeonato. Primeiro porque montou um time fraco, com varia\u00e7\u00e3o de treinadores tamb\u00e9m desprez\u00edveis que qualquer entendedor de futebol sabia no come\u00e7o do ano que o Vasco seria rebaixado. S\u00f3 ele n\u00e3o sabia. Igual ao corno, sempre o \u00faltimo, a saber. Depois porque quando tudo estava perdido, aconteceu um fator extra campo que poderia ter salvado o Vasc\u00e3o, mas Roberto Bombinha n\u00e3o teve aquilo roxo suficiente para peitar quem de direito e ganhar honestamente os tr\u00eas pontos no tapet\u00e3o.<br \/>\n     Sen\u00e3o vejamos:<br \/>\n     Por sugest\u00e3o do Minist\u00e9rio P\u00fablico de Santa Catarina foi contratado pela dire\u00e7\u00e3o do Atl\u00e9tico\/PR uma empresa privada a fim de fazer a seguran\u00e7a na partida entre Vasco e Furac\u00e3o. Apenas 90 homens para conter toda aquela massa! Como a corda sempre arrebenta do lado mais fraco, o MP catarinense n\u00e3o vai admitir que queria \u201clegislar\u201d, na qual n\u00e3o \u00e9 a sua fun\u00e7\u00e3o e certamente alegar\u00e1 que sugest\u00e3o n\u00e3o \u00e9 determina\u00e7\u00e3o. Quem vai segurar essa (i) responsabilidade ser\u00e1 a Pol\u00edcia Militar, que deveria estar com um efetivo dentro de campo, bem como nas arquibancadas e n\u00e3o s\u00f3 na parte externa da Arena Joinville.<br \/>\n        Al\u00e9m do Bombinha, Peralta, Ricardo Gomes e todos os outros in\u00fateis do Vasco, o Departamento Jur\u00eddico tamb\u00e9m \u00e9 reles. Pois o artigo 20, inciso I, cap\u00edtulo I, do Regulamento Geral das Competi\u00e7\u00f5es reza que: Quando a partida for suspensa por quaisquer dos motivos previstos no artigo 19 do presente RGC, assim se proceder\u00e1 ap\u00f3s julgamento do processo correspondente pelo STJD: Se um clube houver dado causa \u00e0 suspens\u00e3o e era vencedor da partida ser\u00e1 ele declarado perdedor pelo escore de tr\u00eas a zero. Traduzindo aos leigos: O time da casa come\u00e7ou a pancadaria, o Poder P\u00fablico Catarinense n\u00e3o deu condi\u00e7\u00f5es para a realiza\u00e7\u00e3o do evento previamente agendado com tempo h\u00e1bil para programa\u00e7\u00e3o. Bastava o Vasco sair de campo e pleitear pelos pontos no Tribunal. Se Roberto Bombinha conhecesse um pouco de legisla\u00e7\u00e3o \u2013 tem obriga\u00e7\u00e3o, pois \u00e9 parlamentar \u2013 tinha feito o que a regra lhe ofereceu. Tenho certeza que a FIFA apoiaria o<br \/>\n Gigante da Colina, ainda mais em ano de Copa do Mundo, no Brasil. O caminho era requerer aos \u00e1rbitros da partida e o delegado do jogo a suspens\u00e3o da mesma, e o relat\u00f3rio na s\u00famula alegando falta de condi\u00e7\u00f5es para o prosseguimento, especificando minuciosamente cada fato. O temor por parte dos atletas em campo e os profissionais que estavam nos bancos de reservas tamb\u00e9m entrariam no documento. Mas Roberto Bombinha n\u00e3o foi macho suficiente para peitar o Delegado de Pol\u00edcia aposentado Ant\u00f4nio Lopes e entubou \u00e0 vontade (determina\u00e7\u00e3o) do cartola paranaense. Babaca!<br \/>\n      O presidente do Superior Tribunal de Justi\u00e7a Desportiva (inst\u00e2ncia m\u00e1xima do ordenamento jur\u00eddico desportivo) deu a deixa: \u201cO Estatuto do Torcedor determina que, dentro do gramado, a seguran\u00e7a \u00e9 exclusiva da Pol\u00edcia Militar. Em alguns estados existe a discuss\u00e3o sobre a presen\u00e7a da PM, mas isso n\u00e3o exime a responsabilidade dos dirigentes do clube. Se a PM afirmou que n\u00e3o faria a seguran\u00e7a, esta caberia ao clube&#8221;, disparou Dr. Fl\u00e1vio Zveiter. Nem assim Roberto Bombinha soube aproveitar. Foram as palavras dele: \u201cFalei com o delegado da partida e com a Pol\u00edcia Militar. Caso o jogo prossiga os respons\u00e1veis s\u00e3o eles. N\u00e3o est\u00e3o vendo o bem maior que \u00e9 a vida. O rebaixamento n\u00e3o \u00e9 nada. N\u00e3o estamos pensando em Primeira ou Segunda Divis\u00e3o. N\u00e3o posso tirar meu time de campo\u201d, defecando pela boca. \u00c9 l\u00f3gico que o maior patrim\u00f4nio do Ser Humano \u00e9 a vida. Inclusive \u00e9 um direito constitucional. Mas falar que n\u00e3o est\u00e1 nem a\u00ed<br \/>\n para o rebaixamento, que tanto faz a divis\u00e3o que o Vasco frequente \u00e9 no m\u00ednimo subestimar o sentimento da Imensa Torcida Bem Feliz.  Deixar um \u00e1rbitro (dentro dos par\u00e2metros corruptos da arbitragem nacional) decidir pelo cartola n\u00famero um do maior clube do Brasil \u00e9 assinar o atestado de idiota.<br \/>\n    Para o Atl\u00e9tico\/PR prosseguir a partida era vi\u00e1vel, pois o Departamento Jur\u00eddico do Furac\u00e3o que n\u00e3o \u00e9 bobo sabia que na forma da Lei ficaria mais complicado ganhar a partida. Consequentemente os tr\u00eas pontos seriam computados na conta do Vasco. Analisando o artigo 205, par\u00e1grafos 1\u00ba e 2\u00ba, in verbis:     <br \/>\nArt. 205. Impedir o prosseguimento de partida prova ou equivalente que estiver disputando, por insufici\u00eancia num\u00e9rica intencional de seus atletas ou por qualquer outra forma. (Reda\u00e7\u00e3o dada pela Resolu\u00e7\u00e3o CNE n\u00ba 29 de 2009).<br \/>\nPENA: multa, de R$ 100,00 (cem reais) a R$ 100.000,00 (cem mil reais), e perda dos pontos em disputa a favor do advers\u00e1rio, na forma do regulamento. (NR).<br \/>\nPar\u00e1grafo \u00fanico (Revogado pela Resolu\u00e7\u00e3o CNE n\u00ba 29 de 2009).<br \/>\n\u00a7 1\u00ba A entidade de pr\u00e1tica desportiva fica sujeita \u00e0s penas deste artigo se a suspens\u00e3o da partida tiver sido comprovadamente causada ou provocada por sua torcida. (AC).<br \/>\n\u00a7 2\u00ba Se da infra\u00e7\u00e3o resultar benef\u00edcio ou preju\u00edzo desportivo a terceiro, o \u00f3rg\u00e3o judicante poder\u00e1 aplicar a pena de exclus\u00e3o do campeonato, torneio ou equivalente em disputa. (AC).<br \/>\n     Tudo conspirava para que o Vasco continuasse no Grupo de Elite do Futebol Brazuca. Mas Roberto Bombinha e seus incompetentes subordinados n\u00e3o souberam aproveitar. <br \/>\n     Uma anedota (com\u00e9dia por com\u00e9dia nosso presidente \u00e9 o palha\u00e7o-mor) disse ao evang\u00e9lico (protestante) que Jesus o salvaria. Pois bem. Um dia a sua cidade inundou e quando a \u00e1gua batia em sua canela um amigo passou de barco e disse: \u201cSobe a\u00ed\u201d, e religioso retrucou: \u201cN\u00e3o, Jesus vai me salvar\u201d. Mais tarde quando a \u00e1gua j\u00e1 beirava a sua cintura outro colega de bote passou e disse: \u201cSobe a\u00ed que te levarei para um lugar seguro\u201d. Mais uma vez o religioso disse n\u00e3o: \u201cJesus vai me salvar\u201d. Quando a \u00e1gua estava alta, quase no pesco\u00e7o o \u00faltimo barco: \u201cMeu amigo voc\u00ea vai morrer, sobe logo, vou te salvar\u201d. Determinado o protestante comentou: \u201cVou esperar Jesus me salvar\u201d. Morto sua alma foi de encontro ao Pai Celestial, e a primeira pergunta foi: \u201cP\u00f4xa Jesus o senhor disse que me salvaria e agora estou aqui mortinho da silva\u201d. Com a sabedoria plena que lhe \u00e9 peculiar o Criador explicou: \u201cMeu filho eu n\u00e3o tenho<br \/>\n culpa se voc\u00ea \u00e9 burro! Mandei v\u00e1rios representantes, mas voc\u00ea n\u00e3o entendeu\u201d. N\u00e3o importa a forma, importa o resultado. A chance Roberto Bombinha teve mesmo depois de tantas besteiras feitas por ele e sua diretoria, mas n\u00e3o soube aproveitar o que veio de b\u00f4nus.<br \/>\n     Para concluir e sacramentar que Roberto Bombinha \u00e9 um bosta h\u00e1 quem diga que o Vasco dividir\u00e1 a responsabilidade da trag\u00e9dia de ontem com o Atl\u00e9tico Paranaense. Aponta o artigo 213, do C\u00f3digo Brasileiro de Justi\u00e7a Desportiva que deixar de tomar provid\u00eancias capazes de prevenir e reprimir poder\u00e1 o clube arcar com uma san\u00e7\u00e3o de multa que varia de R$ 100,00 (cem reais) a R$ 100.000,00 (cem mil reais). No inciso I tange \u00e0s desordens na pra\u00e7a do desporto, ou seja, no est\u00e1dio. Pior do que isso, quando a desordem, invas\u00e3o ou lan\u00e7amento de objeto for de elevada gravidade ou causar preju\u00edzo ao andamento do evento desportivo, a entidade de pr\u00e1tica poder\u00e1 ser punida com a perda do mando de campo de uma a dez partidas, provas ou equivalentes, quando participante da competi\u00e7\u00e3o oficial, segundo o par\u00e1grafo primeiro. No par\u00e1grafo seguinte a legisla\u00e7\u00e3o trata assim: caso a desordem, invas\u00e3o ou lan\u00e7amento de objeto seja feito pela torcida<br \/>\n da entidade advers\u00e1ria, tanto a entidade mandante como a entidade advers\u00e1ria ser\u00e3o pun\u00edveis, mas somente quando COMPROVADO que tamb\u00e9m contribu\u00edram para o fato. <br \/>\n    Sempre fui a favor de protestos, desde que pac\u00edficos. Manifesta\u00e7\u00f5es fazem parte do Estado Democr\u00e1tico de Direito. A liberdade de express\u00e3o \u00e9 fundamental para o desenvolvimento da na\u00e7\u00e3o. Nunca com a viol\u00eancia f\u00edsica, moral ou emocional. Jamais. Por\u00e9m, para toda regra, h\u00e1 exce\u00e7\u00e3o. Ontem a torcida do Furac\u00e3o estava em maior n\u00famero e invadindo o espa\u00e7o da torcida vasca\u00edna. Seria uma covardia muito maior se nossos torcedores n\u00e3o reagissem. Faz parte inclusive de uma defesa prevista na Legisla\u00e7\u00e3o Penal, a leg\u00edtima defesa de si e de outrem. At\u00e9 porque, existiam fam\u00edlias no espet\u00e1culo. Uma multid\u00e3o encarar uma minoria \u00e9 f\u00e1cil. Quero ver esses bandidos brig\u00f5es encararem no mano a mano os integrantes da For\u00e7a Jovem e outras organizadas do Vasc\u00e3o. O destino do Vasco da Gama est\u00e1 nas m\u00e3os dos s\u00f3cios. Em 2014 haver\u00e1 elei\u00e7\u00e3o no clube. Cinco anos foram suficientes para vermos que nem para s\u00edndico de edif\u00edcio Roberto Bombinha<br \/>\n serve. N\u00e3o poderemos votar neste dePUTAdo.  S\u00e3o Janu\u00e1rio n\u00e3o \u00e9 a casa da M\u00e3e Joana. N\u00e3o \u00e9 a baderna da ALERJ! Fora Roberto Bombinha! Para os torcedores que n\u00e3o s\u00e3o s\u00f3cios fica a dica da vingan\u00e7a: n\u00e3o votar nele para deputado, uma vez que as elei\u00e7\u00f5es para parlamentar tamb\u00e9m acontecem no pr\u00f3ximo ano. <br \/>\n    No mais, desejo a TODOS OS MEUS AMIGOS E LEITORES um FELIZ NATAL E UM PR\u00d3SPERO ANO NOVO! Que em 2014 possamos ter em ordem de import\u00e2ncia muita sa\u00fade, paz, amor, sabedoria, equil\u00edbrio, sucesso e dinheiro. Na noite de Natal, vou olhar para minha \u00e1rvore dentro de casa e pedir ao Papai Noel (S\u00e3o Nicolau) que transforme cada bolinha em t\u00edtulos expressivos para o Vasc\u00e3o. N\u00e3o esquecerei tamb\u00e9m de olhar para a ponta da \u00e1rvore e agradecer a estrela maior da noite: Jesus Cristo. Obrigado Senhor pela fam\u00edlia que tenho. Obrigado meu Pai Celestial pelos alimentos e pela sa\u00fade. Por fim agradecer ao bom Deus pelo dom de escrever, e, sobretudo, pelo carinho dos meus leitores em acompanhar minhas cr\u00f4nicas. Depois ao lado da minha filha \u00darsulla e minha esposa Vanessa vou ver se tem uma caixinha de presente com uma camisa do Gigante da Colina. \u00c9 isso, na esperan\u00e7a de um 2014 melhor vou ficando por aqui.<\/p>\n<p>\nAP\u00d3S AS TODAS AS PARTIDAS DO VASC\u00c3O EM MEU PERFIL DO FACEBOOK (QUEM QUISER RECEBER AS CR\u00d4NICAS DE PRIMEIRA M\u00c3O \u00c9 S\u00d3 ME ADICIONAR), E NOS SITES WEBVASCO (www.webvasco.com), E VASCA\u00cdNOS UNIDOS (www.vascainosunidos.com.br) TEM A OPINI\u00c3O DO JORNALISTA LUIZ CARLOS ROCHA. LEIAM! COMPARTILHEM E CURTAM! VASCA\u00cdNOS UNIDOS JAMAIS SER\u00c3O VENCIDOS.<\/p>\n","protected":false},"excerpt":{"rendered":"<p>\u201cMais vale a l\u00e1grima pela derrota do que a vergonha por n\u00e3o ter lutado\u201d. Essa&#8230;<\/p>\n","protected":false},"author":7,"featured_media":58,"comment_status":"open","ping_status":"closed","sticky":false,"template":"","format":"standard","meta":{"footnotes":""},"categories":[4],"tags":[],"class_list":["post-700","post","type-post","status-publish","format-standard","has-post-thumbnail","hentry","category-luizcarlosrocha"],"_links":{"self":[{"href":"https:\/\/webvasco.com\/artigos\/wp-json\/wp\/v2\/posts\/700","targetHints":{"allow":["GET"]}}],"collection":[{"href":"https:\/\/webvasco.com\/artigos\/wp-json\/wp\/v2\/posts"}],"about":[{"href":"https:\/\/webvasco.com\/artigos\/wp-json\/wp\/v2\/types\/post"}],"author":[{"embeddable":true,"href":"https:\/\/webvasco.com\/artigos\/wp-json\/wp\/v2\/users\/7"}],"replies":[{"embeddable":true,"href":"https:\/\/webvasco.com\/artigos\/wp-json\/wp\/v2\/comments?post=700"}],"version-history":[{"count":0,"href":"https:\/\/webvasco.com\/artigos\/wp-json\/wp\/v2\/posts\/700\/revisions"}],"wp:featuredmedia":[{"embeddable":true,"href":"https:\/\/webvasco.com\/artigos\/wp-json\/wp\/v2\/media\/58"}],"wp:attachment":[{"href":"https:\/\/webvasco.com\/artigos\/wp-json\/wp\/v2\/media?parent=700"}],"wp:term":[{"taxonomy":"category","embeddable":true,"href":"https:\/\/webvasco.com\/artigos\/wp-json\/wp\/v2\/categories?post=700"},{"taxonomy":"post_tag","embeddable":true,"href":"https:\/\/webvasco.com\/artigos\/wp-json\/wp\/v2\/tags?post=700"}],"curies":[{"name":"wp","href":"https:\/\/api.w.org\/{rel}","templated":true}]}}