{"id":701,"date":"2013-12-13T13:57:03","date_gmt":"2013-12-13T16:57:03","guid":{"rendered":"http:\/\/webvasco.com\/artigos\/?p=701"},"modified":"2013-12-13T14:15:13","modified_gmt":"2013-12-13T17:15:13","slug":"vasco-e-footecon","status":"publish","type":"post","link":"https:\/\/webvasco.com\/artigos\/colunistas\/luizcarlosrocha\/vasco-e-footecon\/","title":{"rendered":"VASCO E FOOTECON!"},"content":{"rendered":"<p>Realizado nos dias 10 e 11 de dezembro de 2013, o FOOTECON, F\u00f3rum Internacional de Futebol, teve entre os temas debatidos \u2013 em corredores e palestras \u2013 o Vasco da Gama, de maneira negativa \u00e9 claro. N\u00e3o s\u00f3 pela trag\u00e9dia envolvendo a terr\u00edvel briga da torcida com torcedores do Atl\u00e9tico Paranaense, mas tamb\u00e9m o rebaixamento para a S\u00e9rie B do Campeonato Brasileiro e a p\u00e9ssima administra\u00e7\u00e3o do presidente Roberto Bombinha.<br \/>\nO encontro que reuniu profissionais do mundo da bola, tais como jogadores, treinadores, gestores, m\u00e9dicos, advogados e jornalistas foi muito produtivo. Esse dois dias inteiros de muito trabalho no Hotel Sofitel, em Copacabana\/RJ serviram como um bom aprendizado para todos que passaram por l\u00e1.<br \/>\nCarlos Alberto Parreira que \u00e9 coordenador t\u00e9cnico da Sele\u00e7\u00e3o Brasileira e principal articulador do evento disse acreditar na recupera\u00e7\u00e3o do Gigante da Colina: \u201cO Vasco \u00e9 um time grande. Tem uma hist\u00f3ria bel\u00edssima no futebol brasileiro. Vai se recuperar e tirar proveito deste rebaixamento. Servir\u00e1 de aprendizado\u201d.<br \/>\nParreira ainda completou: \u201cOutras equipes do mesmo porte do Vasco j\u00e1 ca\u00edram e voltaram ainda mais fortes. Isso acontecer\u00e1 com o Vasco\u201d. Visto que al\u00e9m de cartola ele \u00e9 treinador de futebol (um dos melhores) de forma\u00e7\u00e3o h\u00e1 uma boa dose de esperan\u00e7as quanto ao retorno em grande estilo.<br \/>\nO FOOTECON completou 10 anos ininterruptos de realiza\u00e7\u00e3o. Figur\u00f5es futebol\u00edsticos passaram pela d\u00e9cima edi\u00e7\u00e3o. Entre eles: Max Gerhringer, V\u00e1gner Mancini, Clarence Seedorf, Am\u00e9rico Faria, Carlos Alberto Parreira, Jos\u00e9 Lu\u00eds Runco, Rodrigo Caetano, Lu\u00eds Felipe Ximenes, Oswaldo de Oliveira, Caio J\u00fanior, Galv\u00e3o Bueno, Luiz Felipe Scolari, Nilson Gon\u00e7alves e M\u00e1rio Jorge Lobo Zagallo.<\/p>\n<p>AP\u00d3S AS TODAS AS PARTIDAS DO VASC\u00c3O EM MEU PERFIL DO FACEBOOK (QUEM QUISER RECEBER AS CR\u00d4NICAS DE PRIMEIRA M\u00c3O \u00c9 S\u00d3 ME ADICIONAR), E NOS SITES WEBVASCO (<a href=\"http:\/\/www.facebook.com\/l.php?u=http%3A%2F%2Fwww.webvasco.com%2F&amp;h=iAQFjjcIQ&amp;enc=AZOAKoQODK53sI0__ad1ZdeMNIYKatgWTSOG1kc1rHzeqlhcN9AxcpvCuNKa3DQzfgcuY9FkvunN3MfvmnwtOxqdpyj2m2TXXSL3AWqr1O4XHOCbc12UIannyxC4KMN2xgfkHyL_QiLcnn9uyVljTDZk&amp;s=1\" target=\"_blank\" rel=\"nofollow nofollow\">www.webvasco.com<\/a>), E VASCA\u00cdNOS UNIDOS (<a href=\"http:\/\/www.facebook.com\/l.php?u=http%3A%2F%2Fwww.vascainosunidos.com.br%2F&amp;h=sAQEr7-X-&amp;enc=AZMtoUucTrA79unSdvIyvt_s38-Xdc8uEQY_xLvLf_6QzQJ80I1FSn3GRuVRiFbcyvDyeUJs4cVDyAo1GlQ9sng4PguTZ_cwULYH6Cjdnx3Vvg1nxtGGvuRfG7UdZcskd_uRjSk7snwQ-InfeimDe6DM&amp;s=1\" target=\"_blank\" rel=\"nofollow nofollow\">www.vascainosunidos.com.br<\/a>) TEM A OPINI\u00c3O DO JORNALISTA LUIZ CARLOS ROCHA. LEIAM! COMPARTILHEM E CURTAM! VASCA\u00cdNOS UNIDOS JAMAIS SER\u00c3O VENCIDOS.<\/p>\n<div class=\"wp-caption alignleft\" id=\"attachment_702\" style=\"width: 300px;\">\n<p><a href=\"https:\/\/webvasco.com\/artigos\/colunistas\/luizcarlosrocha\/vasco-e-footecon\/attachment\/img_0255\/\" rel=\"attachment wp-att-702\"><img loading=\"lazy\" decoding=\"async\" width=\"300\" height=\"225\" class=\"size-medium wp-image-702\" title=\"IMG_0255\" alt=\"\" src=\"https:\/\/webvasco.com\/artigos\/wp-content\/uploads\/2013\/12\/IMG_0255-300x225.jpg\" srcset=\"https:\/\/webvasco.com\/artigos\/wp-content\/uploads\/2013\/12\/IMG_0255-300x225.jpg 300w, https:\/\/webvasco.com\/artigos\/wp-content\/uploads\/2013\/12\/IMG_0255-150x112.jpg 150w, https:\/\/webvasco.com\/artigos\/wp-content\/uploads\/2013\/12\/IMG_0255-1024x768.jpg 1024w\" sizes=\"auto, (max-width: 300px) 100vw, 300px\" \/> <\/a><\/p>\n<p class=\"wp-caption-text\">\n<\/div>\n<div class=\"wp-caption alignleft\" id=\"attachment_703\" style=\"width: 300px;\">\n<p><a href=\"https:\/\/webvasco.com\/artigos\/colunistas\/luizcarlosrocha\/vasco-e-footecon\/attachment\/img_0275\/\" rel=\"attachment wp-att-703\"><img loading=\"lazy\" decoding=\"async\" width=\"300\" height=\"225\" class=\"size-medium wp-image-703\" title=\"IMG_0275\" alt=\"\" src=\"https:\/\/webvasco.com\/artigos\/wp-content\/uploads\/2013\/12\/IMG_0275-300x225.jpg\" srcset=\"https:\/\/webvasco.com\/artigos\/wp-content\/uploads\/2013\/12\/IMG_0275-300x225.jpg 300w, https:\/\/webvasco.com\/artigos\/wp-content\/uploads\/2013\/12\/IMG_0275-150x112.jpg 150w, https:\/\/webvasco.com\/artigos\/wp-content\/uploads\/2013\/12\/IMG_0275-1024x768.jpg 1024w\" sizes=\"auto, (max-width: 300px) 100vw, 300px\" \/> <\/a><\/p>\n<p class=\"wp-caption-text\">\n<\/div>\n<div class=\"wp-caption alignleft\" id=\"attachment_704\" style=\"width: 300px;\">\n<p><a href=\"https:\/\/webvasco.com\/artigos\/colunistas\/luizcarlosrocha\/vasco-e-footecon\/attachment\/img_0242\/\" rel=\"attachment wp-att-704\"><img loading=\"lazy\" decoding=\"async\" width=\"300\" height=\"225\" class=\"size-medium wp-image-704\" title=\"IMG_0242\" alt=\"\" src=\"https:\/\/webvasco.com\/artigos\/wp-content\/uploads\/2013\/12\/IMG_0242-300x225.jpg\" srcset=\"https:\/\/webvasco.com\/artigos\/wp-content\/uploads\/2013\/12\/IMG_0242-300x225.jpg 300w, https:\/\/webvasco.com\/artigos\/wp-content\/uploads\/2013\/12\/IMG_0242-150x112.jpg 150w, https:\/\/webvasco.com\/artigos\/wp-content\/uploads\/2013\/12\/IMG_0242-1024x768.jpg 1024w\" sizes=\"auto, (max-width: 300px) 100vw, 300px\" \/> <\/a><\/p>\n<p class=\"wp-caption-text\">\n<\/div>\n<div class=\"wp-caption alignleft\" id=\"attachment_705\" style=\"width: 300px;\">\n<p><a href=\"https:\/\/webvasco.com\/artigos\/colunistas\/luizcarlosrocha\/vasco-e-footecon\/attachment\/img_0262\/\" rel=\"attachment wp-att-705\"><img loading=\"lazy\" decoding=\"async\" width=\"300\" height=\"225\" class=\"size-medium wp-image-705\" title=\"IMG_0262\" alt=\"\" src=\"https:\/\/webvasco.com\/artigos\/wp-content\/uploads\/2013\/12\/IMG_0262-300x225.jpg\" srcset=\"https:\/\/webvasco.com\/artigos\/wp-content\/uploads\/2013\/12\/IMG_0262-300x225.jpg 300w, https:\/\/webvasco.com\/artigos\/wp-content\/uploads\/2013\/12\/IMG_0262-150x112.jpg 150w, https:\/\/webvasco.com\/artigos\/wp-content\/uploads\/2013\/12\/IMG_0262-1024x768.jpg 1024w\" sizes=\"auto, (max-width: 300px) 100vw, 300px\" \/> <\/a><\/p>\n<p class=\"wp-caption-text\">\n<\/div>\n","protected":false},"excerpt":{"rendered":"<p>Realizado nos dias 10 e 11 de dezembro de 2013, o FOOTECON, F\u00f3rum Internacional de&#8230;<\/p>\n","protected":false},"author":7,"featured_media":702,"comment_status":"open","ping_status":"closed","sticky":false,"template":"","format":"standard","meta":{"footnotes":""},"categories":[4],"tags":[],"class_list":["post-701","post","type-post","status-publish","format-standard","has-post-thumbnail","hentry","category-luizcarlosrocha"],"_links":{"self":[{"href":"https:\/\/webvasco.com\/artigos\/wp-json\/wp\/v2\/posts\/701","targetHints":{"allow":["GET"]}}],"collection":[{"href":"https:\/\/webvasco.com\/artigos\/wp-json\/wp\/v2\/posts"}],"about":[{"href":"https:\/\/webvasco.com\/artigos\/wp-json\/wp\/v2\/types\/post"}],"author":[{"embeddable":true,"href":"https:\/\/webvasco.com\/artigos\/wp-json\/wp\/v2\/users\/7"}],"replies":[{"embeddable":true,"href":"https:\/\/webvasco.com\/artigos\/wp-json\/wp\/v2\/comments?post=701"}],"version-history":[{"count":3,"href":"https:\/\/webvasco.com\/artigos\/wp-json\/wp\/v2\/posts\/701\/revisions"}],"predecessor-version":[{"id":709,"href":"https:\/\/webvasco.com\/artigos\/wp-json\/wp\/v2\/posts\/701\/revisions\/709"}],"wp:featuredmedia":[{"embeddable":true,"href":"https:\/\/webvasco.com\/artigos\/wp-json\/wp\/v2\/media\/702"}],"wp:attachment":[{"href":"https:\/\/webvasco.com\/artigos\/wp-json\/wp\/v2\/media?parent=701"}],"wp:term":[{"taxonomy":"category","embeddable":true,"href":"https:\/\/webvasco.com\/artigos\/wp-json\/wp\/v2\/categories?post=701"},{"taxonomy":"post_tag","embeddable":true,"href":"https:\/\/webvasco.com\/artigos\/wp-json\/wp\/v2\/tags?post=701"}],"curies":[{"name":"wp","href":"https:\/\/api.w.org\/{rel}","templated":true}]}}