{"id":711,"date":"2013-12-14T23:56:12","date_gmt":"2013-12-15T02:56:12","guid":{"rendered":"http:\/\/webvasco.com\/artigos\/?p=711"},"modified":"2013-12-15T17:22:18","modified_gmt":"2013-12-15T20:22:18","slug":"mancini-critica-vasco","status":"publish","type":"post","link":"https:\/\/webvasco.com\/artigos\/colunistas\/luizcarlosrocha\/mancini-critica-vasco\/","title":{"rendered":"MANCINI CRITICA VASCO!"},"content":{"rendered":"<p>O treinador do Atl\u00e9tico Paranaense V\u00e1gner Mancini esteve no Footecon (F\u00f3rum Internacional de Futebol), palestrou sobre futebol profissional, calend\u00e1rio, condi\u00e7\u00f5es de trabalho, competi\u00e7\u00f5es e gest\u00e3o profissional. Mas nem por isso deixou de alfinetar o Gigante da Colina em suas declara\u00e7\u00f5es.<br \/>\nQuanto \u00e0 trag\u00e9dia da briga entre torcidas nas arquibancadas o olhar de dentro das quatro linhas: \u201cEu estava ciente do que estava acontecendo, mesmo estando dentro de campo. Mas os problemas fora dele, tem outras pessoas para cuidar\u201d, citou o t\u00e9cnico.<br \/>\nIndagado se havia condi\u00e7\u00f5es de prosseguimento da partida, prontamente V\u00e1gner Mancini disparou: \u201cTinha. Tanto que o jogo acabou\u201d. E ainda completou com certa pitada de vingan\u00e7a: \u201cO Tribunal est\u00e1 certo de agir com rigor. Ali\u00e1s, tem de ter muito rigor\u201d.<br \/>\nPara o comandante do Furac\u00e3o existiram dois mundos, mas que s\u00f3 ele viu: \u201cAconteceram coisas terr\u00edveis nas arquibancadas, mas dentro de campo nada aconteceu, embora os jogadores tenham ficados abalados\u201d. Apontou os respons\u00e1veis: \u201cA culpa vem de l\u00e1 cima.\u201d.<br \/>\nMancini repudiou as Organizadas: \u201cEsse n\u00e3o \u00e9 o meio que queremos viver. Temos de acabar com esses bandidos nas torcidas\u201d. Vale lembrar, que a torcida vasca\u00edna apenas se defendeu. At\u00e9 porque, se n\u00e3o tomasse tal atitude a trag\u00e9dia seria ainda maior, pois o volume do torcedor atleticano era superior.<br \/>\nO Vasco da Gama na temporada de 2013 foi o time que menos atuou no Brasil. Apenas 58 partidas oficiais. Em m\u00e9dia os clubes jogaram 66. Teve tempo de sobra para o planejamento. Faltou compet\u00eancia ao presidente Roberto Bombinha e seus comandados.<br \/>\nConcluindo V\u00e1gner Mancini despediu-se analisando o recurso do Vasco, no TJD: \u201cAcho que o Vasco deveria ganhar dentro de campo e n\u00e3o fora. Inclusive em outros jogos, para n\u00e3o depender justamente de resultado na \u00faltima rodada\u201d, e ainda completou: \u201cO clube \u00e9 um gigante, mas vai ter de pagar a S\u00e9rie B\u201d.<br \/>\nAP\u00d3S AS TODAS AS PARTIDAS DO VASC\u00c3O EM MEU PERFIL DO FACEBOOK (QUEM QUISER RECEBER AS CR\u00d4NICAS DE PRIMEIRA M\u00c3O \u00c9 S\u00d3 ME ADICIONAR), E NOS SITES WEBVASCO (www.webvasco.com), E VASCA\u00cdNOS UNIDOS (www.vascainosunidos.com.br) TEM A OPINI\u00c3O DO JORNALISTA LUIZ CARLOS ROCHA. LEIAM! COMPARTILHEM E CURTAM! VASCA\u00cdNOS UNIDOS JAMAIS SER\u00c3O VENCIDOS.<\/p>\n<div class=\"wp-caption alignleft\" id=\"attachment_712\" style=\"width: 300px;\">\n<p><a href=\"https:\/\/webvasco.com\/artigos\/colunistas\/luizcarlosrocha\/mancini-critica-vasco\/attachment\/img_0246\/\" rel=\"attachment wp-att-712\"><img loading=\"lazy\" decoding=\"async\" width=\"300\" height=\"225\" class=\"size-medium wp-image-712\" title=\"IMG_0246\" alt=\"\" src=\"https:\/\/webvasco.com\/artigos\/wp-content\/uploads\/2013\/12\/IMG_0246-300x225.jpg\" srcset=\"https:\/\/webvasco.com\/artigos\/wp-content\/uploads\/2013\/12\/IMG_0246-300x225.jpg 300w, https:\/\/webvasco.com\/artigos\/wp-content\/uploads\/2013\/12\/IMG_0246-150x112.jpg 150w, https:\/\/webvasco.com\/artigos\/wp-content\/uploads\/2013\/12\/IMG_0246-1024x768.jpg 1024w\" sizes=\"auto, (max-width: 300px) 100vw, 300px\" \/> <\/a><\/p>\n<p class=\"wp-caption-text\">\n<\/div>\n<div class=\"wp-caption alignleft\" id=\"attachment_713\" style=\"width: 300px;\">\n<p><a href=\"https:\/\/webvasco.com\/artigos\/colunistas\/luizcarlosrocha\/mancini-critica-vasco\/attachment\/img_0243\/\" rel=\"attachment wp-att-713\"><img loading=\"lazy\" decoding=\"async\" width=\"300\" height=\"225\" class=\"size-medium wp-image-713\" title=\"IMG_0243\" alt=\"\" src=\"https:\/\/webvasco.com\/artigos\/wp-content\/uploads\/2013\/12\/IMG_0243-300x225.jpg\" srcset=\"https:\/\/webvasco.com\/artigos\/wp-content\/uploads\/2013\/12\/IMG_0243-300x225.jpg 300w, https:\/\/webvasco.com\/artigos\/wp-content\/uploads\/2013\/12\/IMG_0243-150x112.jpg 150w, https:\/\/webvasco.com\/artigos\/wp-content\/uploads\/2013\/12\/IMG_0243-1024x768.jpg 1024w\" sizes=\"auto, (max-width: 300px) 100vw, 300px\" \/> <\/a><\/p>\n<p class=\"wp-caption-text\">\n<\/div>\n","protected":false},"excerpt":{"rendered":"<p>O treinador do Atl\u00e9tico Paranaense V\u00e1gner Mancini esteve no Footecon (F\u00f3rum Internacional de Futebol), palestrou&#8230;<\/p>\n","protected":false},"author":7,"featured_media":712,"comment_status":"open","ping_status":"closed","sticky":false,"template":"","format":"standard","meta":{"footnotes":""},"categories":[4],"tags":[],"class_list":["post-711","post","type-post","status-publish","format-standard","has-post-thumbnail","hentry","category-luizcarlosrocha"],"_links":{"self":[{"href":"https:\/\/webvasco.com\/artigos\/wp-json\/wp\/v2\/posts\/711","targetHints":{"allow":["GET"]}}],"collection":[{"href":"https:\/\/webvasco.com\/artigos\/wp-json\/wp\/v2\/posts"}],"about":[{"href":"https:\/\/webvasco.com\/artigos\/wp-json\/wp\/v2\/types\/post"}],"author":[{"embeddable":true,"href":"https:\/\/webvasco.com\/artigos\/wp-json\/wp\/v2\/users\/7"}],"replies":[{"embeddable":true,"href":"https:\/\/webvasco.com\/artigos\/wp-json\/wp\/v2\/comments?post=711"}],"version-history":[{"count":3,"href":"https:\/\/webvasco.com\/artigos\/wp-json\/wp\/v2\/posts\/711\/revisions"}],"predecessor-version":[{"id":717,"href":"https:\/\/webvasco.com\/artigos\/wp-json\/wp\/v2\/posts\/711\/revisions\/717"}],"wp:featuredmedia":[{"embeddable":true,"href":"https:\/\/webvasco.com\/artigos\/wp-json\/wp\/v2\/media\/712"}],"wp:attachment":[{"href":"https:\/\/webvasco.com\/artigos\/wp-json\/wp\/v2\/media?parent=711"}],"wp:term":[{"taxonomy":"category","embeddable":true,"href":"https:\/\/webvasco.com\/artigos\/wp-json\/wp\/v2\/categories?post=711"},{"taxonomy":"post_tag","embeddable":true,"href":"https:\/\/webvasco.com\/artigos\/wp-json\/wp\/v2\/tags?post=711"}],"curies":[{"name":"wp","href":"https:\/\/api.w.org\/{rel}","templated":true}]}}