{"id":714,"date":"2013-12-15T16:20:16","date_gmt":"2013-12-15T19:20:16","guid":{"rendered":"http:\/\/webvasco.com\/artigos\/?p=714"},"modified":"2013-12-15T16:21:00","modified_gmt":"2013-12-15T19:21:00","slug":"um-passo-para-a-histria","status":"publish","type":"post","link":"https:\/\/webvasco.com\/artigos\/colunistas\/marcus-simonini\/um-passo-para-a-histria\/","title":{"rendered":"UM PASSO PARA A HIST&Oacute;RIA!"},"content":{"rendered":"<div>\n<div dir='ltr'>\n<h2 class=\"postitle\" style=\"color: rgb(23, 23, 23); text-transform: uppercase; font-family: Arial, Helvetica, sans-serif; line-height: 19px;\">UM PASSO PARA A&nbsp;HIST\u00d3RIA!<\/h2>\n<div class=\"single-metainfo\" style=\"margin: 0px 0px 13px; color: rgb(127, 127, 127); font-family: Arial, Helvetica, sans-serif; font-size: 13px; line-height: 19px;\"><a href=\"http:\/\/incondicionalmentevasco.wordpress.com\/2013\/12\/15\/um-passo-para-a-historia\/\" title=\"15:24\" rel=\"bookmark\" style=\"color: rgb(120, 120, 120); text-decoration: none;\">domingo, 15 dezembro 2013<\/a>&nbsp;<span class=\"by-author\" style=\"display: inline; clear: none; color: rgb(187, 187, 187); font-family: 'Lucida Bright', Georgia, serif; font-style: italic; text-align: center;\"><span class=\"sep\">por<\/span>&nbsp;<span class=\"author vcard\"><a class=\"url fn n\" href=\"http:\/\/incondicionalmentevasco.wordpress.com\/author\/msimonini\/\" title=\"Ver todos os artigos de msimonini\" rel=\"author\" style=\"color: rgb(120, 120, 120); text-decoration: none;\">msimonini<\/a><\/span><\/span><\/div>\n<p><br style=\"color: rgb(127, 127, 127); font-family: Arial, Helvetica, sans-serif; font-size: 13px; line-height: 19px;\"\/><\/p>\n<p style=\"line-height: 19px; color: rgb(127, 127, 127); font-family: Arial, Helvetica, sans-serif; font-size: 13px;\"><a href=\"http:\/\/incondicionalmentevasco.files.wordpress.com\/2012\/08\/02-05-estadio-sjanuario-1926-27.jpg\" style=\"color: rgb(51, 51, 51); text-decoration: none;\"><img decoding=\"async\" src=\"http:\/\/incondicionalmentevasco.files.wordpress.com\/2012\/08\/02-05-estadio-sjanuario-1926-27.jpg?w=620\" alt=\"02-05-estadio-sjanuario-1926-27\" class=\"aligncenter size-full wp-image-2123\" style=\"border: none; display: block; margin: 13px auto; width: auto; height: auto; max-width: 100%;\"\/><\/a><\/p>\n<p style=\"line-height: 19px; color: rgb(127, 127, 127); font-family: Arial, Helvetica, sans-serif; font-size: 13px;\"><\/p>\n<p style=\"line-height: 19px; color: rgb(127, 127, 127); font-family: Arial, Helvetica, sans-serif; font-size: 13px;\"><\/p>\n<p style=\"line-height: 19px; color: rgb(127, 127, 127); font-family: Arial, Helvetica, sans-serif; font-size: 13px;\"><\/p>\n<p style=\"line-height: 19px; color: rgb(127, 127, 127); font-family: Arial, Helvetica, sans-serif; font-size: 13px;\">Um passo para a hist\u00f3ria<\/p>\n<p style=\"line-height: 19px; color: rgb(127, 127, 127); font-family: Arial, Helvetica, sans-serif; font-size: 13px;\"><\/p>\n<p style=\"line-height: 19px; color: rgb(127, 127, 127); font-family: Arial, Helvetica, sans-serif; font-size: 13px;\"><\/p>\n<p style=\"line-height: 19px; color: rgb(127, 127, 127); font-family: Arial, Helvetica, sans-serif; font-size: 13px;\">O discurso de pacifica\u00e7\u00e3o entre todas as correntes pol\u00edticas do Vasco, que ecoa h\u00e1 anos como solu\u00e7\u00e3o \u00f3bvia para reconciliar o Gigante da Colina e sua gloriosa hist\u00f3ria de conquistas, pode se tornar algo concreto na pr\u00f3xima ter\u00e7a-feira, 17\/12, \u00e0s 14h no TJ-RJ.<\/p>\n<p style=\"line-height: 19px; color: rgb(127, 127, 127); font-family: Arial, Helvetica, sans-serif; font-size: 13px;\"><\/p>\n<p style=\"line-height: 19px; color: rgb(127, 127, 127); font-family: Arial, Helvetica, sans-serif; font-size: 13px;\">A Audi\u00eancia de Concilia\u00e7\u00e3o que ocorrer\u00e1 na 37\u00aa Vara C\u00edvel poder\u00e1 se tornar um marco hist\u00f3rico para a reconstru\u00e7\u00e3o e reerguimento do Vasco, que tem sido o maior prejudicado pelo longo hist\u00f3rico de guerra pol\u00edtica que assola o Clube e apenas beneficia seus rivais.<\/p>\n<p style=\"line-height: 19px; color: rgb(127, 127, 127); font-family: Arial, Helvetica, sans-serif; font-size: 13px;\"><\/p>\n<p style=\"line-height: 19px; color: rgb(127, 127, 127); font-family: Arial, Helvetica, sans-serif; font-size: 13px;\">Despidos de rancores, vaidades e revanchismos, os vasca\u00ednos ter\u00e3o a oportunidade de remarcar suas elei\u00e7\u00f5es e iniciar a reconstru\u00e7\u00e3o do Vasco antes da espinhosa campanha pelo acesso \u00e0 elite do Campeonato Brasileiro. Caso n\u00e3o haja o desej\u00e1vel acordo, o Vasco periga disputar a S\u00e9rie B em meio a um processo eleitoral conturbado que pode colocar em grave risco a subida para a S\u00e9rie A.<\/p>\n<p style=\"line-height: 19px; color: rgb(127, 127, 127); font-family: Arial, Helvetica, sans-serif; font-size: 13px;\"><\/p>\n<p style=\"line-height: 19px; color: rgb(127, 127, 127); font-family: Arial, Helvetica, sans-serif; font-size: 13px;\">Lugar de vasca\u00edno \u00e9 no TJ-RJ, ter\u00e7a-feira, 17\/12, 14h, livre de qualquer sentimento negativo e tomado pela esperan\u00e7a de reconstru\u00e7\u00e3o de um Clube unido, forte e democr\u00e1tico. O presidente Roberto Dinamite ter\u00e1 papel fundamental neste hist\u00f3rico passo a ser dado pelo Gigante.<\/p>\n<p style=\"line-height: 19px; color: rgb(127, 127, 127); font-family: Arial, Helvetica, sans-serif; font-size: 13px;\"><\/p>\n<p style=\"line-height: 19px; color: rgb(127, 127, 127); font-family: Arial, Helvetica, sans-serif; font-size: 13px;\">Sauda\u00e7\u00f5es Vasca\u00ednas!<\/p>\n<p style=\"line-height: 19px; color: rgb(127, 127, 127); font-family: Arial, Helvetica, sans-serif; font-size: 13px;\"><\/p>\n<p style=\"line-height: 19px; color: rgb(127, 127, 127); font-family: Arial, Helvetica, sans-serif; font-size: 13px;\">Marcus Simonini Ferreira<br \/>Blog Incondicionalmente Vasco!<\/p>\n<div><\/div>\n<div id=\"wordads-preview-parent\" class=\"wpcnt\" style=\"text-align: center; line-height: 0; color: rgb(127, 127, 127); font-family: Arial, Helvetica, sans-serif; font-size: 13px;\">\n<div class=\"wpa\" style=\"position: relative; overflow: hidden; display: inline-block; max-width: 100%;\"><\/div>\n<\/div><\/div>\n<\/div>\n<p><\/p>\n","protected":false},"excerpt":{"rendered":"<p>UM PASSO PARA A&nbsp;HIST\u00d3RIA! domingo, 15 dezembro 2013&nbsp;por&nbsp;msimonini Um passo para a hist\u00f3ria O discurso&#8230;<\/p>\n","protected":false},"author":8,"featured_media":261,"comment_status":"open","ping_status":"closed","sticky":false,"template":"","format":"standard","meta":{"footnotes":""},"categories":[6],"tags":[],"class_list":["post-714","post","type-post","status-publish","format-standard","has-post-thumbnail","hentry","category-marcus-simonini"],"_links":{"self":[{"href":"https:\/\/webvasco.com\/artigos\/wp-json\/wp\/v2\/posts\/714","targetHints":{"allow":["GET"]}}],"collection":[{"href":"https:\/\/webvasco.com\/artigos\/wp-json\/wp\/v2\/posts"}],"about":[{"href":"https:\/\/webvasco.com\/artigos\/wp-json\/wp\/v2\/types\/post"}],"author":[{"embeddable":true,"href":"https:\/\/webvasco.com\/artigos\/wp-json\/wp\/v2\/users\/8"}],"replies":[{"embeddable":true,"href":"https:\/\/webvasco.com\/artigos\/wp-json\/wp\/v2\/comments?post=714"}],"version-history":[{"count":0,"href":"https:\/\/webvasco.com\/artigos\/wp-json\/wp\/v2\/posts\/714\/revisions"}],"wp:featuredmedia":[{"embeddable":true,"href":"https:\/\/webvasco.com\/artigos\/wp-json\/wp\/v2\/media\/261"}],"wp:attachment":[{"href":"https:\/\/webvasco.com\/artigos\/wp-json\/wp\/v2\/media?parent=714"}],"wp:term":[{"taxonomy":"category","embeddable":true,"href":"https:\/\/webvasco.com\/artigos\/wp-json\/wp\/v2\/categories?post=714"},{"taxonomy":"post_tag","embeddable":true,"href":"https:\/\/webvasco.com\/artigos\/wp-json\/wp\/v2\/tags?post=714"}],"curies":[{"name":"wp","href":"https:\/\/api.w.org\/{rel}","templated":true}]}}