{"id":719,"date":"2013-12-15T18:07:03","date_gmt":"2013-12-15T21:07:03","guid":{"rendered":"http:\/\/webvasco.com\/artigos\/?p=719"},"modified":"2013-12-15T18:43:16","modified_gmt":"2013-12-15T21:43:16","slug":"dinamite-recebe-5500-pedidos-de-renuncia-em-apenas-4-dias","status":"publish","type":"post","link":"https:\/\/webvasco.com\/artigos\/colunistas\/andrepedro\/dinamite-recebe-5500-pedidos-de-renuncia-em-apenas-4-dias\/","title":{"rendered":"Dinamite recebe 5500 pedidos de ren\u00fancia em apenas 4 dias"},"content":{"rendered":"<p>Amigos Vasca\u00ednos,<\/p>\n<p>Logo ap\u00f3s a carta do amigo e s\u00f3cio do Vasco, Marcus Simonini, na qual formalizava um pedido para que Roberto Dinamite renuncie a Presid\u00eancia do Clube, eu iniciei no site AVAAZ uma peti\u00e7\u00e3o online para que as pessoas que concordassem com essa ideia pudessem expressar sua ades\u00e3o a esse pedido de ren\u00fancia.<\/p>\n<p>A ren\u00fancia de Roberto Dinamite \u00e9 o \u00fanico ato digno que ele pode tomar neste final de ano. Sua rejei\u00e7\u00e3o perante a torcida \u00e9 elevad\u00edssima. Seu apoio pol\u00edtico dentro do Vasco \u00e9 inexistente. Sua credibilidade perante empresas patrocinadoras \u00e9 a pior poss\u00edvel. Diante desse cen\u00e1rio, somente algu\u00e9m muito louco e que n\u00e3o possui amor algum ao Vasco \u00e9 que teria a ousadia de tentar se manter no cargo.<\/p>\n<p>Roberto tem o direito legal de se manter no cargo at\u00e9 o final de seu mandato. De modo contr\u00e1rio, o direito moral j\u00e1 vem sendo questionado h\u00e1 muito tempo, atingindo o cl\u00edmax com a queda do Futebol Profissional para a segunda divis\u00e3o do Campeonato Brasileiro.<\/p>\n<p>A exig\u00eancia da ren\u00fancia de Roberto, ao contr\u00e1rio do que parece, n\u00e3o \u00e9 um ato agressivo contra a pessoa de Roberto Carlos de Oliveira. Pelo contr\u00e1rio: \u00e9 um ato de preserva\u00e7\u00e3o da imagem de Roberto Dinamite como \u00cddolo do Futebol do Vasco. Est\u00e1 mais do que claro que Roberto Dinamite \u00e9 um p\u00e9ssimo dirigente esportivo. O maior perigo para ele hoje \u00e9 que sua imagem como \u00eddolo esportivo se contamine a tal ponto que n\u00e3o haja mais como reverter essa avers\u00e3o da torcida.<\/p>\n<p>Portanto, Sr. Roberto Dinamite, em mem\u00f3ria de sua condi\u00e7\u00e3o de \u00eddolo esportivo, e mais ainda: em honra ao Clube de Regatas Vasco da Gama, que lhe projetou internacionalmente, e em respeito a imensa torcida cruzmaltina, fa\u00e7a o que \u00e9 certo: <strong>RENUNCIE IMEDIATAMENTE ao cargo de Presidente do CRVG!<\/strong><\/p>\n<p>Torcedor: caso voc\u00ea queira manifestar tamb\u00e9m sua ades\u00e3o a esta peti\u00e7\u00e3o, <strong>clique no link abaixo<\/strong> e junte-se \u00e0queles que querem salvar o Vasco dessa trag\u00e9dia que estamos vivenciando:<\/p>\n<p style=\"text-align: center;\"><a href=\"http:\/\/bit.ly\/1hcrIBn\" target=\"_blank\"><span style=\"font-size: 24px;\">http:\/\/bit.ly\/1hcrIBn<\/span><\/a><\/p>\n<p>Segue abaixo as fotos do Documento que foi protocolado na Secretaria do Clube destinada ao Roberto Dinamite, como Presidente do Clube, e ao Sr. Abilio Borges, Presidente do Conselho Deliberativo. Esperamos que estes senhores tomem as \u00fanicas atitudes que ainda podem salvar o Vasco de uma trag\u00e9dia maior.<\/p>\n<p>Finalizando, \u00e9 importante deixar claro \u00e0 torcida vasca\u00edna que n\u00e3o participo de nenhum grupo pol\u00edtico dentro do Vasco e n\u00e3o estou apoiando qualquer candidato. Por ter meu nome envolvido com o Webvasco, que \u00e9 um ve\u00edculo independente e que permite toda e qualquer manifesta\u00e7\u00e3o de opini\u00e3o, n\u00e3o irei manifestar apoio a nenhum grupo pol\u00edtico dentro do Vasco, embora seja perfeitamente poss\u00edvel apoiar ideias de qualquer um dos futuros candidatos de forma institucional.<\/p>\n<p style=\"text-align: left;\">Andr\u00e9 Pedro<\/p>\n<p style=\"text-align: left;\">\n<p style=\"text-align: center;\"><a href=\"https:\/\/webvasco.com\/artigos\/wp-content\/uploads\/2013\/12\/2013.12.14-peticao01.jpg\"><img loading=\"lazy\" decoding=\"async\" class=\"size-medium wp-image-720 aligncenter\" alt=\"2013.12.14-peticao01\" src=\"https:\/\/webvasco.com\/artigos\/wp-content\/uploads\/2013\/12\/2013.12.14-peticao01-224x300.jpg\" width=\"224\" height=\"300\" srcset=\"https:\/\/webvasco.com\/artigos\/wp-content\/uploads\/2013\/12\/2013.12.14-peticao01-224x300.jpg 224w, https:\/\/webvasco.com\/artigos\/wp-content\/uploads\/2013\/12\/2013.12.14-peticao01-112x150.jpg 112w, https:\/\/webvasco.com\/artigos\/wp-content\/uploads\/2013\/12\/2013.12.14-peticao01.jpg 620w\" sizes=\"auto, (max-width: 224px) 100vw, 224px\" \/><\/a><\/p>\n<p><a href=\"https:\/\/webvasco.com\/artigos\/wp-content\/uploads\/2013\/12\/2013.12.14-peticao02.jpg\"><img loading=\"lazy\" decoding=\"async\" class=\"aligncenter size-medium wp-image-721\" alt=\"2013.12.14-peticao02\" src=\"https:\/\/webvasco.com\/artigos\/wp-content\/uploads\/2013\/12\/2013.12.14-peticao02-224x300.jpg\" width=\"224\" height=\"300\" srcset=\"https:\/\/webvasco.com\/artigos\/wp-content\/uploads\/2013\/12\/2013.12.14-peticao02-224x300.jpg 224w, https:\/\/webvasco.com\/artigos\/wp-content\/uploads\/2013\/12\/2013.12.14-peticao02-112x150.jpg 112w, https:\/\/webvasco.com\/artigos\/wp-content\/uploads\/2013\/12\/2013.12.14-peticao02.jpg 620w\" sizes=\"auto, (max-width: 224px) 100vw, 224px\" \/><\/a><\/p>\n<p><a href=\"https:\/\/webvasco.com\/artigos\/wp-content\/uploads\/2013\/12\/2013.12.14-peticao03.jpg\"><img loading=\"lazy\" decoding=\"async\" class=\"aligncenter size-medium wp-image-722\" alt=\"2013.12.14-peticao03\" src=\"https:\/\/webvasco.com\/artigos\/wp-content\/uploads\/2013\/12\/2013.12.14-peticao03-224x300.jpg\" width=\"224\" height=\"300\" srcset=\"https:\/\/webvasco.com\/artigos\/wp-content\/uploads\/2013\/12\/2013.12.14-peticao03-224x300.jpg 224w, https:\/\/webvasco.com\/artigos\/wp-content\/uploads\/2013\/12\/2013.12.14-peticao03-112x150.jpg 112w, https:\/\/webvasco.com\/artigos\/wp-content\/uploads\/2013\/12\/2013.12.14-peticao03.jpg 620w\" sizes=\"auto, (max-width: 224px) 100vw, 224px\" \/><\/a><\/p>\n<p>&nbsp;<\/p>\n<p>&nbsp;<\/p>\n","protected":false},"excerpt":{"rendered":"<p>Amigos Vasca\u00ednos, Logo ap\u00f3s a carta do amigo e s\u00f3cio do Vasco, Marcus Simonini, na&#8230;<\/p>\n","protected":false},"author":5,"featured_media":59,"comment_status":"open","ping_status":"closed","sticky":false,"template":"","format":"standard","meta":{"footnotes":""},"categories":[2],"tags":[],"class_list":["post-719","post","type-post","status-publish","format-standard","has-post-thumbnail","hentry","category-andrepedro"],"_links":{"self":[{"href":"https:\/\/webvasco.com\/artigos\/wp-json\/wp\/v2\/posts\/719","targetHints":{"allow":["GET"]}}],"collection":[{"href":"https:\/\/webvasco.com\/artigos\/wp-json\/wp\/v2\/posts"}],"about":[{"href":"https:\/\/webvasco.com\/artigos\/wp-json\/wp\/v2\/types\/post"}],"author":[{"embeddable":true,"href":"https:\/\/webvasco.com\/artigos\/wp-json\/wp\/v2\/users\/5"}],"replies":[{"embeddable":true,"href":"https:\/\/webvasco.com\/artigos\/wp-json\/wp\/v2\/comments?post=719"}],"version-history":[{"count":5,"href":"https:\/\/webvasco.com\/artigos\/wp-json\/wp\/v2\/posts\/719\/revisions"}],"predecessor-version":[{"id":725,"href":"https:\/\/webvasco.com\/artigos\/wp-json\/wp\/v2\/posts\/719\/revisions\/725"}],"wp:featuredmedia":[{"embeddable":true,"href":"https:\/\/webvasco.com\/artigos\/wp-json\/wp\/v2\/media\/59"}],"wp:attachment":[{"href":"https:\/\/webvasco.com\/artigos\/wp-json\/wp\/v2\/media?parent=719"}],"wp:term":[{"taxonomy":"category","embeddable":true,"href":"https:\/\/webvasco.com\/artigos\/wp-json\/wp\/v2\/categories?post=719"},{"taxonomy":"post_tag","embeddable":true,"href":"https:\/\/webvasco.com\/artigos\/wp-json\/wp\/v2\/tags?post=719"}],"curies":[{"name":"wp","href":"https:\/\/api.w.org\/{rel}","templated":true}]}}