{"id":728,"date":"2013-12-15T19:19:10","date_gmt":"2013-12-15T22:19:10","guid":{"rendered":"http:\/\/webvasco.com\/artigos\/?p=728"},"modified":"2013-12-15T22:01:04","modified_gmt":"2013-12-16T01:01:04","slug":"garotinho-pensa-como-adulto-em-relao-ao-vasco","status":"publish","type":"post","link":"https:\/\/webvasco.com\/artigos\/colunistas\/luizcarlosrocha\/garotinho-pensa-como-adulto-em-relao-ao-vasco\/","title":{"rendered":"GAROTINHO PENSA COMO ADULTO EM RELA&Ccedil;&Atilde;O AO VASCO!"},"content":{"rendered":"<p>Dentre os in\u00fameros jornalistas que frequentaram os corredores do Hotel Sofitel, em Copacabana no F\u00f3rum Internacional de Futebol \u2013 Footecon estava Jos\u00e9 Carlos Ara\u00fajo, popularmente conhecido como Garotinho. De crian\u00e7a ele n\u00e3o tem nada. Coerente em sua an\u00e1lise o radialista \u2013 um dos melhores do Brasil \u2013 apontou os erros do presidente vasca\u00edno Roberto Bombinha.<br \/>\nSegundo o verdadeiro Garotinho n\u00e3o s\u00e3o s\u00f3 jogadores que se fazem em casa, treinadores tamb\u00e9m. Disse ainda, que Ga\u00facho era o caminho do sucesso: \u201cA maior derrota do Vasco em minha opini\u00e3o foi \u00e0 demiss\u00e3o do treinador Ga\u00facho. Principalmente da forma que foi. Olha o exemplo do Flamengo que apostou no Jayme de Almeida e aonde chegou\u201d.<br \/>\n\u00c9 da ci\u00eancia de qualquer um do mundo da bola que Roberto Dinamite \u00e9 botafoguense, talvez por isso queira ser uma estrela solit\u00e1ria na administra\u00e7\u00e3o vasca\u00edna. Vejam a cr\u00edtica de Jos\u00e9 Carlos Ara\u00fajo: \u201cO Roberto n\u00e3o sabe trabalhar em equipe, talvez por isso todos tenham o abandonado\u201d.<br \/>\nAinda em rela\u00e7\u00e3o ao Cruzmaltino, o radialista comentou: \u201cVasco e Fluminense (time de cora\u00e7\u00e3o dele) tem de saber tirar proveito da m\u00e1 gest\u00e3o, se n\u00e3o souberem tirar, n\u00e3o voltar\u00e3o ao Grupo de Elite do Futebol Brasileiro\u201d, finalizou Garotinho.<\/p>\n<p>AP\u00d3S AS TODAS AS PARTIDAS DO VASC\u00c3O EM MEU PERFIL DO FACEBOOK (QUEM QUISER RECEBER AS CR\u00d4NICAS DE PRIMEIRA M\u00c3O \u00c9 S\u00d3 ME ADICIONAR), E NOS SITES WEBVASCO (www.webvasco.com), E VASCA\u00cdNOS UNIDOS (www.vascainosunidos.com.br) TEM A OPINI\u00c3O DO JORNALISTA LUIZ CARLOS ROCHA. LEIAM! COMPARTILHEM E CURTAM! VASCA\u00cdNOS UNIDOS JAMAIS SER\u00c3O VENCIDOS.<\/p>\n<div class=\"wp-caption alignleft\" id=\"attachment_729\" style=\"width: 300px;\">\n<p><a href=\"https:\/\/webvasco.com\/artigos\/colunistas\/luizcarlosrocha\/garotinho-pensa-como-adulto-em-relao-ao-vasco\/attachment\/img_0248\/\" rel=\"attachment wp-att-729\"><img loading=\"lazy\" decoding=\"async\" width=\"300\" height=\"225\" class=\"size-medium wp-image-729\" title=\"IMG_0248\" alt=\"\" src=\"https:\/\/webvasco.com\/artigos\/wp-content\/uploads\/2013\/12\/IMG_0248-300x225.jpg\" srcset=\"https:\/\/webvasco.com\/artigos\/wp-content\/uploads\/2013\/12\/IMG_0248-300x225.jpg 300w, https:\/\/webvasco.com\/artigos\/wp-content\/uploads\/2013\/12\/IMG_0248-150x112.jpg 150w, https:\/\/webvasco.com\/artigos\/wp-content\/uploads\/2013\/12\/IMG_0248-1024x768.jpg 1024w\" sizes=\"auto, (max-width: 300px) 100vw, 300px\" \/> <\/a><\/p>\n<p class=\"wp-caption-text\">\n<\/div>\n","protected":false},"excerpt":{"rendered":"<p>Dentre os in\u00fameros jornalistas que frequentaram os corredores do Hotel Sofitel, em Copacabana no F\u00f3rum&#8230;<\/p>\n","protected":false},"author":7,"featured_media":729,"comment_status":"open","ping_status":"closed","sticky":false,"template":"","format":"standard","meta":{"footnotes":""},"categories":[4],"tags":[],"class_list":["post-728","post","type-post","status-publish","format-standard","has-post-thumbnail","hentry","category-luizcarlosrocha"],"_links":{"self":[{"href":"https:\/\/webvasco.com\/artigos\/wp-json\/wp\/v2\/posts\/728","targetHints":{"allow":["GET"]}}],"collection":[{"href":"https:\/\/webvasco.com\/artigos\/wp-json\/wp\/v2\/posts"}],"about":[{"href":"https:\/\/webvasco.com\/artigos\/wp-json\/wp\/v2\/types\/post"}],"author":[{"embeddable":true,"href":"https:\/\/webvasco.com\/artigos\/wp-json\/wp\/v2\/users\/7"}],"replies":[{"embeddable":true,"href":"https:\/\/webvasco.com\/artigos\/wp-json\/wp\/v2\/comments?post=728"}],"version-history":[{"count":3,"href":"https:\/\/webvasco.com\/artigos\/wp-json\/wp\/v2\/posts\/728\/revisions"}],"predecessor-version":[{"id":732,"href":"https:\/\/webvasco.com\/artigos\/wp-json\/wp\/v2\/posts\/728\/revisions\/732"}],"wp:featuredmedia":[{"embeddable":true,"href":"https:\/\/webvasco.com\/artigos\/wp-json\/wp\/v2\/media\/729"}],"wp:attachment":[{"href":"https:\/\/webvasco.com\/artigos\/wp-json\/wp\/v2\/media?parent=728"}],"wp:term":[{"taxonomy":"category","embeddable":true,"href":"https:\/\/webvasco.com\/artigos\/wp-json\/wp\/v2\/categories?post=728"},{"taxonomy":"post_tag","embeddable":true,"href":"https:\/\/webvasco.com\/artigos\/wp-json\/wp\/v2\/tags?post=728"}],"curies":[{"name":"wp","href":"https:\/\/api.w.org\/{rel}","templated":true}]}}