{"id":733,"date":"2013-12-16T12:37:45","date_gmt":"2013-12-16T15:37:45","guid":{"rendered":"http:\/\/webvasco.com\/artigos\/?p=733"},"modified":"2013-12-16T12:49:46","modified_gmt":"2013-12-16T15:49:46","slug":"responsabilidade-solidria","status":"publish","type":"post","link":"https:\/\/webvasco.com\/artigos\/colunistas\/luizcarlosrocha\/responsabilidade-solidria\/","title":{"rendered":"RESPONSABILIDADE SOLID&Aacute;RIA!"},"content":{"rendered":"<p>O treinador do Boavista Sport Club, Am\u00e9rico Faria em entrevista EXCLUSIVA ao Web Vasco, falou ao editor Luiz Carlos Rocha que Roberto Dinamite n\u00e3o errou sozinho: \u201cNormalmente quando as coisas n\u00e3o d\u00e3o certo queremos achar um culpado. Dinamite n\u00e3o tem culpa sozinho. N\u00e3o administra o Vasco sem assessores\u201d.<br \/>\nO comandante garantiu tamb\u00e9m que h\u00e1 luz no fim do t\u00fanel: \u201c\u00c9 uma excelente oportunidade para se reerguer. Reformular os conceitos. Refletir as t\u00e9cnicas. Existe sa\u00edda para a crise. \u00c9 o caso de pensar e consertar\u201d, explicou.<br \/>\nCom vasta experi\u00eancia no segmento do futebol, pois \u00e9 ex-diretor de sele\u00e7\u00f5es da Confedera\u00e7\u00e3o Brasileira de Futebol-CBF, tem propriedade para avaliar o momento carioca: \u201cPor incr\u00edvel que pare\u00e7a o Rio de Janeiro n\u00e3o est\u00e1 ruim. Embora dois times tenham ca\u00eddo para a Segunda Divis\u00e3o no Campeonato Brasileiro, teremos tamb\u00e9m dois times nos representando na Copa Libertadores da Am\u00e9rica\u201d, analisou Am\u00e9rico Faria.<br \/>\nAinda citando o Vasco da Gama, o professor Am\u00e9rico apontou a grandeza do clube, e mostrou torcer por um final feliz: \u201cO Vasco \u00e9 um dos maiores times do Brasil. Tem uma hist\u00f3ria linda. Um imensa torcida (e Bem Feliz n\u00e3o \u00e9 professor?). N\u00e3o tenho a menor d\u00favida que dar\u00e1 a volta por cima, e se recolocar\u00e1 no lugar que merece, na Primeira Divis\u00e3o\u201d. Para isso basta termos bem longe de S\u00e3o Janu\u00e1rio o presidente Roberto Bombinha e seus incompetentes subordinados.<\/p>\n<p>AP\u00d3S AS TODAS AS PARTIDAS DO VASC\u00c3O EM MEU PERFIL DO FACEBOOK (QUEM QUISER RECEBER AS CR\u00d4NICAS DE PRIMEIRA M\u00c3O \u00c9 S\u00d3 ME ADICIONAR), E NOS SITES WEBVASCO (www.webvasco.com), E VASCA\u00cdNOS UNIDOS (www.vascainosunidos.com.br) TEM A OPINI\u00c3O DO JORNALISTA LUIZ CARLOS ROCHA. LEIAM! COMPARTILHEM E CURTAM! VASCA\u00cdNOS UNIDOS JAMAIS SER\u00c3O VENCIDOS.<\/p>\n<div class=\"wp-caption alignleft\" id=\"attachment_734\" style=\"width: 300px;\">\n<p><a href=\"https:\/\/webvasco.com\/artigos\/colunistas\/luizcarlosrocha\/responsabilidade-solidria\/attachment\/img_0249\/\" rel=\"attachment wp-att-734\"><img loading=\"lazy\" decoding=\"async\" width=\"300\" height=\"225\" class=\"size-medium wp-image-734\" title=\"IMG_0249\" alt=\"\" src=\"https:\/\/webvasco.com\/artigos\/wp-content\/uploads\/2013\/12\/IMG_0249-300x225.jpg\" srcset=\"https:\/\/webvasco.com\/artigos\/wp-content\/uploads\/2013\/12\/IMG_0249-300x225.jpg 300w, https:\/\/webvasco.com\/artigos\/wp-content\/uploads\/2013\/12\/IMG_0249-150x112.jpg 150w, https:\/\/webvasco.com\/artigos\/wp-content\/uploads\/2013\/12\/IMG_0249-1024x768.jpg 1024w\" sizes=\"auto, (max-width: 300px) 100vw, 300px\" \/> <\/a><\/p>\n<p class=\"wp-caption-text\">\n<\/div>\n<div class=\"wp-caption alignleft\" id=\"attachment_735\" style=\"width: 300px;\">\n<p><a href=\"https:\/\/webvasco.com\/artigos\/colunistas\/luizcarlosrocha\/responsabilidade-solidria\/attachment\/img_0250\/\" rel=\"attachment wp-att-735\"><img loading=\"lazy\" decoding=\"async\" width=\"300\" height=\"225\" class=\"size-medium wp-image-735\" title=\"IMG_0250\" alt=\"\" src=\"https:\/\/webvasco.com\/artigos\/wp-content\/uploads\/2013\/12\/IMG_0250-300x225.jpg\" srcset=\"https:\/\/webvasco.com\/artigos\/wp-content\/uploads\/2013\/12\/IMG_0250-300x225.jpg 300w, https:\/\/webvasco.com\/artigos\/wp-content\/uploads\/2013\/12\/IMG_0250-150x112.jpg 150w, https:\/\/webvasco.com\/artigos\/wp-content\/uploads\/2013\/12\/IMG_0250-1024x768.jpg 1024w\" sizes=\"auto, (max-width: 300px) 100vw, 300px\" \/> <\/a><\/p>\n<p class=\"wp-caption-text\">\n<\/div>\n","protected":false},"excerpt":{"rendered":"<p>O treinador do Boavista Sport Club, Am\u00e9rico Faria em entrevista EXCLUSIVA ao Web Vasco, falou&#8230;<\/p>\n","protected":false},"author":7,"featured_media":734,"comment_status":"open","ping_status":"closed","sticky":false,"template":"","format":"standard","meta":{"footnotes":""},"categories":[4],"tags":[],"class_list":["post-733","post","type-post","status-publish","format-standard","has-post-thumbnail","hentry","category-luizcarlosrocha"],"_links":{"self":[{"href":"https:\/\/webvasco.com\/artigos\/wp-json\/wp\/v2\/posts\/733","targetHints":{"allow":["GET"]}}],"collection":[{"href":"https:\/\/webvasco.com\/artigos\/wp-json\/wp\/v2\/posts"}],"about":[{"href":"https:\/\/webvasco.com\/artigos\/wp-json\/wp\/v2\/types\/post"}],"author":[{"embeddable":true,"href":"https:\/\/webvasco.com\/artigos\/wp-json\/wp\/v2\/users\/7"}],"replies":[{"embeddable":true,"href":"https:\/\/webvasco.com\/artigos\/wp-json\/wp\/v2\/comments?post=733"}],"version-history":[{"count":3,"href":"https:\/\/webvasco.com\/artigos\/wp-json\/wp\/v2\/posts\/733\/revisions"}],"predecessor-version":[{"id":738,"href":"https:\/\/webvasco.com\/artigos\/wp-json\/wp\/v2\/posts\/733\/revisions\/738"}],"wp:featuredmedia":[{"embeddable":true,"href":"https:\/\/webvasco.com\/artigos\/wp-json\/wp\/v2\/media\/734"}],"wp:attachment":[{"href":"https:\/\/webvasco.com\/artigos\/wp-json\/wp\/v2\/media?parent=733"}],"wp:term":[{"taxonomy":"category","embeddable":true,"href":"https:\/\/webvasco.com\/artigos\/wp-json\/wp\/v2\/categories?post=733"},{"taxonomy":"post_tag","embeddable":true,"href":"https:\/\/webvasco.com\/artigos\/wp-json\/wp\/v2\/tags?post=733"}],"curies":[{"name":"wp","href":"https:\/\/api.w.org\/{rel}","templated":true}]}}