{"id":739,"date":"2013-12-18T12:56:20","date_gmt":"2013-12-18T15:56:20","guid":{"rendered":"http:\/\/webvasco.com\/artigos\/?p=739"},"modified":"2013-12-18T13:07:48","modified_gmt":"2013-12-18T16:07:48","slug":"vasco-caiu-feio","status":"publish","type":"post","link":"https:\/\/webvasco.com\/artigos\/colunistas\/luizcarlosrocha\/vasco-caiu-feio\/","title":{"rendered":"VASCO CAIU FEIO!"},"content":{"rendered":"<p>Somando a situa\u00e7\u00e3o de crise que vive o Gigante da Colina ao misticismo de M\u00e1rio Jorge Lobo Zagallo, pude encontrar com exatas 13 letras o t\u00edtulo desta mat\u00e9ria. Mas n\u00e3o \u00e9 s\u00f3. Durante o X F\u00f3rum Internacional de Futebol, o velho Lobo em ENTREVISTA EXCLUSIVA AO WEB VASCO apontou pontos negativos e positivos vividos pelo Cruzmaltino na gest\u00e3o Roberto Bombinha.<br \/>\nA frase de maior efeito de todos os tempos dita por ele \u00e9 a famosa: Voc\u00eas v\u00e3o ter de me engolir! Diante da oportunidade de perguntar, certamente indaguei ao treinador o que o clube deveria digerir em 2014, e ouvi: \u201cO Vasco tem de engolir a Segunda Divis\u00e3o para ter de voltar para a Primeira com dignidade\u201d, em outras palavras vergonha na cara que o Florminense n\u00e3o teve.<br \/>\nNo que tange a administra\u00e7\u00e3o, n\u00e3o precisa ser gestor ou mesmo especialista para saber que vai de p\u00e9ssimo para pior. Mais um concordou comigo: \u201cPrecisa melhorar muito para poder voltar. Um clube se faz com administra\u00e7\u00e3o e planejamento. Um nome como Vasco da Gama tem peso no cen\u00e1rio futebol\u00edstico. Times grandes n\u00e3o podem ter administra\u00e7\u00f5es pequenas\u201d, disparou Zagallo.<br \/>\nCom uma carreira vitoriosa \u00edmpar e inquestion\u00e1vel M\u00e1rio Jorge ainda completou com uma an\u00e1lise de cunho estrat\u00e9gico, e, sobretudo, eficaz: \u201cEu gosto muito do Vasco, espero que acerte alguns pontos extracampo, para que depois o conserto chegue at\u00e9 as quatro linhas e a partir da\u00ed fazer uma campanha boa, a fim de voltar ainda mais forte para a Elite do futebol brasileiro. Hoje infelizmente o cl\u00e1ssico de maior rivalidade no Campeonato Brasileiro para a pr\u00f3xima temporada ser\u00e1 Botafogo e Flamengo, quando na verdade o principal jogo seria Vasco e Flamengo. Ali\u00e1s, o cl\u00e1ssico dos milh\u00f5es \u00e9 uma das principais partidas do pa\u00eds\u201d.<br \/>\nQuanto ao comando do plantel: \u201cN\u00e3o posso citar sem pensar com cuidado o nome do treinador ideal para reformular o futebol do Vasco. \u00c9 dif\u00edcil citar um no meio de tantos bons profissionais que temos no Brasil. Mas posso dizer que o Adilson (Batista) \u00e9 bom\u201d. O antigo Banco tinha um jingle assim: O tempo passa, o tempo voa, e a poupan\u00e7a Bamerindus continua numa boa\u201d. Com Zagallo n\u00e3o \u00e9 diferente. Por mais que os anos passem o treinador sabe cada dia mais sobre futebol e seu lado m\u00edstico o acompanha: \u201cO ponto mais negativo do Vasco ser rebaixado este ano foi por ser em 2013\u201d&#8230;<\/p>\n<p>AP\u00d3S AS TODAS AS PARTIDAS DO VASC\u00c3O EM MEU PERFIL DO FACEBOOK (QUEM QUISER RECEBER AS CR\u00d4NICAS DE PRIMEIRA M\u00c3O \u00c9 S\u00d3 ME ADICIONAR), E NOS SITES WEBVASCO (www.webvasco.com), E VASCA\u00cdNOS UNIDOS (www.vascainosunidos.com.br) TEM A OPINI\u00c3O DO JORNALISTA LUIZ CARLOS ROCHA. LEIAM! COMPARTILHEM E CURTAM! VASCA\u00cdNOS UNIDOS JAMAIS SER\u00c3O VENCIDOS.<\/p>\n<div class=\"wp-caption alignleft\" id=\"attachment_740\" style=\"width: 300px;\">\n<p><a href=\"https:\/\/webvasco.com\/artigos\/colunistas\/luizcarlosrocha\/vasco-caiu-feio\/attachment\/dsc_0763\/\" rel=\"attachment wp-att-740\"><img loading=\"lazy\" decoding=\"async\" width=\"300\" height=\"168\" class=\"size-medium wp-image-740\" title=\"DSC_0763\" alt=\"\" src=\"https:\/\/webvasco.com\/artigos\/wp-content\/uploads\/2013\/12\/DSC_0763-300x168.jpg\" srcset=\"https:\/\/webvasco.com\/artigos\/wp-content\/uploads\/2013\/12\/DSC_0763-300x168.jpg 300w, https:\/\/webvasco.com\/artigos\/wp-content\/uploads\/2013\/12\/DSC_0763-150x84.jpg 150w, https:\/\/webvasco.com\/artigos\/wp-content\/uploads\/2013\/12\/DSC_0763-1024x576.jpg 1024w\" sizes=\"auto, (max-width: 300px) 100vw, 300px\" \/> <\/a><\/p>\n<p class=\"wp-caption-text\">\n<\/div>\n<div class=\"wp-caption alignleft\" id=\"attachment_741\" style=\"width: 300px;\">\n<p><a href=\"https:\/\/webvasco.com\/artigos\/colunistas\/luizcarlosrocha\/vasco-caiu-feio\/attachment\/dsc_0764\/\" rel=\"attachment wp-att-741\"><img loading=\"lazy\" decoding=\"async\" width=\"300\" height=\"168\" class=\"size-medium wp-image-741\" title=\"DSC_0764\" alt=\"\" src=\"https:\/\/webvasco.com\/artigos\/wp-content\/uploads\/2013\/12\/DSC_0764-300x168.jpg\" srcset=\"https:\/\/webvasco.com\/artigos\/wp-content\/uploads\/2013\/12\/DSC_0764-300x168.jpg 300w, https:\/\/webvasco.com\/artigos\/wp-content\/uploads\/2013\/12\/DSC_0764-150x84.jpg 150w, https:\/\/webvasco.com\/artigos\/wp-content\/uploads\/2013\/12\/DSC_0764-1024x576.jpg 1024w\" sizes=\"auto, (max-width: 300px) 100vw, 300px\" \/> <\/a><\/p>\n<p class=\"wp-caption-text\">\n<\/div>\n<div class=\"wp-caption alignleft\" id=\"attachment_742\" style=\"width: 300px;\">\n<p><a href=\"https:\/\/webvasco.com\/artigos\/colunistas\/luizcarlosrocha\/vasco-caiu-feio\/attachment\/dsc_0765\/\" rel=\"attachment wp-att-742\"><img loading=\"lazy\" decoding=\"async\" width=\"300\" height=\"168\" class=\"size-medium wp-image-742\" title=\"DSC_0765\" alt=\"\" src=\"https:\/\/webvasco.com\/artigos\/wp-content\/uploads\/2013\/12\/DSC_0765-300x168.jpg\" srcset=\"https:\/\/webvasco.com\/artigos\/wp-content\/uploads\/2013\/12\/DSC_0765-300x168.jpg 300w, https:\/\/webvasco.com\/artigos\/wp-content\/uploads\/2013\/12\/DSC_0765-150x84.jpg 150w, https:\/\/webvasco.com\/artigos\/wp-content\/uploads\/2013\/12\/DSC_0765-1024x576.jpg 1024w\" sizes=\"auto, (max-width: 300px) 100vw, 300px\" \/> <\/a><\/p>\n<p class=\"wp-caption-text\">\n<\/div>\n<div class=\"wp-caption alignleft\" id=\"attachment_743\" style=\"width: 300px;\">\n<p><a href=\"https:\/\/webvasco.com\/artigos\/colunistas\/luizcarlosrocha\/vasco-caiu-feio\/attachment\/dsc_0766\/\" rel=\"attachment wp-att-743\"><img loading=\"lazy\" decoding=\"async\" width=\"300\" height=\"168\" class=\"size-medium wp-image-743\" title=\"DSC_0766\" alt=\"\" src=\"https:\/\/webvasco.com\/artigos\/wp-content\/uploads\/2013\/12\/DSC_0766-300x168.jpg\" srcset=\"https:\/\/webvasco.com\/artigos\/wp-content\/uploads\/2013\/12\/DSC_0766-300x168.jpg 300w, https:\/\/webvasco.com\/artigos\/wp-content\/uploads\/2013\/12\/DSC_0766-150x84.jpg 150w, https:\/\/webvasco.com\/artigos\/wp-content\/uploads\/2013\/12\/DSC_0766-1024x576.jpg 1024w\" sizes=\"auto, (max-width: 300px) 100vw, 300px\" \/> <\/a><\/p>\n<p class=\"wp-caption-text\">\n<\/div>\n<div class=\"wp-caption alignleft\" id=\"attachment_744\" style=\"width: 300px;\">\n<p><a href=\"https:\/\/webvasco.com\/artigos\/colunistas\/luizcarlosrocha\/vasco-caiu-feio\/attachment\/img_0258\/\" rel=\"attachment wp-att-744\"><img loading=\"lazy\" decoding=\"async\" width=\"300\" height=\"225\" class=\"size-medium wp-image-744\" title=\"IMG_0258\" alt=\"\" src=\"https:\/\/webvasco.com\/artigos\/wp-content\/uploads\/2013\/12\/IMG_0258-300x225.jpg\" srcset=\"https:\/\/webvasco.com\/artigos\/wp-content\/uploads\/2013\/12\/IMG_0258-300x225.jpg 300w, https:\/\/webvasco.com\/artigos\/wp-content\/uploads\/2013\/12\/IMG_0258-150x112.jpg 150w, https:\/\/webvasco.com\/artigos\/wp-content\/uploads\/2013\/12\/IMG_0258-1024x768.jpg 1024w\" sizes=\"auto, (max-width: 300px) 100vw, 300px\" \/> <\/a><\/p>\n<p class=\"wp-caption-text\">\n<\/div>\n","protected":false},"excerpt":{"rendered":"<p>Somando a situa\u00e7\u00e3o de crise que vive o Gigante da Colina ao misticismo de M\u00e1rio&#8230;<\/p>\n","protected":false},"author":7,"featured_media":740,"comment_status":"open","ping_status":"closed","sticky":false,"template":"","format":"standard","meta":{"footnotes":""},"categories":[4],"tags":[],"class_list":["post-739","post","type-post","status-publish","format-standard","has-post-thumbnail","hentry","category-luizcarlosrocha"],"_links":{"self":[{"href":"https:\/\/webvasco.com\/artigos\/wp-json\/wp\/v2\/posts\/739","targetHints":{"allow":["GET"]}}],"collection":[{"href":"https:\/\/webvasco.com\/artigos\/wp-json\/wp\/v2\/posts"}],"about":[{"href":"https:\/\/webvasco.com\/artigos\/wp-json\/wp\/v2\/types\/post"}],"author":[{"embeddable":true,"href":"https:\/\/webvasco.com\/artigos\/wp-json\/wp\/v2\/users\/7"}],"replies":[{"embeddable":true,"href":"https:\/\/webvasco.com\/artigos\/wp-json\/wp\/v2\/comments?post=739"}],"version-history":[{"count":3,"href":"https:\/\/webvasco.com\/artigos\/wp-json\/wp\/v2\/posts\/739\/revisions"}],"predecessor-version":[{"id":747,"href":"https:\/\/webvasco.com\/artigos\/wp-json\/wp\/v2\/posts\/739\/revisions\/747"}],"wp:featuredmedia":[{"embeddable":true,"href":"https:\/\/webvasco.com\/artigos\/wp-json\/wp\/v2\/media\/740"}],"wp:attachment":[{"href":"https:\/\/webvasco.com\/artigos\/wp-json\/wp\/v2\/media?parent=739"}],"wp:term":[{"taxonomy":"category","embeddable":true,"href":"https:\/\/webvasco.com\/artigos\/wp-json\/wp\/v2\/categories?post=739"},{"taxonomy":"post_tag","embeddable":true,"href":"https:\/\/webvasco.com\/artigos\/wp-json\/wp\/v2\/tags?post=739"}],"curies":[{"name":"wp","href":"https:\/\/api.w.org\/{rel}","templated":true}]}}