{"id":748,"date":"2013-12-18T23:52:08","date_gmt":"2013-12-19T02:52:08","guid":{"rendered":"http:\/\/webvasco.com\/artigos\/?p=748"},"modified":"2013-12-19T08:37:08","modified_gmt":"2013-12-19T11:37:08","slug":"no-estudou-tomou-bomba","status":"publish","type":"post","link":"https:\/\/webvasco.com\/artigos\/colunistas\/luizcarlosrocha\/no-estudou-tomou-bomba\/","title":{"rendered":"N&Atilde;O ESTUDOU TOMOU BOMBA!"},"content":{"rendered":"<p>Quem quando crian\u00e7a n\u00e3o escutou a m\u00e3e dizer: \u201cGaroto vai estudar, o fim do ano letivo est\u00e1 se aproximando e pelo que estou vendo voc\u00ea vai tomar bomba?\u201d Pois \u00e9. Foi o que aconteceu com o presidente do Vasco da Gama, Roberto Dinamite! Assim definiu Marcelo Gon\u00e7alves Costa Lopes.<br \/>\nConhecido apenas como Gon\u00e7alves, o ex-zagueiro explicou que faltou cultura ao cartola vasca\u00edno: \u201cNa Europa os \u00eddolos s\u00e3o preparados para assumirem cargos importantes nos clubes. Aqui no Brasil os \u00eddolos viram gestores aos trancos e barrancos. Movidos apenas pela vaidade\u201d. Ainda recriminou o mandat\u00e1rio: \u201cO gestor Roberto manchou a imagem do \u00eddolo Roberto Dinamite&#8221;.<br \/>\nMas o defensor n\u00e3o acha que Roberto Bombinha seja \u00fanico respons\u00e1vel pela maior crise do Gigante da Colina em toda a sua hist\u00f3ria: \u201cN\u00e3o acho que ele (Dinamite) \u00e9 culpado sozinho. Quem est\u00e1 ao lado dele tamb\u00e9m tem culpa\u201d.<br \/>\nPara Gon\u00e7alves o Vasco est\u00e1 apequenado: \u201cA estrutura do clube precisa crescer de acordo com o tamanho do Vasco. Sei que o momento \u00e9 complicado em fun\u00e7\u00e3o do rebaixamento, mas um Gigante tem perfeitas condi\u00e7\u00f5es de voltar, basta querer!\u201d. O que o ex-atleta n\u00e3o observou \u00e9 a vontade dos que l\u00e1 est\u00e3o. Ou seja, talvez n\u00e3o queiram evoluir.<br \/>\nTamanho \u00e9 o desprest\u00edgio vasca\u00edno, que perguntei se algum zagueiro do plantel entre titulares e reservas jogaria no time do Gon\u00e7alves e tive a impressionante resposta que n\u00e3o: \u201cEmbora o Cris tenha um bom hist\u00f3rico, nenhum zagueiro do Vasco eu escalaria em minha equipe\u201d, concluiu o campe\u00e3o brasileiro de 1995.<\/p>\n<p>AP\u00d3S AS TODAS AS PARTIDAS DO VASC\u00c3O EM MEU PERFIL DO FACEBOOK (QUEM QUISER RECEBER AS CR\u00d4NICAS DE PRIMEIRA M\u00c3O \u00c9 S\u00d3 ME ADICIONAR), E NOS SITES WEBVASCO (www.webvasco.com), E VASCA\u00cdNOS UNIDOS (www.vascainosunidos.com.br) TEM A OPINI\u00c3O DO JORNALISTA LUIZ CARLOS ROCHA. LEIAM! COMPARTILHEM E CURTAM! VASCA\u00cdNOS UNIDOS JAMAIS SER\u00c3O VENCIDOS.<\/p>\n<p><a href=\"https:\/\/webvasco.com\/artigos\/wp-content\/uploads\/2013\/12\/1526746_564758220281740_725280575_n.jpg\"><img loading=\"lazy\" decoding=\"async\" class=\"aligncenter size-medium wp-image-750\" alt=\"1526746_564758220281740_725280575_n\" src=\"https:\/\/webvasco.com\/artigos\/wp-content\/uploads\/2013\/12\/1526746_564758220281740_725280575_n-300x225.jpg\" width=\"300\" height=\"225\" srcset=\"https:\/\/webvasco.com\/artigos\/wp-content\/uploads\/2013\/12\/1526746_564758220281740_725280575_n-300x225.jpg 300w, https:\/\/webvasco.com\/artigos\/wp-content\/uploads\/2013\/12\/1526746_564758220281740_725280575_n-150x112.jpg 150w, https:\/\/webvasco.com\/artigos\/wp-content\/uploads\/2013\/12\/1526746_564758220281740_725280575_n.jpg 960w\" sizes=\"auto, (max-width: 300px) 100vw, 300px\" \/><\/a><\/p>\n","protected":false},"excerpt":{"rendered":"<p>Quem quando crian\u00e7a n\u00e3o escutou a m\u00e3e dizer: \u201cGaroto vai estudar, o fim do ano&#8230;<\/p>\n","protected":false},"author":7,"featured_media":58,"comment_status":"open","ping_status":"closed","sticky":false,"template":"","format":"standard","meta":{"footnotes":""},"categories":[4],"tags":[],"class_list":["post-748","post","type-post","status-publish","format-standard","has-post-thumbnail","hentry","category-luizcarlosrocha"],"_links":{"self":[{"href":"https:\/\/webvasco.com\/artigos\/wp-json\/wp\/v2\/posts\/748","targetHints":{"allow":["GET"]}}],"collection":[{"href":"https:\/\/webvasco.com\/artigos\/wp-json\/wp\/v2\/posts"}],"about":[{"href":"https:\/\/webvasco.com\/artigos\/wp-json\/wp\/v2\/types\/post"}],"author":[{"embeddable":true,"href":"https:\/\/webvasco.com\/artigos\/wp-json\/wp\/v2\/users\/7"}],"replies":[{"embeddable":true,"href":"https:\/\/webvasco.com\/artigos\/wp-json\/wp\/v2\/comments?post=748"}],"version-history":[{"count":2,"href":"https:\/\/webvasco.com\/artigos\/wp-json\/wp\/v2\/posts\/748\/revisions"}],"predecessor-version":[{"id":749,"href":"https:\/\/webvasco.com\/artigos\/wp-json\/wp\/v2\/posts\/748\/revisions\/749"}],"wp:featuredmedia":[{"embeddable":true,"href":"https:\/\/webvasco.com\/artigos\/wp-json\/wp\/v2\/media\/58"}],"wp:attachment":[{"href":"https:\/\/webvasco.com\/artigos\/wp-json\/wp\/v2\/media?parent=748"}],"wp:term":[{"taxonomy":"category","embeddable":true,"href":"https:\/\/webvasco.com\/artigos\/wp-json\/wp\/v2\/categories?post=748"},{"taxonomy":"post_tag","embeddable":true,"href":"https:\/\/webvasco.com\/artigos\/wp-json\/wp\/v2\/tags?post=748"}],"curies":[{"name":"wp","href":"https:\/\/api.w.org\/{rel}","templated":true}]}}