{"id":753,"date":"2013-12-19T11:44:34","date_gmt":"2013-12-19T14:44:34","guid":{"rendered":"http:\/\/webvasco.com\/artigos\/?p=753"},"modified":"2013-12-19T12:00:04","modified_gmt":"2013-12-19T15:00:04","slug":"olavo-v-eleio-antecipada-muito-possvel-e-quer-definir-data-em-janeiro-2","status":"publish","type":"post","link":"https:\/\/webvasco.com\/artigos\/colunistas\/marcus-simonini\/olavo-v-eleio-antecipada-muito-possvel-e-quer-definir-data-em-janeiro-2\/","title":{"rendered":"Olavo v&ecirc; elei&ccedil;&atilde;o antecipada &#8216;muito poss&iacute;vel&#8217; e quer definir data em janeiro"},"content":{"rendered":"<div>\n<div dir='ltr'>&nbsp;<\/p>\n<div>\n<div>\n<div id=\"ecxglb-corpo\">\n<div class=\"ecxglb-conteudo ecxconteudo-megabanner\">\n<div class=\"ecxglb-bloco\">\n<div class=\"ecxglb-grid-8\">\n<div id=\"ecxglb-materia\" class=\"ecxhfeed ecxhentry\">\n<h1 class=\"ecxentry-title\" align=\"justify\">Olavo v\u00ea elei\u00e7\u00e3o  antecipada &#8216;muito poss\u00edvel&#8217; e quer definir data em janeiro<\/h1>\n<h2 class=\"ecxmateria-titulo\" align=\"justify\"><font color=\"#808080\">Em conversa com os torcedores, presidente da Assembleia Geral do  Vasco \u00e9 mais categ\u00f3rico sobre possibilidade e se diz preocupado com Dinamite:  &#8216;Est\u00e1 muito abatido&#8217;<\/font><\/h2>\n<div class=\"ecxmateria-assinatura\" align=\"justify\">\n<p class=\"ecxvcard ecxauthor\"><strong><font color=\"#0000ff\">Por GloboEsporte.com | <span class=\"ecxadr\"><span class=\"ecxlocality\">Rio de  Janeiro<\/span><\/span><\/font><\/strong><\/p>\n<\/div>\n<div id=\"ecxfb-root\" class=\"ecx ecxfb_reset\" align=\"justify\"><font size=\"2\" face=\"Arial\"><\/font>&nbsp;<\/div>\n<div class=\"ecxcorpo-conteudo\">\n<div align=\"justify\">\n<div style=\"width: 320px;\" id=\"ecxed0ce867-fb63-5e41-e45d-9e457b32d301\" class=\"ecxfoto ecxcomponente-conteudo\"><img loading=\"lazy\" decoding=\"async\" title=\"Olavo Monteiro de Carvalho - presidente da Assembleia Geral (Foto: Raphael Zarko)\" alt=\"Olavo Monteiro de Carvalho - presidente da Assembleia Geral (Foto: Raphael Zarko)\" src=\"http&#58;\/\/s2.glbimg.com\/WJlxAk-DZgJMBqpzqtjEIaGeONU&#61;\/63x0&#58;1281x875\/320x230\/s.glbimg.com\/es\/ge\/f\/original\/2013\/12\/17\/olavomonteiro-raphaelzarko.jpg\" width=\"320\" height=\"230\"\/><font color=\"#800000\">Olavo Monteiro foi abordado por  torcedores na sa\u00edda de um tribunal no Rio, na ter\u00e7a-feira (Foto: Raphael  Zarko)<\/font><\/div>\n<\/div>\n<p align=\"justify\">O tom de d\u00favida no pronunciamento para a imprensa ganhou  contornos de contund\u00eancia nas palavras para a torcida. Na \u00faltima ter\u00e7a-feira,  ap\u00f3s ser sucinto \u00e0s perguntas dos jornalistas na sa\u00edda da 37\u00aa Vara C\u00edvel do  Tribunal de Justi\u00e7a do Rio de Janeiro, o presidente da Assembleia Geral do  clube, Olavo Monteiro de Carvalho, foi abordado tamb\u00e9m por vasca\u00ednos.  <strong><font color=\"#800000\">Ao parar para conversar com o grupo, um deles gravou  o di\u00e1logo e publicou nas redes sociais.<\/font><\/strong> No v\u00eddeo, o empres\u00e1rio  foi mais categ\u00f3rico sobre a possibilidade de antecipar a elei\u00e7\u00e3o do clube,  prevista para o meio de 2014, e falou em definir datas para o pleito j\u00e1 no  princ\u00edpio de janeiro.<\/p>\n<p align=\"justify\">&#8211; \u00c9 uma alternativa muito v\u00e1lida. Vamos fazer tudo isso com  calma, sem tumulto. De acordo com o estatuto, vamos fazer o que for melhor para  o Vasco. Acho que a antecipa\u00e7\u00e3o de elei\u00e7\u00e3o \u00e9 muito poss\u00edvel. At\u00e9 a primeira  semana de janeiro vamos decidir a data das elei\u00e7\u00f5es. N\u00f3s somos torcida tamb\u00e9m. A  gente sofre da mesma maneira. Acho que foi a pior semana da nossa vida, vou te  contar, depois daquele domingo (que decretou o rebaixamento do  Cruz-Maltino).<\/p>\n<p align=\"justify\"><strong><font color=\"#0000ff\"><em>&#8220;O Roberto (Dinamite) est\u00e1 com  um clima muito dif\u00edcil. A gente tem tamb\u00e9m que pensar nele, pois \u00e9 um cara que  se sacrificou, botou a cara ali para atender nossos pedidos. Ele est\u00e1 estudando  o que \u00e9 melhor para o Vasco.&#8221;<\/em><\/font><\/strong><\/p>\n<div class=\"ecxautor\" align=\"justify\"><strong><font color=\"#0000ff\">Olavo Monteiro de  Carvalho,<br \/>presidente da Assembleia Geral do Vasco<br \/><\/font><\/strong><\/div>\n<p align=\"justify\">Olavo tamb\u00e9m se mostrou preocupado com o momento vivido por  Roberto Dinamite no comando do Vasco. Questionado pelos torcedores se o atual  presidente \u00e9 favor\u00e1vel a antecipar as elei\u00e7\u00f5es, o empres\u00e1rio respondeu que o  mandat\u00e1rio ainda est\u00e1 avaliando o que deve ser feito para n\u00e3o prejudicar o  in\u00edcio da temporada de 2014.<\/p>\n<p>&#8211; Ele est\u00e1 muito abatido. O Roberto est\u00e1 com  um clima muito dif\u00edcil. A gente tem tamb\u00e9m que pensar nele, pois \u00e9 um cara que  se sacrificou, botou a cara dele ali para atender nossos pedidos&#8230;. Ele est\u00e1  estudando o que \u00e9 melhor para o Vasco. Temos um campeonato carioca aqui e agora.  A elei\u00e7\u00e3o precisa de 60 dias, pelo menos. Como a gente faz? Temos que nos  fortalecer, fazer um bom papel no Carioca.<\/p>\n<p align=\"justify\">O presidente da Assembleia Geral atribuiu o momento atual do  Vasco a uma d\u00edvida maior do que o esperado, disse que o clube teria &#8220;quebrado&#8221;  se n\u00e3o fosse a venda de jogadores e que Dinamite errou ao esconder a crise  financeira da imprensa.<\/p>\n<p align=\"justify\">&#8211; N\u00e3o podemos esquecer que o Vasco tem heran\u00e7a de gest\u00f5es  passadas, uma d\u00edvida quase que incontrol\u00e1vel. Essa foi a principal causa de  nossa derrocada nesse ano. Apareceu muito esqueleto. A d\u00edvida era muito maior do  que imagin\u00e1vamos. A \u00fanica receita que entrou durante o ano foi com venda de  jogador. Sen\u00e3o, a gente j\u00e1 tinha quebrado e fechado o clube. Ele (Dinamite) quis  poupar, achou que n\u00e3o seria bom para a imagem do Vasco, mas foi um erro. Deveria  ter chegado e dito \u201ca situa\u00e7\u00e3o \u00e9 essa.<\/p>\n<p align=\"justify\"><font size=\"4\"><strong>Olavo: rescis\u00e3o da Nissan foi pedido do  Jap\u00e3o<\/strong><\/p>\n<p><\/font>Olavo tamb\u00e9m foi questionado pelos vasca\u00ednos a  respeito da <a href=\"http:\/\/globoesporte.globo.com\/futebol\/times\/vasco\/noticia\/2013\/12\/nissa-rompe-contrato-com-o-vasco-apos-atos-de-violencia-da-torcida.html\" target=\"_blank\"><strong><font color=\"#3ea909\">rescis\u00e3o de contrato da  Nissan<\/font><\/strong><\/a>, que era uma das patrocinadoras da equipe. O  empres\u00e1rio se disse surpreendido, falou que a decis\u00e3o foi tomada pela matriz da  montadora japonesa e alegou n\u00e3o acreditar na hip\u00f3tese de que o rompimento tenha  sido tomada em fun\u00e7\u00e3o do rebaixamento do Vasco.<\/p>\n<p>&#8211; Fui surpreendido, n\u00e3o  esperava isso deles, n\u00e3o li a carta, a justificativa deles. Acho que \u00e9 uma  decis\u00e3o da matriz l\u00e1 no Jap\u00e3o. Por tr\u00e1s disso tudo tem um problema de d\u00e9ficit.  Eles est\u00e3o gastando muito dinheiro nas Olimp\u00edadas. Isso eles j\u00e1 tinha me dito:  iam fazer esse esfor\u00e7o pelo Vasco.<\/p>\n<p> <font size=\"2\" face=\"Arial\"><strong><font color=\"#800000\" size=\"3\">FONTE:<\/font><\/strong> <a href=\"http:\/\/globoesporte.globo.com\/futebol\/times\/vasco\/noticia\/2013\/12\/olavo-ve-eleicao-antecipada-muito-possivel-e-quer-definir-data-em-janeiro.html\" target=\"_blank\"><\/a><a href=\"http:\/\/globoesporte.globo.com\/futebol\/times\/vasco\/noticia\/2013\/12\/olavo-ve-eleicao-antecipada-muito-possivel-e-quer-definir-data-em-janeiro.html\" >http:\/\/globoesporte.globo.com\/futebol\/times\/vasco\/noticia\/2013\/12\/olavo-ve-eleicao-antecipada-muito-possivel-e-quer-definir-data-em-janeiro.html<\/a><\/font><\/div>\n<\/div>\n<\/div>\n<\/div>\n<\/div>\n<\/div>\n<\/div>\n<\/div><\/div>\n<\/div>\n<p><\/p>\n","protected":false},"excerpt":{"rendered":"<p>&nbsp; Olavo v\u00ea elei\u00e7\u00e3o antecipada &#8216;muito poss\u00edvel&#8217; e quer definir data em janeiro Em conversa&#8230;<\/p>\n","protected":false},"author":8,"featured_media":261,"comment_status":"open","ping_status":"closed","sticky":false,"template":"","format":"standard","meta":{"footnotes":""},"categories":[6],"tags":[],"class_list":["post-753","post","type-post","status-publish","format-standard","has-post-thumbnail","hentry","category-marcus-simonini"],"_links":{"self":[{"href":"https:\/\/webvasco.com\/artigos\/wp-json\/wp\/v2\/posts\/753","targetHints":{"allow":["GET"]}}],"collection":[{"href":"https:\/\/webvasco.com\/artigos\/wp-json\/wp\/v2\/posts"}],"about":[{"href":"https:\/\/webvasco.com\/artigos\/wp-json\/wp\/v2\/types\/post"}],"author":[{"embeddable":true,"href":"https:\/\/webvasco.com\/artigos\/wp-json\/wp\/v2\/users\/8"}],"replies":[{"embeddable":true,"href":"https:\/\/webvasco.com\/artigos\/wp-json\/wp\/v2\/comments?post=753"}],"version-history":[{"count":0,"href":"https:\/\/webvasco.com\/artigos\/wp-json\/wp\/v2\/posts\/753\/revisions"}],"wp:featuredmedia":[{"embeddable":true,"href":"https:\/\/webvasco.com\/artigos\/wp-json\/wp\/v2\/media\/261"}],"wp:attachment":[{"href":"https:\/\/webvasco.com\/artigos\/wp-json\/wp\/v2\/media?parent=753"}],"wp:term":[{"taxonomy":"category","embeddable":true,"href":"https:\/\/webvasco.com\/artigos\/wp-json\/wp\/v2\/categories?post=753"},{"taxonomy":"post_tag","embeddable":true,"href":"https:\/\/webvasco.com\/artigos\/wp-json\/wp\/v2\/tags?post=753"}],"curies":[{"name":"wp","href":"https:\/\/api.w.org\/{rel}","templated":true}]}}