{"id":755,"date":"2013-12-19T14:56:20","date_gmt":"2013-12-19T17:56:20","guid":{"rendered":"http:\/\/webvasco.com\/artigos\/?p=755"},"modified":"2013-12-21T10:46:14","modified_gmt":"2013-12-21T13:46:14","slug":"o-incio-da-reconstruo-vascana","status":"publish","type":"post","link":"https:\/\/webvasco.com\/artigos\/colunistas\/marcus-simonini\/o-incio-da-reconstruo-vascana\/","title":{"rendered":"O IN&Iacute;CIO DA RECONSTRU&Ccedil;&Atilde;O VASCA&Iacute;NA"},"content":{"rendered":"<div>\n<div dir=\"ltr\"><img decoding=\"async\" class=\"aligncenter size-full wp-image-2152\" alt=\"02-05-estadio-sjanuario-1926-27\" src=\"http:\/\/incondicionalmentevasco.files.wordpress.com\/2012\/09\/02-05-estadio-sjanuario-1926-27.jpg?w=620\" \/>Assista ao resumo do primeiro evento promovido pelo grupo &#8220;Reconstru\u00e7\u00e3o Vasca\u00edna&#8221;, ocorrido em 14\/12\/2013, em frente \u00e0 entrada social do Club de Regatas Vasco da Gama:<\/p>\n<p><iframe loading=\"lazy\" src=\"http:\/\/www.youtube.com\/embed\/9UybmeHgTyI?wmode=transparent\" height=\"360\" width=\"640\" allowfullscreen=\"\" frameborder=\"0\"><\/iframe><\/p>\n<p>&nbsp;<\/p>\n<p><a href=\"http:\/\/www.youtube.com\/watch?v=9UybmeHgTyI\">\u00a0<\/a><\/p>\n<\/div>\n<\/div>\n","protected":false},"excerpt":{"rendered":"<p>Assista ao resumo do primeiro evento promovido pelo grupo &#8220;Reconstru\u00e7\u00e3o Vasca\u00edna&#8221;, ocorrido em 14\/12\/2013, em&#8230;<\/p>\n","protected":false},"author":8,"featured_media":2152,"comment_status":"open","ping_status":"closed","sticky":false,"template":"","format":"standard","meta":{"footnotes":""},"categories":[6],"tags":[],"class_list":["post-755","post","type-post","status-publish","format-standard","has-post-thumbnail","hentry","category-marcus-simonini"],"_links":{"self":[{"href":"https:\/\/webvasco.com\/artigos\/wp-json\/wp\/v2\/posts\/755","targetHints":{"allow":["GET"]}}],"collection":[{"href":"https:\/\/webvasco.com\/artigos\/wp-json\/wp\/v2\/posts"}],"about":[{"href":"https:\/\/webvasco.com\/artigos\/wp-json\/wp\/v2\/types\/post"}],"author":[{"embeddable":true,"href":"https:\/\/webvasco.com\/artigos\/wp-json\/wp\/v2\/users\/8"}],"replies":[{"embeddable":true,"href":"https:\/\/webvasco.com\/artigos\/wp-json\/wp\/v2\/comments?post=755"}],"version-history":[{"count":3,"href":"https:\/\/webvasco.com\/artigos\/wp-json\/wp\/v2\/posts\/755\/revisions"}],"predecessor-version":[{"id":756,"href":"https:\/\/webvasco.com\/artigos\/wp-json\/wp\/v2\/posts\/755\/revisions\/756"}],"wp:featuredmedia":[{"embeddable":true,"href":"https:\/\/webvasco.com\/artigos\/wp-json\/"}],"wp:attachment":[{"href":"https:\/\/webvasco.com\/artigos\/wp-json\/wp\/v2\/media?parent=755"}],"wp:term":[{"taxonomy":"category","embeddable":true,"href":"https:\/\/webvasco.com\/artigos\/wp-json\/wp\/v2\/categories?post=755"},{"taxonomy":"post_tag","embeddable":true,"href":"https:\/\/webvasco.com\/artigos\/wp-json\/wp\/v2\/tags?post=755"}],"curies":[{"name":"wp","href":"https:\/\/api.w.org\/{rel}","templated":true}]}}