{"id":759,"date":"2014-01-18T23:02:54","date_gmt":"2014-01-19T02:02:54","guid":{"rendered":"http:\/\/webvasco.com\/artigos\/?p=759"},"modified":"2014-01-18T23:04:11","modified_gmt":"2014-01-19T02:04:11","slug":"fellipe-basta","status":"publish","type":"post","link":"https:\/\/webvasco.com\/artigos\/colunistas\/luizcarlosrocha\/fellipe-basta\/","title":{"rendered":"FELLIPE? BASTA!"},"content":{"rendered":"<p>    Parece Cascata, mas \u00e9 a pura verdade! O Vasco estreou hoje no Campeonato Carioca com um melanc\u00f3lico empate por 1 a 1 com o Boavista, em pleno S\u00e3o Janu\u00e1rio, com gols marcados por Reginaldo para equipe da casa e o \u201cilustre\u201d Cascata deixando tudo igual.<br \/>\n    O maior absurdo \u00e9 saber que ap\u00f3s o rebaixamento no Campeonato Brasileiro de 2013, o Cruzmaltino teve tempo suficiente para tomar vergonha e treinar para n\u00e3o humilhar ainda mais a Torcida Bem Feliz. Mais do que isso. Pela l\u00f3gica futebol\u00edstica teria obriga\u00e7\u00e3o de abrir a competi\u00e7\u00e3o mordendo os advers\u00e1rios.<br \/>\n    Na partida de hoje lembrei muito do genial J\u00f4 Soares, na qual criou dentre suas in\u00fameras personagens o Irm\u00e3o Carmelo, que contracenava com o n\u00e3o menos talentoso Eliezer Motta na pele da personagem Batista. Sempre que Batista falava alguma asneira, prontamente Irm\u00e3o Carmelo dizia: \u201cCala a boca, Batista!\u201d<br \/>\n    Ap\u00f3s o in\u00fatil de o Fellipe Bastos perder um p\u00eanalti (coisa que no universo dos boleiros \u00e9 inaceit\u00e1vel), em casa e os torcedores vaiarem com toda raz\u00e3o, e, sobretudo, direito, o volante ainda queria insultar a torcida! O treinador Adilson Batista mandou o jogador fazer o b\u00e1sico e n\u00e3o discutir com a massa.<br \/>\n    \u201cCala a boca, Batista!\u201d Ele nem deveria estar relacionado para o banco de reservas pelo n\u00edvel baixo de futebol que tem que dir\u00e1 ser titular e muito menos ter a ousadia de cobrar uma penalidade m\u00e1xima! N\u00e3o pode!<br \/>\n    O pr\u00f3prio Fellipe Bastos declarou a um determinado rep\u00f3rter esportivo que o Vasco est\u00e1 evoluindo. Esse imbecil s\u00f3 pode estar de sacanagem! Se jogar assim a S\u00e9rie B, estaremos na Terceira Divis\u00e3o em 2015! Um time que est\u00e1 evoluindo n\u00e3o pode pensar em outro resultado em casa, diante de uma equipe pequena que n\u00e3o seja uma goleada. A vit\u00f3ria simples j\u00e1 seria um vexame, que dir\u00e1 um empate!<br \/>\n    Para n\u00e3o me delongar, como sempre, vou apontar a verdade ao meu leitor. O Campeonato Carioca \u00e9 uma competi\u00e7\u00e3o fraca. O time do Vasco \u00e9 fraqu\u00edssimo e ainda tive a tristeza de perceber que alguns profissionais da imprensa est\u00e3o tamb\u00e9m nivelados por baixo. Um colega de profiss\u00e3o disse ao Fellipe Bastos: Fellipe perder p\u00eanalti \u00e9 normal, s\u00f3 perde que bate n\u00e3o \u00e9?\u201d Claro que n\u00e3o. Fosse assim moto seria um ve\u00edculo feito para cair, pois s\u00f3 tem duas rodas!<br \/>\n    Essa justificativa foi insuficiente. O mesmo rep\u00f3rter ainda persistiu em transformar palavras em fezes quando proferiu a frase: \u201cVoc\u00ea acha que o Adilson manter\u00e1 a mesma equipe para o pr\u00f3ximo jogo?\u201d Me deu vontade de responder: \u201cEu nunca vi manter diferente!\u201d. O Vasco enfrentar\u00e1 o Maca\u00e9, quarta-feira, dia 22, no Moacyrz\u00e3o.<\/p>\n<p>AP\u00d3S AS TODAS AS PARTIDAS DO VASC\u00c3O EM MEU PERFIL DO FACEBOOK (QUEM QUISER RECEBER AS CR\u00d4NICAS DE PRIMEIRA M\u00c3O \u00c9 S\u00d3 ME ADICIONAR), E NOS SITES WEBVASCO (www.webvasco.com), E VASCA\u00cdNOS UNIDOS (www.vascainosunidos.com.br) TEM A OPINI\u00c3O DO JORNALISTA LUIZ CARLOS ROCHA. LEIAM! COMPARTILHEM E CURTAM! VASCA\u00cdNOS UNIDOS JAMAIS SER\u00c3O VENCIDOS.<\/p>\n","protected":false},"excerpt":{"rendered":"<p>Parece Cascata, mas \u00e9 a pura verdade! O Vasco estreou hoje no Campeonato Carioca com&#8230;<\/p>\n","protected":false},"author":7,"featured_media":58,"comment_status":"open","ping_status":"closed","sticky":false,"template":"","format":"standard","meta":{"footnotes":""},"categories":[4],"tags":[],"class_list":["post-759","post","type-post","status-publish","format-standard","has-post-thumbnail","hentry","category-luizcarlosrocha"],"_links":{"self":[{"href":"https:\/\/webvasco.com\/artigos\/wp-json\/wp\/v2\/posts\/759","targetHints":{"allow":["GET"]}}],"collection":[{"href":"https:\/\/webvasco.com\/artigos\/wp-json\/wp\/v2\/posts"}],"about":[{"href":"https:\/\/webvasco.com\/artigos\/wp-json\/wp\/v2\/types\/post"}],"author":[{"embeddable":true,"href":"https:\/\/webvasco.com\/artigos\/wp-json\/wp\/v2\/users\/7"}],"replies":[{"embeddable":true,"href":"https:\/\/webvasco.com\/artigos\/wp-json\/wp\/v2\/comments?post=759"}],"version-history":[{"count":0,"href":"https:\/\/webvasco.com\/artigos\/wp-json\/wp\/v2\/posts\/759\/revisions"}],"wp:featuredmedia":[{"embeddable":true,"href":"https:\/\/webvasco.com\/artigos\/wp-json\/wp\/v2\/media\/58"}],"wp:attachment":[{"href":"https:\/\/webvasco.com\/artigos\/wp-json\/wp\/v2\/media?parent=759"}],"wp:term":[{"taxonomy":"category","embeddable":true,"href":"https:\/\/webvasco.com\/artigos\/wp-json\/wp\/v2\/categories?post=759"},{"taxonomy":"post_tag","embeddable":true,"href":"https:\/\/webvasco.com\/artigos\/wp-json\/wp\/v2\/tags?post=759"}],"curies":[{"name":"wp","href":"https:\/\/api.w.org\/{rel}","templated":true}]}}