{"id":760,"date":"2014-01-23T15:11:17","date_gmt":"2014-01-23T18:11:17","guid":{"rendered":"http:\/\/webvasco.com\/artigos\/?p=760"},"modified":"2014-01-23T15:11:22","modified_gmt":"2014-01-23T18:11:22","slug":"concordata-ou-falncia","status":"publish","type":"post","link":"https:\/\/webvasco.com\/artigos\/colunistas\/luizcarlosrocha\/concordata-ou-falncia\/","title":{"rendered":"&ldquo;CONCORDATA OU FAL&Ecirc;NCIA&rdquo;!"},"content":{"rendered":"<p>    N\u00e3o resta nenhuma d\u00favida que o Vasco da Gama vive a maior crise de sua hist\u00f3ria. N\u00e3o sei ainda se \u00e9 concordata ou j\u00e1 \u00e9 fal\u00eancia! Ap\u00f3s o empate de ontem, contra o Maca\u00e9, por 1 a 1, em partida v\u00e1lida pela Segunda Rodada do Campeonato Carioca a equipe de S\u00e3o Janu\u00e1rio ainda n\u00e3o venceu.<br \/>\n    De nada adiantou o gol de Edmilson se o Cruzmaltino n\u00e3o pontuou como deveria. Dos seis pontos disputados, ganhou apenas dois, ou seja, um ter\u00e7o! O clube vem de um rebaixamento, digo, bi- rebaixamento em cinco anos da m\u00e1 administra\u00e7\u00e3o de Roberto Bombinha e anuncia dias piores no Carioc\u00e3o 2014. <br \/>\n    O Vasco outrora temido por advers\u00e1rios e admirado por seus torcedores sempre teve \u00eddolos que vestiam a camisa. Hoje, \u00e9 ridicularizado no \u00e2mbito desportivo porque o Sr. Carlos Roberto de Oliveira, vulgo, Bombinha em seu manual da destrui\u00e7\u00e3o vem colocando em pr\u00e1tica passo a passo como acabar com um Gigante!<br \/>\n    Cada vez mais apequenado, nossos torcedores vem enlouquecendo \u2013 com todos os motivos do mundo \u2013 por n\u00e3o poder fazer nada. Do atual plantel, NENHUM JOGADOR \u00c9 BOM, no m\u00e1ximo razo\u00e1vel! O fato de disputar a S\u00e9rie B do Brasileir\u00e3o em pleno ano de Copa do Mundo justamente no Brasil marcar\u00e1 para sempre a incompet\u00eancia do nosso presidente. Mas se for tamb\u00e9m rebaixado na competi\u00e7\u00e3o regional, onde a maioria dos clubes \u00e9 considerada pequena, na qual o Povo do Gueto e os Chor\u00f5es disputar\u00e3o a Libertadores e consequentemente atuar\u00e3o com atletas suplentes e ainda assim o Vasco n\u00e3o for campe\u00e3o ser\u00e1 uma vergonha!<br \/>\n    Se for rebaixado ser\u00e1 o fim de um Gigante. Meus queridos leitores devem estar se questionando porque n\u00e3o citei as Tricoletes n\u00e3o \u00e9? Simples explica\u00e7\u00e3o. Porque futebol \u00e9 um esporte para homem! Um time de maricas, que a torcida usa p\u00f3 de arroz e da chiliquinho quando cai para a Segundona n\u00e3o merece o meu respeito!<br \/>\n    Esquecendo as Barbies e voltando ao futebol hipossuficiente do Vasco, a Imensa Torcida Bem Feliz tem todo o direito de protestar.  Fellipe Bastos deu uma declara\u00e7\u00e3o infeliz dizendo que o torcedor tem de apoiar o time os 90 minutos e depois sim tem direito de vaiar. Ora, ele n\u00e3o entende de futebol, vai querer discutir \u00e9tica e direito desportivo? T\u00e1 de sacanagem! Fosse o Roberto Bombinha um presidente com aquilo roxo, j\u00e1 teria mandado esse volante de merda para a puta que pariu!<br \/>\n    Bernardo \u00e9 outro que precisa conter a l\u00edngua dentro da boca. Seu futebol n\u00e3o \u00e9 o mesmo daquele de 2011, quando era reserva do time campe\u00e3o da Copa do Brasil!  Que nasceu para vira-lata jamais ser\u00e1 um pastor su\u00ed\u00e7o! Na reserva ele joga direitinho, mas o peso da titularidade ofusca o seu bailado nas quatro linhas. Bernardo se voc\u00ea jogar bola a torcida n\u00e3o vai encher o saco!<br \/>\n    Edmilson (nem reserva pode ser) disse que o campeonato est\u00e1 apenas come\u00e7ando e que o torcedor dever\u00e1 manter a calma! Pelo contr\u00e1rio o torcedor tem de cobrar agora para n\u00e3o chorar ao final, a exemplo de dezembro. Ou ele j\u00e1 esqueceu que ajudou afundar o Vasco?<br \/>\n    O fato \u00e9 que o torcedor tem sempre raz\u00e3o. Pois ele sempre amar\u00e1 o Vasco. J\u00e1 os atletas \u2013 ainda mais hoje em dia \u2013 s\u00f3 visam o lado financeiro, e vem e v\u00e3o. Jamais virarei as costas para a verdade e iludirei meus leitores. Estamos juntos na cobran\u00e7a por dias melhores. O pr\u00f3ximo desafio do Vasc\u00e3o ser\u00e1 em casa, contra o Friburguense, \u00e0s 19h30m, domingo, dia 26.<br \/>\n    Denomina-se falida a pessoa f\u00edsica ou jur\u00eddica que sucumbiu \u00e0 bancarrota. A concordata suspensiva \u00e9 a ferramenta utilizada pelo devedor que, impedido de evitar a fal\u00eancia, depois da empresa ser declarada falida, tem meios para restaurar sua empresa.  O Vasco da Gama ainda tem jeito? A interpreta\u00e7\u00e3o \u00e9 da cabe\u00e7a de cada torcedor\/leitor.<\/p>\n<p>\nAP\u00d3S AS TODAS AS PARTIDAS DO VASC\u00c3O EM MEU PERFIL DO FACEBOOK (QUEM QUISER RECEBER AS CR\u00d4NICAS DE PRIMEIRA M\u00c3O \u00c9 S\u00d3 ME ADICIONAR), E NOS SITES WEBVASCO (www.webvasco.com), E VASCA\u00cdNOS UNIDOS (www.vascainosunidos.com.br) TEM A OPINI\u00c3O DO JORNALISTA LUIZ CARLOS ROCHA. LEIAM! COMPARTILHEM E CURTAM! VASCA\u00cdNOS UNIDOS JAMAIS SER\u00c3O VENCIDOS.<\/p>\n","protected":false},"excerpt":{"rendered":"<p>N\u00e3o resta nenhuma d\u00favida que o Vasco da Gama vive a maior crise de sua&#8230;<\/p>\n","protected":false},"author":7,"featured_media":58,"comment_status":"open","ping_status":"closed","sticky":false,"template":"","format":"standard","meta":{"footnotes":""},"categories":[4],"tags":[],"class_list":["post-760","post","type-post","status-publish","format-standard","has-post-thumbnail","hentry","category-luizcarlosrocha"],"_links":{"self":[{"href":"https:\/\/webvasco.com\/artigos\/wp-json\/wp\/v2\/posts\/760","targetHints":{"allow":["GET"]}}],"collection":[{"href":"https:\/\/webvasco.com\/artigos\/wp-json\/wp\/v2\/posts"}],"about":[{"href":"https:\/\/webvasco.com\/artigos\/wp-json\/wp\/v2\/types\/post"}],"author":[{"embeddable":true,"href":"https:\/\/webvasco.com\/artigos\/wp-json\/wp\/v2\/users\/7"}],"replies":[{"embeddable":true,"href":"https:\/\/webvasco.com\/artigos\/wp-json\/wp\/v2\/comments?post=760"}],"version-history":[{"count":0,"href":"https:\/\/webvasco.com\/artigos\/wp-json\/wp\/v2\/posts\/760\/revisions"}],"wp:featuredmedia":[{"embeddable":true,"href":"https:\/\/webvasco.com\/artigos\/wp-json\/wp\/v2\/media\/58"}],"wp:attachment":[{"href":"https:\/\/webvasco.com\/artigos\/wp-json\/wp\/v2\/media?parent=760"}],"wp:term":[{"taxonomy":"category","embeddable":true,"href":"https:\/\/webvasco.com\/artigos\/wp-json\/wp\/v2\/categories?post=760"},{"taxonomy":"post_tag","embeddable":true,"href":"https:\/\/webvasco.com\/artigos\/wp-json\/wp\/v2\/tags?post=760"}],"curies":[{"name":"wp","href":"https:\/\/api.w.org\/{rel}","templated":true}]}}