{"id":766,"date":"2014-01-29T11:36:51","date_gmt":"2014-01-29T14:36:51","guid":{"rendered":"http:\/\/webvasco.com\/artigos\/?p=766"},"modified":"2014-01-29T12:00:05","modified_gmt":"2014-01-29T15:00:05","slug":"a-soluo-no-simples-assim","status":"publish","type":"post","link":"https:\/\/webvasco.com\/artigos\/colunistas\/a-soluo-no-simples-assim\/","title":{"rendered":"A SOLU&Ccedil;&Atilde;O NO &quot;SIMPLES ASSIM&quot;!"},"content":{"rendered":"<div dir=\"ltr\">\n<div>\n<p class=\"MsoNormal\" style=\"text-align:justify;line-height:150%\"><span style=\"font-size:8.5pt;line-height:150%\">Ao passo<br \/>\nque, em muitos casos, pensamos nas solu\u00e7\u00f5es mais complexas para resolver nossos<br \/>\nproblemas, chegamos \u00e0 conclus\u00e3o de que a boa parte desses mesmos basta-se<br \/>\naplicar as medidas mais simples para que se obtenha o resultado desejado. Assim<br \/>\npode ser definida a rela\u00e7\u00e3o entre o t\u00e9cnico Ad\u00edlson Batista com o time do<br \/>\nVasco. Tendo como exemplo o \u00faltimo jogo, vencido por n\u00f3s com muita tranq\u00fcilidade,<br \/>\ntal como deve ser a rela\u00e7\u00e3o do Vasco como clube GIGANTE com boa parte dos times<br \/>\ndesse certame de paup\u00e9rrimo n\u00edvel t\u00e9cnico.<\/span><\/p>\n<p class=\"MsoNormal\" style=\"text-align:justify;line-height:150%\"><span style=\"font-size:8.5pt;line-height:150%\"><br \/><\/span><\/p>\n<p class=\"MsoNormal\" style=\"text-align:justify;line-height:150%\"><span style=\"font-size:8.5pt;line-height:150%\">N\u00e3o sou<br \/>\nadepto ao discurso comparativo de um time que ainda est\u00e1 em forma\u00e7\u00e3o com times<br \/>\namadurecidos, contidos no hall dos melhores times do mundo. Chega a ser uma<br \/>\ncompara\u00e7\u00e3o um tanto &ldquo;tosca&rdquo;, para ser sincero, comparar o time do Vasco e<br \/>\nquerer faz\u00ea-lo jogar num esquema de jogo tal como Barcelona, Bayer Munique ou<br \/>\nqualquer outro time desse naipe, tal como sugeriu Ad\u00edlson em duas das suas<br \/>\nrecentes entrevistas. S\u00e3o casos diferentes. S\u00e3o esquemas de jogo executados por<br \/>\njogadores com abismo t\u00e9cnico gritante (Xavi e Fellipe Bastos, por exemplo). Para<br \/>\nse chegar ao n\u00edvel desses times, e at\u00e9 mesmo desses clubes como organizados que<br \/>\ns\u00e3o, s\u00e3o MUITOS milhares de quil\u00f4metros de dist\u00e2ncia a serem percorridos. Tal<br \/>\ncomo seria da mesma forma &ldquo;tosca&rdquo; se a compara\u00e7\u00e3o fosse, com todo respeito, a<br \/>\nclubes de menor express\u00e3o, como Boavista, Maca\u00e9 ou mesmo Friburguense, por<br \/>\nexemplo.<\/span><\/p>\n<p class=\"MsoNormal\" style=\"text-align:justify;line-height:150%\"><span style=\"font-size:8.5pt;line-height:150%\"><br \/><\/span><\/p>\n<p class=\"MsoNormal\" style=\"text-align:justify;line-height:150%\"><span style=\"font-size:8.5pt;line-height:150%\">Por essa<br \/>\nraz\u00e3o, creio que o melhor caminho continue sendo a humildade e simplicidade no<br \/>\ntrabalho e nas tomadas de decis\u00f5es. E sobre esse \u00faltimo citado, Ad\u00edlson \u00e9<br \/>\nconhecido por querer complicar algo que, aparentemente, \u00e9 simples. Estava<br \/>\nn\u00edtido e evidente que jogando com tr\u00eas cabe\u00e7as de \u00e1rea, tr\u00eas atacantes, sem<br \/>\narmador, sem vida inteligente para pensar o jogo e criar oportunidades de a\u00e7\u00f5es<br \/>\nno meio de campo e ainda com o agravante de que os alas passam longe de serem<br \/>\nos ideais nesse momento (pelo menos, ofensivamente), o time n\u00e3o iria obter nada<br \/>\nde expressivo em termos de resultado. <\/span><\/p>\n<p class=\"MsoNormal\" style=\"text-align:justify;line-height:150%\"><span style=\"font-size:8.5pt;line-height:150%\"><br \/><\/span><\/p>\n<p class=\"MsoNormal\" style=\"text-align:justify;line-height:150%\"><span style=\"font-size:8.5pt;line-height:150%\">Em<br \/>\nsubstitui\u00e7\u00e3o a tal &ldquo;engenhoca&rdquo; criada por Ad\u00edlson sob o discurso da mescla<br \/>\nentre os esquemas t\u00e1ticos de Barcelona e Bayer, o modelo simples que ainda d\u00e1<br \/>\nresultados, se bem treinado e executado: ao menos um homem que seja capaz de<br \/>\nproduzir jogadas no meio de campo. N\u00e3o precisou ser g\u00eanio para percebemos a<br \/>\ndiferen\u00e7a em que Montoya, mesmo tendo muito a provar ainda para n\u00f3s, faz em<br \/>\nterra carente de meias-ofensivos de qualidade. Jogador agudo, chegando bem ao<br \/>\natacante, ao estilo &ldquo;fac\u00e3o&rdquo;, dando passes no meio e caindo pelas pontas para<br \/>\nbuscar jogo. <\/span><\/p>\n<p class=\"MsoNormal\" style=\"text-align:justify;line-height:150%\"><span style=\"font-size:8.5pt;line-height:150%\"><br \/><\/span><\/p>\n<p class=\"MsoNormal\" style=\"text-align:justify;line-height:150%\"><span style=\"font-size:8.5pt;line-height:150%\">Ainda que<br \/>\npese o fator adapta\u00e7\u00e3o, chega a ser um esc\u00e1rnio ter-se abdicado de sua<br \/>\npossibilidade de produ\u00e7\u00e3o para uso de Francismar, por exemplo, tal como foi na<br \/>\nvexat\u00f3ria campanha do rebaixamento 2013. Montoya demonstrou, ao menos, isso<br \/>\ncontra o Friburguense, e pode demonstrar ainda mais, dando-lhe rodagem e tempo<br \/>\nnecess\u00e1rios para seu desenvolvimento e encaixe com o time a se formar.<\/span><\/p>\n<p class=\"MsoNormal\" style=\"text-align:justify;line-height:150%\"><span style=\"font-size:8.5pt;line-height:150%\"><br \/><\/span><\/p>\n<p class=\"MsoNormal\" style=\"text-align:justify;line-height:150%\"><span style=\"font-size:8.5pt;line-height:150%\">E pode<br \/>\nmelhorar ainda mais se, ao lado dele, houver mais um homem ofensivo de<br \/>\nqualidade a lhe ajudar. Juninho pode ser esse homem, mas colocar-lhe toda a<br \/>\nresponsabilidade de compartilhar a cria\u00e7\u00e3o do time \u00e9 querer demais de um atleta<br \/>\nveterano de quase quarenta anos vindo de contus\u00e3o e que, com certeza, n\u00e3o ir\u00e1<br \/>\natuar em todos os jogos. Isso se realmente ele continuar\u00e1 jogando (sobre isso,<br \/>\ncomentarei mais adiante). Esse \u00e9 o setor em que precisamos de maior aten\u00e7\u00e3o e<br \/>\ndos esfor\u00e7os necess\u00e1rios para buscar mais algu\u00e9m a qualificar esse plantel.<br \/>\nTemos somente Juninho (por hora), Montoya, Dackson (para mim, um bom reserva<br \/>\nsomente) e Bernardo, em princ\u00edpio. Temos um jovem promissor como Guilherme<br \/>\nCosta na base, mas &ldquo;verde&rdquo; ainda para os profissionais. <\/span><\/p>\n<p class=\"MsoNormal\" style=\"text-align:justify;line-height:150%\"><span style=\"font-size:8.5pt;line-height:150%\"><br \/><\/span><\/p>\n<p class=\"MsoNormal\" style=\"text-align:justify;line-height:150%\"><span style=\"font-size:8.5pt;line-height:150%\">A solu\u00e7\u00e3o \u00e9<br \/>\nbuscar mais um ou dois jogadores para esse setor. E com o dinheiro a ser<br \/>\neconomizado na dispensa de outros tantos encostados que nada renderam no ano<br \/>\npassado, torna-se bem poss\u00edvel que isso aconte\u00e7a. Pelo menos, at\u00e9 o in\u00edcio do<br \/>\nCampeonato Brasileiro, seja na s\u00e9rie A ou B, que \u00e9 o foco nessa prepara\u00e7\u00e3o.<\/span><\/p>\n<p class=\"MsoNormal\" style=\"text-align:justify;line-height:150%\"><span style=\"font-size:8.5pt;line-height:150%\"><br \/><\/span><\/p>\n<p class=\"MsoNormal\" style=\"text-align:justify;line-height:150%\"><span style=\"font-size:8.5pt;line-height:150%\"><b>O fator<br \/>\ndefesa<\/b><\/span><\/p>\n<p class=\"MsoNormal\" style=\"text-align:justify;line-height:150%\"><span style=\"font-size:8.5pt;line-height:150%\"><br \/><\/span><\/p>\n<p class=\"MsoNormal\" style=\"text-align:justify;line-height:150%\"><span style=\"font-size:8.5pt;line-height:150%\">Se ofensivamente<br \/>\ntemos quem, finalmente, nos devolva a esperan\u00e7a de cria\u00e7\u00e3o de jogadas com<br \/>\nqualidade, defensivamente estamos bem servidos. Nada mais de confiar nos Renato<br \/>\nSilva e Cris, tal como foi a defesa que sepultou em campo nossas chances de<br \/>\npermanecer na elite do futebol brasileiro. Em seus lugares, a qualidade de um<br \/>\njovem promissor &ndash; Luan &ndash; amparado pela experi\u00eancia de Rodrigo, um dos destaques<br \/>\nda equipe esmeraldina nesse mesmo certame. Tendo ainda o ressurgimento de<br \/>\nRafael Vaz, que somente raz\u00f5es extracampo s\u00e3o capazes de explicar seu per\u00edodo<br \/>\nde aus\u00eancia naquele time com a zaga j\u00e1 citada. Pelo menos, para mim.<\/span><\/p>\n<p class=\"MsoNormal\" style=\"text-align:justify;line-height:150%\"><span style=\"font-size:8.5pt;line-height:150%\"><br \/><\/span><\/p>\n<p class=\"MsoNormal\" style=\"text-align:justify;line-height:150%\"><span style=\"font-size:8.5pt;line-height:150%\">Como bom<br \/>\nentusiasta que sou quando assim me permitem, sou um dos f\u00e3s de um esquema 3-5-2<br \/>\nbem treinado. E assim poderia jogar o Vasco com o tempo, tal como o pr\u00f3prio<br \/>\nAd\u00edlson j\u00e1 fizera com Gr\u00eamio e Figueirense em tempos atr\u00e1s. Com certeza, n\u00e3o h\u00e1<br \/>\nquem n\u00e3o sinta seguran\u00e7a para atacar aos advers\u00e1rios quando se tem uma &ldquo;cozinha&rdquo;<br \/>\nformada por Luan &ndash; Rodrigo &ndash; Vaz na zaga, e tendo como prote\u00e7\u00e3o Aranda (entrou<br \/>\nmuito bem nesse time no \u00faltimo jogo) &ndash; Guinazu, ambos volantes que mostram<br \/>\nqualidade em seus passes, al\u00e9m de boa marca\u00e7\u00e3o. Muito mais f\u00e1cil e menos<br \/>\nentediante confiar em tal forma\u00e7\u00e3o do que, por exemplo, em tr\u00eas<br \/>\ncabe\u00e7as-de-\u00e1rea, sabendo-se que dois desses tr\u00eas s\u00e3o Abuda e Fellipe Bastos,<br \/>\nesse \u00faltimo, superestimado e com pensamento de Xavi quando, na verdade, \u00e9<br \/>\nsomente ele pr\u00f3prio que representa seu futebol.<\/span><\/p>\n<p class=\"MsoNormal\" style=\"text-align:justify;line-height:150%\"><span style=\"font-size:8.5pt;line-height:150%\"><br \/><\/span><\/p>\n<p class=\"MsoNormal\" style=\"text-align:justify;line-height:150%\"><span style=\"font-size:8.5pt;line-height:150%\"><b>Nos<br \/>\narquero!<\/b><\/span><\/p>\n<p class=\"MsoNormal\" style=\"text-align:justify;line-height:150%\"><span style=\"font-size:8.5pt;line-height:150%\"><br \/><\/span><\/p>\n<p class=\"MsoNormal\" style=\"text-align:justify;line-height:150%\"><span style=\"font-size:8.5pt;line-height:150%\">Na \u00faltima<br \/>\nsexta-feira, Rafael Marques (comentarista do Sistema Globo de R\u00e1dio e um dos<br \/>\nbons representantes da vascainidade na imprensa esportiva) disse aos microfones<br \/>\ndo r\u00e1dio que, &ldquo;ap\u00f3s muito tempo, o Vasco finalmente entraria com onze jogadores<br \/>\nem campo&rdquo;, refletindo o pensamento de toda uma torcida sofrida e que viu a<br \/>\nmediocridade imperar nesse setor no \u00faltimo ano.<\/span><\/p>\n<p class=\"MsoNormal\" style=\"text-align:justify;line-height:150%\"><span style=\"font-size:8.5pt;line-height:150%\"><br \/><\/span><\/p>\n<p class=\"MsoNormal\" style=\"text-align:justify;line-height:150%\"><span style=\"font-size:8.5pt;line-height:150%\">Mart\u00edn<br \/>\nSilva pode n\u00e3o chegar aos p\u00e9s, para muitos, de goleiros da envergadura t\u00e9cnica<br \/>\nde Gianluca Buffon por exemplo, mas com&nbsp;<br \/>\ncerteza, est\u00e1 a anos-luz de Alessandro, Michel Bastos e de Diogo Silva.<br \/>\nEsse \u00faltimo que sequer poderia iniciar o ano, inclusive, nem mais reserva<br \/>\nimediato para Mart\u00edn deveria ser, dando vez ao bom jovem promissor Jordi, que<br \/>\ncomo ele ter\u00e1 tudo para se ter, finalmente, uma refer\u00eancia em campo para<br \/>\ncrescer em seu potencial com o tempo e, quem sabe, alcan\u00e7ar ao estrelato, tal<br \/>\ncomo seu preparador Carlos Germano, Ac\u00e1cio, F\u00e1bio e H\u00e9lton (todos formados no<br \/>\nVasco) alcan\u00e7aram tamb\u00e9m um dia.<\/span><\/p>\n<p class=\"MsoNormal\" style=\"text-align:justify;line-height:150%\"><span style=\"font-size:8.5pt;line-height:150%\">E em tempo,<br \/>\nmesmo: \u00e9 MUITO mais respeitoso para os advers\u00e1rios verem um setor defensivo<br \/>\nformado por tais homens de defesa e goleiro citados por mim do que com \u00e0queles<br \/>\nque rebaixaram o Vasco em campo no ano passado. E, ao contr\u00e1rio do que<br \/>\nacontecera, deixar de tomar gols em TODOS os jogos j\u00e1 \u00e9 um grande avan\u00e7o para<br \/>\nnossas pretens\u00f5es, ao longo do ano.<\/span><\/p>\n<\/div>\n<p>\n<\/div>\n<p><\/p>\n","protected":false},"excerpt":{"rendered":"<p>Ao passo que, em muitos casos, pensamos nas solu\u00e7\u00f5es mais complexas para resolver nossos problemas,&#8230;<\/p>\n","protected":false},"author":12,"featured_media":341,"comment_status":"open","ping_status":"closed","sticky":false,"template":"","format":"standard","meta":{"footnotes":""},"categories":[3],"tags":[],"class_list":["post-766","post","type-post","status-publish","format-standard","has-post-thumbnail","hentry","category-colunistas"],"_links":{"self":[{"href":"https:\/\/webvasco.com\/artigos\/wp-json\/wp\/v2\/posts\/766","targetHints":{"allow":["GET"]}}],"collection":[{"href":"https:\/\/webvasco.com\/artigos\/wp-json\/wp\/v2\/posts"}],"about":[{"href":"https:\/\/webvasco.com\/artigos\/wp-json\/wp\/v2\/types\/post"}],"author":[{"embeddable":true,"href":"https:\/\/webvasco.com\/artigos\/wp-json\/wp\/v2\/users\/12"}],"replies":[{"embeddable":true,"href":"https:\/\/webvasco.com\/artigos\/wp-json\/wp\/v2\/comments?post=766"}],"version-history":[{"count":0,"href":"https:\/\/webvasco.com\/artigos\/wp-json\/wp\/v2\/posts\/766\/revisions"}],"wp:featuredmedia":[{"embeddable":true,"href":"https:\/\/webvasco.com\/artigos\/wp-json\/wp\/v2\/media\/341"}],"wp:attachment":[{"href":"https:\/\/webvasco.com\/artigos\/wp-json\/wp\/v2\/media?parent=766"}],"wp:term":[{"taxonomy":"category","embeddable":true,"href":"https:\/\/webvasco.com\/artigos\/wp-json\/wp\/v2\/categories?post=766"},{"taxonomy":"post_tag","embeddable":true,"href":"https:\/\/webvasco.com\/artigos\/wp-json\/wp\/v2\/tags?post=766"}],"curies":[{"name":"wp","href":"https:\/\/api.w.org\/{rel}","templated":true}]}}