{"id":768,"date":"2014-01-30T20:17:53","date_gmt":"2014-01-30T23:17:53","guid":{"rendered":"http:\/\/webvasco.com\/artigos\/?p=768"},"modified":"2014-01-30T20:20:04","modified_gmt":"2014-01-30T23:20:04","slug":"espero-ter-munio","status":"publish","type":"post","link":"https:\/\/webvasco.com\/artigos\/colunistas\/luizcarlosrocha\/espero-ter-munio\/","title":{"rendered":"ESPERO TER MUNI&Ccedil;&Atilde;O!"},"content":{"rendered":"<p>    Nas duas \u00faltimas partidas o Vasco goleou seus advers\u00e1rios (6 a 0 contra o Friburguense domingo, e 4 a 0 no Audax ontem), elevando a posi\u00e7\u00e3o da equipe na tabela de classifica\u00e7\u00e3o do Campeonato Carioca. Parece que aos poucos o time vem ajustando as pe\u00e7as que estavam fora dos padr\u00f5es do futebol valente da Colina. Por\u00e9m, at\u00e9 aqui, os garotos de S\u00e3o Janu\u00e1rio s\u00f3 pegaram times pequenos. Domingo, \u00e0s 19h30m o Cruzmaltino enfrentar\u00e1 a Cachorrada, no Maracan\u00e3. Espero ter muni\u00e7\u00e3o suficiente para vencer e somar mais tr\u00eas pontos. Nem fa\u00e7o quest\u00e3o de goleada, mas se vier ser\u00e1 \u00f3timo.<br \/>\n    O Vasco n\u00e3o tem nenhum craque no plantel, mas tem jogadores medianos que se bem trabalhados dar\u00e1 certo trabalho aos advers\u00e1rios. O treinador Adilson Batista \u00e9 talentoso e saber\u00e1 quais os atletas render\u00e3o bons frutos no que tange \u00e0 escala\u00e7\u00e3o. O maior problema do Mach\u00e3o da Gama nos \u00faltimos cinco anos era o gol. Desta vez ao que tudo indica \u2013 se eu n\u00e3o estiver enganado \u2013 o arqueiro Mart\u00edn Silva \u00e9 bom. O que trar\u00e1 maior seguran\u00e7a ao setor defensivo. Consequentemente maior solidez.<br \/>\n    Temos tudo para derrotarmos o Alvinegro. Nossos jogadores est\u00e3o pegando confian\u00e7a (autoestima), nossa torcida (que \u00e9 o 12\u00ba jogador) \u00e9 maior, mais presente, e mais ofensiva \u2013 no bom sentido da palavra. Ah, e ainda temos mais t\u00edtulos e um lindo est\u00e1dio.<br \/>\n    Os n\u00fameros n\u00e3o mentem. Temos mais vit\u00f3rias do que o Botafogo tem contra n\u00f3s no Carioc\u00e3o. E em outras competi\u00e7\u00f5es que n\u00e3o \u00e9 o caso agora! Concluindo a linha de racioc\u00ednio, para o time de General Severiano que \u00e9 composto de uma torcida supersticiosa: Se voc\u00eas tem J\u00e9fferson, goleiro de n\u00edvel de Sele\u00e7\u00e3o, temos Mart\u00edn Silva. Se voc\u00eas t\u00eam um ex-craque que deixou o time e est\u00e1 torcendo pelo Botafogo (Seedorf), temos Juninho, que est\u00e1 na mesma condi\u00e7\u00e3o e n\u00edvel futebol\u00edstico, com a diferen\u00e7a que foi campe\u00e3o de t\u00edtulos nacionais e internacionais com o clube e n\u00e3o t\u00edtulo regional. Se Nilton Santos \u00e9 uma estrela que torce por voc\u00eas do c\u00e9u, Denner \u00e9 um cometa e tem a marca Vasco da Gama junto aos bons no plano celestial. Com tudo isso o torcedor botafoguense deve estar pronto para dizer: \u201cE da\u00ed? Eu estou na Libertadores!\u201d. E o torcedor vasca\u00edno pronto para contradizer: \u201cTamb\u00e9m j\u00e1 estive, com a diferen\u00e7a que tenho dois<br \/>\n t\u00edtulos desta competi\u00e7\u00e3o!\u201d.  Vamos atropelar!<\/p>\n<p>AP\u00d3S AS TODAS AS PARTIDAS DO VASC\u00c3O EM MEU PERFIL DO FACEBOOK (QUEM QUISER RECEBER AS CR\u00d4NICAS DE PRIMEIRA M\u00c3O \u00c9 S\u00d3 ME ADICIONAR), E NOS SITES WEBVASCO (www.webvasco.com), E VASCA\u00cdNOS UNIDOS (www.vascainosunidos.com.br) TEM A OPINI\u00c3O DO JORNALISTA LUIZ CARLOS ROCHA. LEIAM! COMPARTILHEM E CURTAM! VASCA\u00cdNOS UNIDOS JAMAIS SER\u00c3O VENCIDOS.<\/p>\n","protected":false},"excerpt":{"rendered":"<p>Nas duas \u00faltimas partidas o Vasco goleou seus advers\u00e1rios (6 a 0 contra o Friburguense&#8230;<\/p>\n","protected":false},"author":7,"featured_media":58,"comment_status":"open","ping_status":"closed","sticky":false,"template":"","format":"standard","meta":{"footnotes":""},"categories":[4],"tags":[],"class_list":["post-768","post","type-post","status-publish","format-standard","has-post-thumbnail","hentry","category-luizcarlosrocha"],"_links":{"self":[{"href":"https:\/\/webvasco.com\/artigos\/wp-json\/wp\/v2\/posts\/768","targetHints":{"allow":["GET"]}}],"collection":[{"href":"https:\/\/webvasco.com\/artigos\/wp-json\/wp\/v2\/posts"}],"about":[{"href":"https:\/\/webvasco.com\/artigos\/wp-json\/wp\/v2\/types\/post"}],"author":[{"embeddable":true,"href":"https:\/\/webvasco.com\/artigos\/wp-json\/wp\/v2\/users\/7"}],"replies":[{"embeddable":true,"href":"https:\/\/webvasco.com\/artigos\/wp-json\/wp\/v2\/comments?post=768"}],"version-history":[{"count":0,"href":"https:\/\/webvasco.com\/artigos\/wp-json\/wp\/v2\/posts\/768\/revisions"}],"wp:featuredmedia":[{"embeddable":true,"href":"https:\/\/webvasco.com\/artigos\/wp-json\/wp\/v2\/media\/58"}],"wp:attachment":[{"href":"https:\/\/webvasco.com\/artigos\/wp-json\/wp\/v2\/media?parent=768"}],"wp:term":[{"taxonomy":"category","embeddable":true,"href":"https:\/\/webvasco.com\/artigos\/wp-json\/wp\/v2\/categories?post=768"},{"taxonomy":"post_tag","embeddable":true,"href":"https:\/\/webvasco.com\/artigos\/wp-json\/wp\/v2\/tags?post=768"}],"curies":[{"name":"wp","href":"https:\/\/api.w.org\/{rel}","templated":true}]}}