{"id":770,"date":"2014-02-02T23:22:34","date_gmt":"2014-02-03T02:22:34","guid":{"rendered":"http:\/\/webvasco.com\/artigos\/?p=770"},"modified":"2014-02-02T23:39:34","modified_gmt":"2014-02-03T02:39:34","slug":"magrinho-e-cheio-de-alegria","status":"publish","type":"post","link":"https:\/\/webvasco.com\/artigos\/colunistas\/luizcarlosrocha\/magrinho-e-cheio-de-alegria\/","title":{"rendered":"MAGRINHO E CHEIO DE ALEGRIA!"},"content":{"rendered":"<p>    Sexta-feira, dia 31 de janeiro, o Jornalismo Esportivo perdeu uma figura \u00edmpar. O comentarista da R\u00e1dio Tupi (RJ) Jorge Nunes, de 64 anos, nos deixou em decorr\u00eancia de uma tuberculose ganglionar. Jorginho, conhecido como o comentarista do povo era um vasca\u00edno ferrenho. A vit\u00f3ria do Vasc\u00e3o, hoje, no Maracan\u00e3, em partida v\u00e1lida pela Quinta Rodada do Campeonato Carioca, por 1 a 0, gol de Thalles, diante do Botafogo foi apertada, mas eficiente.<br \/>\n    N\u00e3o tenho d\u00favidas que nosso ilustre jornalista, e, sobretudo, torcedor do Gigante antes de encontrar o Criador, abrilhantou o cl\u00e1ssico com sua presen\u00e7a em esp\u00edrito. Foi uma vit\u00f3ria magrinha, mas cheia de alegria como nosso querido Jorge Nunes. Com o resultado o Cruzmaltino chegou aos 11 pontos ganhos na competi\u00e7\u00e3o e manteve a segunda coloca\u00e7\u00e3o na tabela, atr\u00e1s apenas dos Molambos com a diferen\u00e7a de dois pontos.<br \/>\n    O pr\u00f3ximo jogo do time de S\u00e3o Janu\u00e1rio ser\u00e1 contra o Volta Redonda, na Cidade do A\u00e7o, \u00e0s 22h, na quarta-feira. A partida poder\u00e1 render mais tr\u00eas pontos importantes para n\u00f3s. N\u00e3o subestimando o advers\u00e1rio \u2013 sempre respeitando \u2013 mas as equipes vivem momentos distintos.<br \/>\n    Ainda h\u00e1 muito a melhorar. At\u00e9, porque, um clube com um hist\u00f3rico futebol\u00edstico fort\u00edssimo como o Vasco tem de estar acostumado com vit\u00f3rias e consequentemente t\u00edtulos e n\u00e3o com derrotas e rebaixamentos. \u00c9 not\u00f3rio que a situa\u00e7\u00e3o est\u00e1 melhorando. Por\u00e9m, \u00e9 preciso observar que Carioca n\u00e3o \u00e9 Brasileiro (refiro-me as competi\u00e7\u00f5es e n\u00e3o aos cidad\u00e3os). Mesmo disputando a S\u00e9rie B, \u00e9 um campeonato muito mais \u00e1rduo. <br \/>\n    O primeiro passo \u00e9 o s\u00f3cio do Vasco n\u00e3o votar no incompetente presidente Roberto Bombinha para uma poss\u00edvel e cara de pau reelei\u00e7\u00e3o. Escolher bem o candidato ser\u00e1 fundamental. Depois torcer para que o pr\u00f3ximo mandat\u00e1rio seja preparado para dirigir uma Na\u00e7\u00e3o com respeito, seriedade, compet\u00eancia e acima de tudo amor \u00e0 institui\u00e7\u00e3o.<br \/>\n    Para fechar, eu tinha certeza que ir\u00edamos nos sagrar vencedores deste duelo. Nosso time \u00e9 melhor, nosso clube tem mais relatos, nossa torcida tem mais press\u00e3o e gra\u00e7as a Deus nossos atletas est\u00e3o atualmente mostrando mais vontade de jogar. Parab\u00e9ns ao Vasco da Gama pela brilhante atua\u00e7\u00e3o. Ao amigo Jorge Nunes obrigado por tudo e descanse em paz&#8230; <\/p>\n<p>\nAP\u00d3S AS TODAS AS PARTIDAS DO VASC\u00c3O EM MEU PERFIL DO FACEBOOK (QUEM QUISER RECEBER AS CR\u00d4NICAS DE PRIMEIRA M\u00c3O \u00c9 S\u00d3 ME ADICIONAR), E NOS SITES WEBVASCO (www.webvasco.com), E VASCA\u00cdNOS UNIDOS (www.vascainosunidos.com.br) TEM A OPINI\u00c3O DO JORNALISTA LUIZ CARLOS ROCHA. LEIAM! COMPARTILHEM E CURTAM! VASCA\u00cdNOS UNIDOS JAMAIS SER\u00c3O VENCIDOS.<\/p>\n","protected":false},"excerpt":{"rendered":"<p>Sexta-feira, dia 31 de janeiro, o Jornalismo Esportivo perdeu uma figura \u00edmpar. O comentarista da&#8230;<\/p>\n","protected":false},"author":7,"featured_media":58,"comment_status":"open","ping_status":"closed","sticky":false,"template":"","format":"standard","meta":{"footnotes":""},"categories":[4],"tags":[],"class_list":["post-770","post","type-post","status-publish","format-standard","has-post-thumbnail","hentry","category-luizcarlosrocha"],"_links":{"self":[{"href":"https:\/\/webvasco.com\/artigos\/wp-json\/wp\/v2\/posts\/770","targetHints":{"allow":["GET"]}}],"collection":[{"href":"https:\/\/webvasco.com\/artigos\/wp-json\/wp\/v2\/posts"}],"about":[{"href":"https:\/\/webvasco.com\/artigos\/wp-json\/wp\/v2\/types\/post"}],"author":[{"embeddable":true,"href":"https:\/\/webvasco.com\/artigos\/wp-json\/wp\/v2\/users\/7"}],"replies":[{"embeddable":true,"href":"https:\/\/webvasco.com\/artigos\/wp-json\/wp\/v2\/comments?post=770"}],"version-history":[{"count":0,"href":"https:\/\/webvasco.com\/artigos\/wp-json\/wp\/v2\/posts\/770\/revisions"}],"wp:featuredmedia":[{"embeddable":true,"href":"https:\/\/webvasco.com\/artigos\/wp-json\/wp\/v2\/media\/58"}],"wp:attachment":[{"href":"https:\/\/webvasco.com\/artigos\/wp-json\/wp\/v2\/media?parent=770"}],"wp:term":[{"taxonomy":"category","embeddable":true,"href":"https:\/\/webvasco.com\/artigos\/wp-json\/wp\/v2\/categories?post=770"},{"taxonomy":"post_tag","embeddable":true,"href":"https:\/\/webvasco.com\/artigos\/wp-json\/wp\/v2\/tags?post=770"}],"curies":[{"name":"wp","href":"https:\/\/api.w.org\/{rel}","templated":true}]}}