{"id":774,"date":"2014-02-13T12:09:37","date_gmt":"2014-02-13T15:09:37","guid":{"rendered":"http:\/\/webvasco.com\/artigos\/?p=774"},"modified":"2014-02-13T13:53:18","modified_gmt":"2014-02-13T16:53:18","slug":"fw-porque-no-votar-em-eurico-ou-no-candidato-indicado-por-dinamite-2","status":"publish","type":"post","link":"https:\/\/webvasco.com\/artigos\/colunistas\/marcus-simonini\/fw-porque-no-votar-em-eurico-ou-no-candidato-indicado-por-dinamite-2\/","title":{"rendered":"PORQUE N&Atilde;O VOTAR EM EURICO OU NO CANDIDATO INDICADO POR DINAMITE"},"content":{"rendered":"<div>\n<div dir='ltr'>\n<p>  &nbsp;<br \/>S\u00f3cios do Vasco, logo chegar\u00e1 mar\u00e7o e os dias&nbsp;e meses correr\u00e3o depressa rumo \u00e0s&nbsp;elei\u00e7\u00f5es do CRVG. Pense muito bem em quem voc\u00ea votar\u00e1, pois o Vasco n\u00e3o pode mais retroceder ou se manter como est\u00e1! E voc\u00ea ter\u00e1 responsabilidade sobre o futuro do nosso Club!&nbsp;No intuito de contribuir com a escolha do pr\u00f3ximo Presidente e seu grupo, reflita muito sobre o texto abaixo,&nbsp;sobre o acordo feito por Dinamite e Eurico para aprovar as contas de 2012, e sobre quem poder\u00e1 recolocar o&nbsp;CRVG&nbsp;nos trilhos da nova tend\u00eancia do Futebol mundial!<br \/>&nbsp;<br \/>Eurico, n\u00e3o! Dinamite ou seu indicado, jamais!<br \/>&nbsp;<br \/>Blog Incondicionalmente Vasco!<br \/>&nbsp;<\/p>\n<p><\/p>\n<div>\n<div dir=\"ltr\">\n<div>\n<div><strong><span class=\"ecxtitulo\">PORQUE VOTEI CONTRA O PRAZO DE MAIS 60 DIAS PARA  &#8220;APROVA\u00c7\u00c3O&#8221; DAS CONTAS<\/span> <\/strong><\/div>\n<div>&nbsp;<\/div>\n<div><strong><font color=\"#808080\">&nbsp;<span class=\"ecxdata-categoria\"><span class=\"ecxdata\">13 de fevereiro de 2014<\/span> <\/span><\/font><\/strong><\/div>\n<div><font face=\"Arial\" size=\"2\"><\/font>&nbsp;<\/div>\n<div><font face=\"Arial\" size=\"2\"><\/font>&nbsp;<\/div>\n<div class=\"ecxclear ecxespaco-pq\"><\/div>\n<div><span class=\"ecxfoto\"><img decoding=\"async\" title='PORQUE VOTEI CONTRA O PRAZO DE MAIS 60 DIAS PARA \"APROVA\u00c7\u00c3O\" DAS CONTAS' alt='PORQUE VOTEI CONTRA O PRAZO DE MAIS 60 DIAS PARA \"APROVA\u00c7\u00c3O\" DAS CONTAS' src=\"http&#58;\/\/www.portalpedrovalente.com.br\/Materiais\/186\/643_578x437.jpg\"\/><\/span>  <span class=\"ecxresumo\"><\/span><\/div>\n<p> <strong><em>&#8220;Saber o que \u00e9 certo e n\u00e3o fazer \u00e9 a pior  covardia&#8221;.<\/em><\/strong><br \/> <strong>Conf\u00facio<\/strong> <\/p>\n<p align=\"justify\">Mais uma vez os conchavos&nbsp;&nbsp;funcionaram e as contas de  2012, novamente&nbsp;&nbsp;reprovadas pelo Conselho Fiscal, tiveram seu  julgamento adiado pelo Conselho Deliberativo do Vasco&nbsp;para 14 de abril.  \u201cCoincidentemente\u201d, logo ap\u00f3s a final do campeonato estadual de futebol  profissional. Me engana que eu gosto!<\/p>\n<p align=\"justify\">&nbsp;<\/p>\n<p align=\"justify\">Ficou evidente,&nbsp;&nbsp;nesta reuni\u00e3o, que alguns candidatos  \u00e0 presid\u00eancia, supostamente de oposi\u00e7\u00e3o, na realidade s\u00e3o ligados \u00e0 situa\u00e7\u00e3o.  Camuflam-se&nbsp;&nbsp;e mascaram esse posicionamento com um falso discurso de  que tudo que fazem \u00e9 \u201cpelo bem do Vasco\u201d, parodiando, \u201cna maior cara de pau\u201d, o  \u201cgrande presidente\u201d do Clube. Como s\u00e3o falsos!<\/p>\n<p align=\"justify\">&nbsp;<\/p>\n<p align=\"justify\">Essa leniente concess\u00e3o do prazo de 60 (sessenta) dias, para  corrigir supostos \u201cerros\u201d irremov\u00edveis do Balan\u00e7o Patrimonial de 2012 e que  rigorosamente encobrem graves irregularidades, como se referiu um membro do  pr\u00f3prio Conselho Fiscal, na tribuna do Conselho Deliberativo, indignado com toda  aquela desfa\u00e7atez e desconsidera\u00e7\u00e3o. Tudo igual ao que ocorreu com as contas de  2011. Na ess\u00eancia as anomalias s\u00e3o as mesmas, insan\u00e1veis desde a origem.<\/p>\n<p align=\"justify\">&nbsp;<\/p>\n<p align=\"justify\">Como ir\u00e3o corrigir o fato da assinatura de um contrato  extremamente lesivo ao Vasco com a chamada &#8220;Genrotur&#8221;? Ser\u00e1 que o genro vai  devolver, com juros e corre\u00e7\u00e3o monet\u00e1ria, as diversificadas comiss\u00f5es de 20% que  faturou no Clube?<\/p>\n<p align=\"justify\">&nbsp;<\/p>\n<p align=\"justify\">Vale o mesmo para os contratos do famigerado \u201cO Vasco \u00e9 Meu\u201d,  cujos impostos descontados da receita bruta e de recolhimento duvidoso, somados  aos honor\u00e1rios cobrados pelo p\u00e9ssimo servi\u00e7o prestado, perfaziam mais de 40% do  arrecadado, cujo total, consta que escapava ao controle da Tesouraria do Clube.  Cabe aqui tamb\u00e9m apurar responsabilidades.<\/p>\n<p align=\"justify\">&nbsp;<\/p>\n<p align=\"justify\">Certamente toda esta heran\u00e7a danosa, ser\u00e1 desafortunadamente  repassada para a pr\u00f3xima administra\u00e7\u00e3o.<\/p>\n<p align=\"justify\">&nbsp;<\/p>\n<p align=\"justify\">O problema foi adiado, mas certamente o dinamite est\u00e1 tranq\u00fcilo  e continua sorridente. O conluio \u00e9 constante, outros \u201cacord\u00f5es\u201d vir\u00e3o.<\/p>\n<p align=\"justify\">&nbsp;<\/p>\n<p align=\"justify\">Em s\u00edntese, tudo isto somado a mais um humilhante rebaixamento,  a grandeza do Vasco e sua imensa torcida n\u00e3o deveriam ser submetidos a esta  deprimente situa\u00e7\u00e3o.&nbsp;&nbsp;<\/p>\n<p align=\"center\"><strong>Pedro Valente<\/strong><\/p>\n<p align=\"center\">&nbsp;<\/p>\n<p align=\"left\"><strong><font color=\"#800000\" size=\"4\">FONTE:<\/font><\/strong> <a href=\"http:\/\/www.portalpedrovalente.com.br\/blog\/blog-vasco\/porque-votei-contra-o-prazo-de-mais-60-dias-para-aprovacao-das-contas\" target=\"_blank\"><\/a><a href=\"http:\/\/www.portalpedrovalente.com.br\/blog\/blog-vasco\/porque-votei-contra-o-prazo-de-mais-60-dias-para-aprovacao-das-contas\" >http:\/\/www.portalpedrovalente.com.br\/blog\/blog-vasco\/porque-votei-contra-o-prazo-de-mais-60-dias-para-aprovacao-das-contas<\/a><\/p>\n<\/div><\/div>\n<\/div><\/div>\n<\/div>\n<p><\/p>\n","protected":false},"excerpt":{"rendered":"<p>&nbsp;S\u00f3cios do Vasco, logo chegar\u00e1 mar\u00e7o e os dias&nbsp;e meses correr\u00e3o depressa rumo \u00e0s&nbsp;elei\u00e7\u00f5es do&#8230;<\/p>\n","protected":false},"author":8,"featured_media":261,"comment_status":"open","ping_status":"closed","sticky":false,"template":"","format":"standard","meta":{"footnotes":""},"categories":[6],"tags":[],"class_list":["post-774","post","type-post","status-publish","format-standard","has-post-thumbnail","hentry","category-marcus-simonini"],"_links":{"self":[{"href":"https:\/\/webvasco.com\/artigos\/wp-json\/wp\/v2\/posts\/774","targetHints":{"allow":["GET"]}}],"collection":[{"href":"https:\/\/webvasco.com\/artigos\/wp-json\/wp\/v2\/posts"}],"about":[{"href":"https:\/\/webvasco.com\/artigos\/wp-json\/wp\/v2\/types\/post"}],"author":[{"embeddable":true,"href":"https:\/\/webvasco.com\/artigos\/wp-json\/wp\/v2\/users\/8"}],"replies":[{"embeddable":true,"href":"https:\/\/webvasco.com\/artigos\/wp-json\/wp\/v2\/comments?post=774"}],"version-history":[{"count":1,"href":"https:\/\/webvasco.com\/artigos\/wp-json\/wp\/v2\/posts\/774\/revisions"}],"predecessor-version":[{"id":777,"href":"https:\/\/webvasco.com\/artigos\/wp-json\/wp\/v2\/posts\/774\/revisions\/777"}],"wp:featuredmedia":[{"embeddable":true,"href":"https:\/\/webvasco.com\/artigos\/wp-json\/wp\/v2\/media\/261"}],"wp:attachment":[{"href":"https:\/\/webvasco.com\/artigos\/wp-json\/wp\/v2\/media?parent=774"}],"wp:term":[{"taxonomy":"category","embeddable":true,"href":"https:\/\/webvasco.com\/artigos\/wp-json\/wp\/v2\/categories?post=774"},{"taxonomy":"post_tag","embeddable":true,"href":"https:\/\/webvasco.com\/artigos\/wp-json\/wp\/v2\/tags?post=774"}],"curies":[{"name":"wp","href":"https:\/\/api.w.org\/{rel}","templated":true}]}}