{"id":778,"date":"2014-02-13T15:31:35","date_gmt":"2014-02-13T18:31:35","guid":{"rendered":"http:\/\/webvasco.com\/artigos\/?p=778"},"modified":"2014-02-13T15:37:54","modified_gmt":"2014-02-13T18:37:54","slug":"acordo-para-adiamento-da-votao-das-contas-pelo-cd-teria-sido-costurado-por-dinamite-e-eurico-roberto-monteiro-apoiou-dilatao-do-prazo","status":"publish","type":"post","link":"https:\/\/webvasco.com\/artigos\/colunistas\/marcus-simonini\/acordo-para-adiamento-da-votao-das-contas-pelo-cd-teria-sido-costurado-por-dinamite-e-eurico-roberto-monteiro-apoiou-dilatao-do-prazo\/","title":{"rendered":"Acordo para adiamento da vota&ccedil;&atilde;o das contas pelo CD teria sido costurado por Dinamite e Eurico; Roberto Monteiro apoiou dilata&ccedil;&atilde;o do prazo"},"content":{"rendered":"<div>\n<div dir='ltr'>&nbsp;<\/p>\n<div>\n<div dir=\"ltr\">\n<div>&nbsp;<\/div>\n<div>Pelo bem do Vasco?!   <\/p>\n<div dir=\"ltr\">\n<div class=\"ecxplugins-sociais\">&nbsp;&nbsp;&nbsp;&nbsp;&nbsp;&nbsp;&nbsp;&nbsp;&nbsp;&nbsp;&nbsp;                  <\/p>\n<div class=\"ecxfb-like\" style=\"vertical-align: top;\" data-href=\"http:\/\/www.netvasco.com.br\/n\/142555\/\" data-send=\"true\" data-layout=\"button_count\" data-width=\"150\" data-show-faces=\"false\"><\/div>\n<p><a href=\"http:\/\/www.netvasco.com.br\/n\/142555\/acordo-para-adiamento-da-votacao-das-contas-pelo-cd-teria-sido-costurado-por-dinamite-e-eurico-roberto-monteiro-apoiou-dilatacao-do-prazo#cfb\" target=\"_blank\"><span class=\"ecxcfb\"> <\/span><\/a><\/div>\n<p>\u201cOs pol\u00edticos n\u00e3o conhecem nem o \u00f3dio, nem o amor. S\u00e3o conduzidos pelo <a style=\"color: rgb(0, 102, 0); text-decoration: underline; border-bottom-color: currentColor; border-bottom-width: 1px; border-bottom-style: dotted;\" href=\"http:\/\/www.netvasco.com.br\/n\/142555\/acordo-para-adiamento-da-votacao-das-contas-pelo-cd-teria-sido-costurado-por-dinamite-e-eurico-roberto-monteiro-apoiou-dilatacao-do-prazo#\" target=\"_blank\" rel=\"nofollow\">interesse<\/a> e n\u00e3o pelo sentimento\u201c. A frase, do pol\u00edtico e escritor ingl\u00eas Philip Dormer Stanhope, se encaixa ao atual momento pol\u00edtico do Vasco. Antes rivais e de lados completamente opostos, Roberto Dinamite e Eurico Miranda estariam mais juntos do que nunca. E, desta vez, o trabalho articulado nos bastidores pelo ex-presidente gerou o que, internamente, est\u00e1 sendo chamado de \u201cacord\u00e3o\u201d. Uma verdadeira jogada de mestres, onde os dois sa\u00edram ganhando.  <\/p>\n<p>Com as contas de 2012 com in\u00fameros pontos sem explica\u00e7\u00f5es e parecer negativo do <a style=\"color: rgb(0, 102, 0); text-decoration: underline; border-bottom-color: currentColor; border-bottom-width: 1px; border-bottom-style: dotted;\" href=\"http:\/\/www.netvasco.com.br\/n\/142555\/acordo-para-adiamento-da-votacao-das-contas-pelo-cd-teria-sido-costurado-por-dinamite-e-eurico-roberto-monteiro-apoiou-dilatacao-do-prazo#\" target=\"_blank\" rel=\"nofollow\">Conselho<\/a> Fiscal \u2013 al\u00e9m de reprovadas pelos Benem\u00e9ritos \u2013, a situa\u00e7\u00e3o do presidente Roberto Dinamite poderia se complicar internamente caso o Deliberativo acompanhasse estas decis\u00f5es na reuni\u00e3o que aconteceu na \u00faltima ter\u00e7a-feira.  <\/p>\n<p>Eurico, por\u00e9m, com interesse de que nada fosse modificado no clube, entrou na jogada e e teria dado algumas cartadas certeiras. Assim, ajudou Dinamite a <a style=\"color: rgb(0, 102, 0); text-decoration: underline; border-bottom-color: currentColor; border-bottom-width: 1px; border-bottom-style: dotted;\" href=\"http:\/\/www.netvasco.com.br\/n\/142555\/acordo-para-adiamento-da-votacao-das-contas-pelo-cd-teria-sido-costurado-por-dinamite-e-eurico-roberto-monteiro-apoiou-dilatacao-do-prazo#\" target=\"_blank\" rel=\"nofollow\">ganhar<\/a>, perante o Deliberativo, um prazo de 60 dias para apresenta\u00e7\u00f5es das irregularidades apontadas.  <\/p>\n<p>Com isso, o atual presidente <a style=\"color: rgb(0, 102, 0); text-decoration: underline; border-bottom-color: currentColor; border-bottom-width: 1px; border-bottom-style: dotted;\" href=\"http:\/\/www.netvasco.com.br\/n\/142555\/acordo-para-adiamento-da-votacao-das-contas-pelo-cd-teria-sido-costurado-por-dinamite-e-eurico-roberto-monteiro-apoiou-dilatacao-do-prazo#\" target=\"_blank\" rel=\"nofollow\">ganharia<\/a> tempo e, em troca, a situa\u00e7\u00e3o dos \u201cmensaleiros\u201d (s\u00f3cios que est\u00e3o com a participa\u00e7\u00e3o no pr\u00f3ximo pleito sob an\u00e1lise) n\u00e3o seria mexida. O ponto de interesse de Eurico seria justamente esse, que os nomes dos referidos associados estejam na lista final de aptos a votarem na elei\u00e7\u00e3o do clube, no meio deste ano. <\/p>\n<p>Durante a \u00faltima ter\u00e7a, horas antes da reuni\u00e3o, a costura estava quase pronta. No fim, vit\u00f3ria de ambos com o prazo concedido pelo Deliberativo. Ali\u00e1s, esque\u00e7am as ofensas de outrora, pois o aperto de m\u00e3o apagou o passado e pode mudar o futuro. <\/p>\n<p>SUPOSTO MENSAL\u00c3O <\/p>\n<p>Ades\u00e3o em massa <\/p>\n<p>No dia 30 de abril de 2013, 1.730 pessoas se tornaram s\u00f3cias do Vasco. At\u00e9 ent\u00e3o, a m\u00e9dia mensal do clube era de sete pessoas por m\u00eas.  <\/p>\n<p>Suspeita <\/p>\n<p>O grande benem\u00e9rito Ot\u00e1vio Gomes suspeitou da movimenta\u00e7\u00e3o e protocolou um documento no clube para denunciar a ades\u00e3o em massa. <\/p>\n<p>Investiga\u00e7\u00e3o <\/p>\n<p>H\u00e1 pouco mais de uma semana, o Vasco abriu uma sindic\u00e2ncia para investigar poss\u00edveis irregularidades durante este processo de ades\u00e3o. <\/p>\n<p>ROBERTO MONTEIRO: OUTRO QUE SE DEU BEM <\/p>\n<p>Outro pr\u00e9-candidato que teria se beneficiado com a decis\u00e3o do Conselho Fiscal foi Roberto Monteiro. O ex-l\u00edder de torcida organizada tamb\u00e9m estaria interessado que os s\u00f3cios ainda sob an\u00e1lise participem do pleito presidencial deste ano. Ele, inclusive, votou a favor do prazo. A pol\u00eamica envolve a avalanche de pessoas que se associaram ao clube no dia 30 de abril do ano passado.  <\/p>\n<p>Um dos pontos, por\u00e9m, \u00e9 que alguns destes novos s\u00f3cios nem sequer sabiam que estavam se filiando ao Cruz-Maltino e outros chegaram a recusar cobran\u00e7as em seus nomes. Neste dia citado acima, 1.730 pessoas se tornaram s\u00f3cios, n\u00famero muito maior ao qual o clube estava acostumado \u2013 a m\u00e9dia era de sete novos associados por m\u00eas. <\/p>\n<p>Fonte: Lancenet <\/div>\n<div dir=\"ltr\">&nbsp;<\/div>\n<div dir=\"ltr\"><strong><font color=\"#800000\" size=\"4\">FONTE: <a href=\"http:\/\/www.netvasco.com.br\/n\/142555\/acordo-para-adiamento-da-votacao-das-contas-pelo-cd-teria-sido-costurado-por-dinamite-e-eurico-roberto-monteiro-apoiou-dilatacao-do-prazo\" target=\"_blank\"><\/a><a href=\"http:\/\/www.netvasco.com.br\/n\/142555\/acordo-para-adiamento-da-votacao-das-contas-pelo-cd-teria-sido-costurado-por-dinamite-e-eurico-roberto-monteiro-apoiou-dilatacao-do-prazo\" >http:\/\/www.netvasco.com.br\/n\/142555\/acordo-para-adiamento-da-votacao-das-contas-pelo-cd-teria-sido-costurado-por-dinamite-e-eurico-roberto-monteiro-apoiou-dilatacao-do-prazo<\/a><\/font><\/strong><\/div>\n<div dir=\"ltr\"><strong><font color=\"#800000\" size=\"4\"><\/font><\/strong>&nbsp;<\/div>\n<div dir=\"ltr\"><strong><font color=\"#800000\" size=\"4\"><\/font><\/strong>&nbsp;<\/div>\n<div dir=\"ltr\"><strong><font color=\"#800000\" size=\"4\"><\/font><\/strong>&nbsp;<\/div>\n<div dir=\"ltr\">&nbsp;<\/div>\n<\/div><\/div>\n<\/div><\/div>\n<\/div>\n<p><\/p>\n","protected":false},"excerpt":{"rendered":"<p>&nbsp; &nbsp; Pelo bem do Vasco?! &nbsp;&nbsp;&nbsp;&nbsp;&nbsp;&nbsp;&nbsp;&nbsp;&nbsp;&nbsp;&nbsp; \u201cOs pol\u00edticos n\u00e3o conhecem nem o \u00f3dio, nem&#8230;<\/p>\n","protected":false},"author":8,"featured_media":261,"comment_status":"open","ping_status":"closed","sticky":false,"template":"","format":"standard","meta":{"footnotes":""},"categories":[6],"tags":[],"class_list":["post-778","post","type-post","status-publish","format-standard","has-post-thumbnail","hentry","category-marcus-simonini"],"_links":{"self":[{"href":"https:\/\/webvasco.com\/artigos\/wp-json\/wp\/v2\/posts\/778","targetHints":{"allow":["GET"]}}],"collection":[{"href":"https:\/\/webvasco.com\/artigos\/wp-json\/wp\/v2\/posts"}],"about":[{"href":"https:\/\/webvasco.com\/artigos\/wp-json\/wp\/v2\/types\/post"}],"author":[{"embeddable":true,"href":"https:\/\/webvasco.com\/artigos\/wp-json\/wp\/v2\/users\/8"}],"replies":[{"embeddable":true,"href":"https:\/\/webvasco.com\/artigos\/wp-json\/wp\/v2\/comments?post=778"}],"version-history":[{"count":0,"href":"https:\/\/webvasco.com\/artigos\/wp-json\/wp\/v2\/posts\/778\/revisions"}],"wp:featuredmedia":[{"embeddable":true,"href":"https:\/\/webvasco.com\/artigos\/wp-json\/wp\/v2\/media\/261"}],"wp:attachment":[{"href":"https:\/\/webvasco.com\/artigos\/wp-json\/wp\/v2\/media?parent=778"}],"wp:term":[{"taxonomy":"category","embeddable":true,"href":"https:\/\/webvasco.com\/artigos\/wp-json\/wp\/v2\/categories?post=778"},{"taxonomy":"post_tag","embeddable":true,"href":"https:\/\/webvasco.com\/artigos\/wp-json\/wp\/v2\/tags?post=778"}],"curies":[{"name":"wp","href":"https:\/\/api.w.org\/{rel}","templated":true}]}}