{"id":779,"date":"2014-02-13T15:48:53","date_gmt":"2014-02-13T18:48:53","guid":{"rendered":"http:\/\/webvasco.com\/artigos\/?p=779"},"modified":"2014-02-13T15:54:31","modified_gmt":"2014-02-13T18:54:31","slug":"nem-dinamite-nem-eurico-chega-de-polticos-no-vasco-por-um-vasco-forte-coerente-e-profissional","status":"publish","type":"post","link":"https:\/\/webvasco.com\/artigos\/colunistas\/marcus-simonini\/nem-dinamite-nem-eurico-chega-de-polticos-no-vasco-por-um-vasco-forte-coerente-e-profissional\/","title":{"rendered":"Nem Dinamite, nem Eurico! Chega de Pol&iacute;ticos no Vasco! Por um Vasco forte, coerente e profissional!"},"content":{"rendered":"<div>\n<div dir='ltr'>\n<div>\n<div dir=\"ltr\">&nbsp;<br \/><img decoding=\"async\" src=\"http&#58;\/\/incondicionalmentevasco.files.wordpress.com\/2013\/07\/eleicoes_do_vasco_dinamite-governador.jpg\"\/><br \/>&nbsp;<\/p>\n<p class=\"ecxwp-caption-text\"><em>Sergio Cabral discursa na elei\u00e7\u00e3o de 2011 ao lado de Dinamite. Os Pol\u00edticos, hoje alvo das manifesta\u00e7\u00f5es por todo o Brasil, dominam, sucessivamente, a Presid\u00eancia do CRVG, num espet\u00e1culo degradante de inefici\u00eancia<\/em><\/p>\n<p><em><\/em>&nbsp;<br \/>&nbsp;<br \/><strong>Nem Dinamite, nem Eurico! Chega de Pol\u00edticos no Vasco! Por um Vasco forte, coerente&nbsp;e profissional!<\/strong> \t\t \t   \t\t  <\/div>\n<\/div><\/div>\n<\/div>\n<p><\/p>\n","protected":false},"excerpt":{"rendered":"<p>&nbsp;&nbsp; Sergio Cabral discursa na elei\u00e7\u00e3o de 2011 ao lado de Dinamite. Os Pol\u00edticos, hoje&#8230;<\/p>\n","protected":false},"author":8,"featured_media":261,"comment_status":"open","ping_status":"closed","sticky":false,"template":"","format":"standard","meta":{"footnotes":""},"categories":[6],"tags":[],"class_list":["post-779","post","type-post","status-publish","format-standard","has-post-thumbnail","hentry","category-marcus-simonini"],"_links":{"self":[{"href":"https:\/\/webvasco.com\/artigos\/wp-json\/wp\/v2\/posts\/779","targetHints":{"allow":["GET"]}}],"collection":[{"href":"https:\/\/webvasco.com\/artigos\/wp-json\/wp\/v2\/posts"}],"about":[{"href":"https:\/\/webvasco.com\/artigos\/wp-json\/wp\/v2\/types\/post"}],"author":[{"embeddable":true,"href":"https:\/\/webvasco.com\/artigos\/wp-json\/wp\/v2\/users\/8"}],"replies":[{"embeddable":true,"href":"https:\/\/webvasco.com\/artigos\/wp-json\/wp\/v2\/comments?post=779"}],"version-history":[{"count":0,"href":"https:\/\/webvasco.com\/artigos\/wp-json\/wp\/v2\/posts\/779\/revisions"}],"wp:featuredmedia":[{"embeddable":true,"href":"https:\/\/webvasco.com\/artigos\/wp-json\/wp\/v2\/media\/261"}],"wp:attachment":[{"href":"https:\/\/webvasco.com\/artigos\/wp-json\/wp\/v2\/media?parent=779"}],"wp:term":[{"taxonomy":"category","embeddable":true,"href":"https:\/\/webvasco.com\/artigos\/wp-json\/wp\/v2\/categories?post=779"},{"taxonomy":"post_tag","embeddable":true,"href":"https:\/\/webvasco.com\/artigos\/wp-json\/wp\/v2\/tags?post=779"}],"curies":[{"name":"wp","href":"https:\/\/api.w.org\/{rel}","templated":true}]}}