{"id":7797,"date":"2016-01-31T20:23:45","date_gmt":"2016-01-31T23:23:45","guid":{"rendered":"http:\/\/webvasco.com\/artigos\/?p=7797"},"modified":"2016-01-31T20:49:19","modified_gmt":"2016-01-31T23:49:19","slug":"sambou","status":"publish","type":"post","link":"https:\/\/webvasco.com\/artigos\/colunistas\/luizcarlosrocha\/sambou\/","title":{"rendered":"SAMBOU!"},"content":{"rendered":"<div>\n<div style=\"color:#000; background-color:#fff; font-family:HelveticaNeue-Light, Helvetica Neue Light, Helvetica Neue, Helvetica, Arial, Lucida Grande, sans-serif;font-size:32px\">\n<div class=\"\" style=\"text-align:justify;text-indent:35.4pt;tab-stops:111.0pt\" id=\"yui_3_16_0_1_1454282479445_4034\"><span style=\"font-size:12.0pt;line-height:115%;font-family:&quot;Arial&quot;,&quot;sans-serif&quot;\" id=\"yui_3_16_0_1_1454282479445_4036\" class=\"\">O  Sub\u00farbio Carioca \u00e9 conhecido como o Ber\u00e7o do Samba, da Cidade Maravilhosa.  Agremia\u00e7\u00f5es famosas, bem como int\u00e9rpretes e compositores renomados fizeram a  hist\u00f3ria de um Bairro chamado Madureira, na qual inclusive existe uma can\u00e7\u00e3o em  homenagem. Pois \u00e9. \u00c0s v\u00e9speras do Carnaval, o Tricolor, que leva o nome do  bairro, foi a S\u00e3o Janu\u00e1rio tentar vencer o Vasco da Gama (atual campe\u00e3o da  competi\u00e7\u00e3o), e levou de 4 a 1, em partida v\u00e1lida pela Primeira Rodada do  Campeonato Carioca, vers\u00e3o 2016.<o:p id=\"yui_3_16_0_1_1454282479445_4038\" class=\"\"><\/o:p><\/span><\/div>\n<div class=\"\" style=\"text-align:justify;text-indent:35.4pt;tab-stops:111.0pt\" id=\"yui_3_16_0_1_1454282479445_4040\"><span style=\"font-size:12.0pt;line-height:115%;font-family:&quot;Arial&quot;,&quot;sans-serif&quot;\" id=\"yui_3_16_0_1_1454282479445_4042\" class=\"\">O  Cruzmaltino abriu o placar com Riascos. O Madureira empatou ainda na etapa inicial  com Daniel. Na volta do intervalo o treinador Jorginho puxou as orelhas de seus  pupilos e surtiu efeito. Logo no in\u00edcio do tempo complementar Andrezinho  recolocou o Vasco na frente. Depois foi a vez de Nen\u00ea marcar de p\u00eanalti o  terceiro gol. Para finalizar, nos acr\u00e9scimos o mesmo Riascos que inaugurou o marcador,  fechou, decretando uma vit\u00f3ria mai\u00fascula!<o:p id=\"yui_3_16_0_1_1454282479445_4044\" class=\"\"><\/o:p><\/span><\/div>\n<div class=\"\" style=\"text-align:justify;text-indent:35.4pt;tab-stops:111.0pt\" id=\"yui_3_16_0_1_1454282479445_4046\"><span style=\"font-size:12.0pt;line-height:115%;font-family:&quot;Arial&quot;,&quot;sans-serif&quot;\" id=\"yui_3_16_0_1_1454282479445_4048\" class=\"\">Com  o resultado, o Mach\u00e3o da Gama assumiu a lideran\u00e7a do Grupo A, do Carioc\u00e3o, com  3 pontos ganhos, 100% de aproveitamento, e saldo de 3 gols. &nbsp;Por\u00e9m, \u00e9 preciso colocar os p\u00e9s no ch\u00e3o, pois  o Gigante da Colina ainda n\u00e3o conquistou a Ta\u00e7a. Tem tudo para ser bicampe\u00e3o,  mas precisa acertar alguns detalhes, que Jorginho e Zinho tiveram tempo de  sobra e ainda n\u00e3o corrigiram tudo!<o:p id=\"yui_3_16_0_1_1454282479445_4050\" class=\"\"><\/o:p><\/span><\/div>\n<div class=\"\" style=\"text-align:justify;text-indent:35.4pt;tab-stops:111.0pt\" id=\"yui_3_16_0_1_1454282479445_4052\"><span style=\"font-size:12.0pt;line-height:115%;font-family:&quot;Arial&quot;,&quot;sans-serif&quot;\" id=\"yui_3_16_0_1_1454282479445_4054\" class=\"\">O  pr\u00f3ximo desafio do Vasc\u00e3o ser\u00e1 quinta-feira, dia 04 de fevereiro, \u00e0s 19h30m,  contra o Am\u00e9rica, no Est\u00e1dio Giulitte Coutinho, em Edson Passos, na Baixada  Fluminense. Se vencer, fortalecer\u00e1 o grupo, e consequentemente as vit\u00f3rias  aparecer\u00e3o com mais frequ\u00eancia no decorrer da competi\u00e7\u00e3o. <o:p id=\"yui_3_16_0_1_1454282479445_4056\" class=\"\"><\/o:p><\/span><\/div>\n<div class=\"\" style=\"text-align:justify;text-indent:35.4pt;tab-stops:111.0pt\" id=\"yui_3_16_0_1_1454282479445_4058\"><span style=\"font-size:12.0pt;line-height:115%;font-family:&quot;Arial&quot;,&quot;sans-serif&quot;\" id=\"yui_3_16_0_1_1454282479445_4060\" class=\"\">A  conclus\u00e3o do jogo de hoje foi: o t\u00e9cnico Alfredo Sampaio e seus comandados  acharam que seria mole vencer o Vasco, em casa, pelo fato de ter feito vexame  no final do Campeonato Brasileiro, 2015. Entraram em campo em ritmo de samba.  Mas as notas musicais n\u00e3o condiziam com o repert\u00f3rio. Moral da hist\u00f3ria.  Dan\u00e7ou! O Vasco da Gama, com mais camisa e carisma, ditou a melodia, no estilo  mais fiel do \u201cdan\u00e7o conforme a m\u00fasica\u201d. Em tempos de folia, e com uma vit\u00f3ria  em cima da equipe da terra do samba, s\u00f3 posso afirmar que, Vamos vibrar meu  pov\u00e3o, \u00e9 gol, \u00e9 gol, a rede vai balan\u00e7ar, vai balan\u00e7ar, sou Vasco da Gama meu  bem, Campe\u00e3o de Terra e Mar!<o:p id=\"yui_3_16_0_1_1454282479445_4062\" class=\"\"><\/o:p><\/span><\/div>\n<div class=\"\" style=\"text-align:justify;text-indent:35.4pt;tab-stops:111.0pt\" id=\"yui_3_16_0_1_1454282479445_4064\"><span style=\"font-size:12.0pt;line-height:115%;font-family:&quot;Arial&quot;,&quot;sans-serif&quot;\" id=\"yui_3_16_0_1_1454282479445_4066\" class=\"\"><o:p id=\"yui_3_16_0_1_1454282479445_4068\" class=\"\">&nbsp;<\/o:p><\/span><\/div>\n<div class=\"\" style=\"text-align:justify;text-indent:35.4pt;tab-stops:111.0pt\" id=\"yui_3_16_0_1_1454282479445_4070\"><span style=\"font-size:12.0pt;line-height:115%;font-family:&quot;Arial&quot;,&quot;sans-serif&quot;\" id=\"yui_3_16_0_1_1454282479445_4072\" class=\"\">&nbsp;<o:p id=\"yui_3_16_0_1_1454282479445_4074\" class=\"\"><\/o:p><\/span><\/div>\n<div class=\"\" style=\"text-align:justify;text-indent:35.4pt;tab-stops:111.0pt\" id=\"yui_3_16_0_1_1454282479445_4076\"><b id=\"yui_3_16_0_1_1454282479445_4078\" class=\"\"><u id=\"yui_3_16_0_1_1454282479445_4080\" class=\"\"><span style=\"font-size:20.0pt;line-height:115%;font-family:&quot;Arial&quot;,&quot;sans-serif&quot;\" id=\"yui_3_16_0_1_1454282479445_4082\" class=\"\">DIVULGUEM ESSA COVARDIA:<\/span><\/u><\/b><span style=\"font-size:16.0pt;line-height:115%;font-family:&quot;Arial&quot;,&quot;sans-serif&quot;\" id=\"yui_3_16_0_1_1454282479445_4084\" class=\"\"> GOSTARIA  DE PEDIR A TODOS OS MEUS AMIGOS E LEITORES QUE TIRASSE UM TEMPINHO PARA LER A  PETI\u00c7\u00c3O P\u00daBLICA, AO QUAL SEGUE ABAIXO O LINK. TAL DOCUMENTO REFERE-SE A <b id=\"yui_3_16_0_1_1454282479445_4086\" class=\"\"><u id=\"yui_3_16_0_1_1454282479445_4088\" class=\"\">UM ATO DE COVARDIA POR PARTE DA  VOLKSWAGEN DO BRASIL EM COAUTORIA DA ABOLI\u00c7\u00c3O VE\u00cdCULOS (GRUPO AB)<\/u><\/b>  CONTRA ESTE VELHO JORNALISTA. A REFERIDA CONCESSION\u00c1RIA EST\u00c1 ME LESANDO DESDE  FEVEREIRO DE 2013. MEU CARRO FOI BATIDO DENTRO DA OFICINA, FURTARAM ACESS\u00d3RIOS,  TEM PROBLEMAS CAUSADOS POR ELES, AL\u00c9M DE DEFEITOS DE FABRICA\u00c7\u00c3O. O CARRO 0 KM  COMPRADO POR MIM HOJE SE ENCONTRA NA OFICINA DA ABOLI\u00c7\u00c3O VE\u00cdCULOS (CENTRO DE  NITER\u00d3I) <b id=\"yui_3_16_0_1_1454282479445_4090\" class=\"\"><u id=\"yui_3_16_0_1_1454282479445_4092\" class=\"\">DESDE 10 DE JUNHO DE 2013<\/u><\/b>,  OU SEJA, H\u00c1 <b id=\"yui_3_16_0_1_1454282479445_4094\" class=\"\"><u id=\"yui_3_16_0_1_1454282479445_4096\" class=\"\">30 MESES, OU SEJA, 2 ANOS  E SEIS MESES.<\/u><\/b> <b id=\"yui_3_16_0_1_1454282479445_4098\" class=\"\"><u id=\"yui_3_16_0_1_1454282479445_4100\" class=\"\">TEM APENAS 729  KM RODADOS<\/u><\/b> PARA COMPROVAR O CALV\u00c1RIO TENHO DOCUMENTOS, GRAVA\u00c7\u00d5ES DE  AUDIO E V\u00cdDEO, MAIS DE 600 FOTOGRAFIAS E E-MAILS TROCADOS COM FUNCION\u00c1RIOS DO  BAIXO, M\u00c9DIO E ALTO ESCAL\u00c3O DA EMPRESA. POR FAVOR, ASSINEM O DOCUMENTO PARA QUE  OUTROS CONSUMIDORES N\u00c3O SEJAM LESADOS POR EMPRESAS DESTE N\u00cdVEL.&nbsp; <\/span><a href=\"https:\/\/secure.avaaz.org\/po\/petition\/Aos_Orgaos_de_Defesa_do_Consumidor_e_ao_Poder_Judiciario_JUSTICA_CONTRA_UMA_MARCA_E_SUA_REVENDERORA_QUE_DESCUMPREM_A_LEI\/?lJEcNfb&amp;pv=0\" id=\"yui_3_16_0_1_1454282479445_4102\" class=\"\"><span style=\"font-size:16.0pt;line-height:115%;font-family:&quot;Arial&quot;,&quot;sans-serif&quot;\" id=\"yui_3_16_0_1_1454282479445_4104\" class=\"\"><a href=\"https:\/\/secure.avaaz.org\/po\/petition\/Aos_Orgaos_de_Defesa_do_Consumidor_e_ao_Poder_Judiciario_JUSTICA_CONTRA_UMA_MARCA_E_SUA_REVENDERORA_QUE_DESCUMPREM_A_LEI\/?lJEcNfb&amp;pv=0\" >https:\/\/secure.avaaz.org\/po\/petition\/Aos_Orgaos_de_Defesa_do_Consumidor_e_ao_Poder_Judiciario_JUSTICA_CONTRA_UMA_MARCA_E_SUA_REVENDERORA_QUE_DESCUMPREM_A_LEI\/?lJEcNfb&amp;pv=0<\/a><\/span><\/a><span style=\"font-size:16.0pt;line-height:115%;font-family:&quot;Arial&quot;,&quot;sans-serif&quot;\" id=\"yui_3_16_0_1_1454282479445_4106\" class=\"\"><o:p id=\"yui_3_16_0_1_1454282479445_4108\" class=\"\"><\/o:p><\/span><\/div>\n<div class=\"\" style=\"text-align:justify;tab-stops:111.0pt\" id=\"yui_3_16_0_1_1454282479445_4110\"><span style=\"font-size:16.0pt;line-height:115%;font-family:&quot;Arial&quot;,&quot;sans-serif&quot;\" id=\"yui_3_16_0_1_1454282479445_4112\" class=\"\"><o:p id=\"yui_3_16_0_1_1454282479445_4114\" class=\"\">&nbsp;<\/o:p><\/span><\/div>\n<div class=\"\" style=\"text-align:justify;tab-stops:111.0pt\" id=\"yui_3_16_0_1_1454282479445_4116\"><b id=\"yui_3_16_0_1_1454282479445_4118\" class=\"\"><span style=\"font-size:16.0pt;line-height:115%;font-family:&quot;Arial&quot;,&quot;sans-serif&quot;\" id=\"yui_3_16_0_1_1454282479445_4120\" class=\"\">&nbsp;&nbsp;&nbsp;&nbsp;&nbsp;&nbsp;&nbsp;&nbsp;&nbsp;&nbsp;&nbsp;&nbsp;&nbsp;&nbsp;&nbsp;&nbsp;&nbsp;&nbsp;&nbsp;&nbsp;&nbsp;&nbsp;&nbsp;&nbsp; &nbsp;&nbsp;&nbsp;&nbsp;&nbsp;&nbsp; <o:p id=\"yui_3_16_0_1_1454282479445_4122\" class=\"\"><\/o:p><\/span><\/b><\/div>\n<div id=\"yui_3_16_0_1_1454282479445_3910\">                                        <\/div>\n<div class=\"\" style=\"text-align:justify\" id=\"yui_3_16_0_1_1454282479445_4032\" dir=\"ltr\"><b id=\"yui_3_16_0_1_1454282479445_4125\" class=\"\"><span style=\"font-size:14.0pt;line-height:115%;font-family:&quot;Arial&quot;,&quot;sans-serif&quot;\" id=\"yui_3_16_0_1_1454282479445_4127\" class=\"\">AP\u00d3S  AS TODAS AS PARTIDAS DO VASC\u00c3O EM MEU PERFIL DO FACEBOOK (QUEM QUISER RECEBER  AS CR\u00d4NICAS DE PRIMEIRA M\u00c3O \u00c9 S\u00d3 ME ADICIONAR), E NOS SITES WEBVASCO  (www.webvasco.com), E VASCA\u00cdNOS UNIDOS (www.vascainosunidos.com.br) TEM A  OPINI\u00c3O DO JORNALISTA LUIZ CARLOS ROCHA. LEIAM! COMPARTILHEM E CURTAM!  VASCA\u00cdNOS UNIDOS JAMAIS SER\u00c3O VENCIDOS.<o:p id=\"yui_3_16_0_1_1454282479445_4129\" class=\"\"><\/o:p><\/span><\/b><\/div>\n<div id=\"yui_3_16_0_1_1454282479445_3910\"><span><br \/><\/span><\/div>\n<div id=\"yui_3_16_0_1_1454282479445_3910\"><span><br \/><\/span><\/div>\n<div><\/div>\n<div id=\"yui_3_16_0_1_1454282479445_3911\">&nbsp;<\/div>\n<div class=\"signature\" id=\"yui_3_16_0_1_1454282479445_3916\">\n<div id=\"RTEContent\">\n<div id=\"yui_3_16_0_1_1454282479445_3915\">\n<div id=\"yui_3_16_0_1_1454282479445_3914\">\n<div id=\"yui_3_16_0_1_1454282479445_3913\">\n<div align=\"center\" id=\"yui_3_16_0_1_1454282479445_3912\"><\/div>\n<\/div>\n<\/div>\n<\/div>\n<\/div>\n<\/div>\n<\/div>\n<\/div>\n<p><\/p>\n","protected":false},"excerpt":{"rendered":"<p>O Sub\u00farbio Carioca \u00e9 conhecido como o Ber\u00e7o do Samba, da Cidade Maravilhosa. Agremia\u00e7\u00f5es famosas,&#8230;<\/p>\n","protected":false},"author":7,"featured_media":0,"comment_status":"open","ping_status":"closed","sticky":false,"template":"","format":"standard","meta":{"footnotes":""},"categories":[4],"tags":[],"class_list":["post-7797","post","type-post","status-publish","format-standard","hentry","category-luizcarlosrocha"],"_links":{"self":[{"href":"https:\/\/webvasco.com\/artigos\/wp-json\/wp\/v2\/posts\/7797","targetHints":{"allow":["GET"]}}],"collection":[{"href":"https:\/\/webvasco.com\/artigos\/wp-json\/wp\/v2\/posts"}],"about":[{"href":"https:\/\/webvasco.com\/artigos\/wp-json\/wp\/v2\/types\/post"}],"author":[{"embeddable":true,"href":"https:\/\/webvasco.com\/artigos\/wp-json\/wp\/v2\/users\/7"}],"replies":[{"embeddable":true,"href":"https:\/\/webvasco.com\/artigos\/wp-json\/wp\/v2\/comments?post=7797"}],"version-history":[{"count":0,"href":"https:\/\/webvasco.com\/artigos\/wp-json\/wp\/v2\/posts\/7797\/revisions"}],"wp:attachment":[{"href":"https:\/\/webvasco.com\/artigos\/wp-json\/wp\/v2\/media?parent=7797"}],"wp:term":[{"taxonomy":"category","embeddable":true,"href":"https:\/\/webvasco.com\/artigos\/wp-json\/wp\/v2\/categories?post=7797"},{"taxonomy":"post_tag","embeddable":true,"href":"https:\/\/webvasco.com\/artigos\/wp-json\/wp\/v2\/tags?post=7797"}],"curies":[{"name":"wp","href":"https:\/\/api.w.org\/{rel}","templated":true}]}}