{"id":7798,"date":"2016-02-06T12:09:50","date_gmt":"2016-02-06T15:09:50","guid":{"rendered":"http:\/\/webvasco.com\/artigos\/?p=7798"},"modified":"2016-02-06T12:17:25","modified_gmt":"2016-02-06T15:17:25","slug":"x-satans","status":"publish","type":"post","link":"https:\/\/webvasco.com\/artigos\/colunistas\/luizcarlosrocha\/x-satans\/","title":{"rendered":"X&Ocirc; SATAN&Aacute;S!"},"content":{"rendered":"<div>\n<div style=\"color:#000; background-color:#fff; font-family:HelveticaNeue-Light, Helvetica Neue Light, Helvetica Neue, Helvetica, Arial, Lucida Grande, sans-serif;font-size:32px\">\n<div class=\"\" style=\"text-align:justify;text-indent:35.4pt;tab-stops:111.0pt\" id=\"yui_3_16_0_1_1454771244627_2415\"><span style=\"font-size:12.0pt;line-height:115%;font-family:&quot;Arial&quot;,&quot;sans-serif&quot;\" id=\"yui_3_16_0_1_1454771244627_2417\" class=\"\">Na  \u00faltima quinta-feira, dia 04 de fevereiro, o Vasco da Gama foi at\u00e9 o Est\u00e1dio de  \u00c9dson Passos e derrotou o Am\u00e9rica por 3 a 1. Os gols foram marcados por Nen\u00ea,  Riascos e Rodrigo. Leandro Aguiar descontou para a equipe anfitri\u00e3. Com o  resultado, o time do treinador Jorginho se manteve na lideran\u00e7a isolada do  Grupo A, do Campeonato Carioca, temporada 2016. Agora com seis pontos ganhos em  duas rodadas. Aproveitamento de 100%.<o:p id=\"yui_3_16_0_1_1454771244627_2419\" class=\"\"><\/o:p><\/span><\/div>\n<div class=\"\" style=\"text-align:justify;text-indent:35.4pt;tab-stops:111.0pt\" id=\"yui_3_16_0_1_1454771244627_2421\"><span style=\"font-size:12.0pt;line-height:115%;font-family:&quot;Arial&quot;,&quot;sans-serif&quot;\" id=\"yui_3_16_0_1_1454771244627_2423\" class=\"\">De  nada adiantou a torcida americana gritar: \u201cSangue, sangue, sangue!\u201d. Os meninos  de S\u00e3o Janu\u00e1rio pouco se importaram com o infernal calor na Baixada Fluminense  (como de costume). Tampouco tomaram conhecimento que o advers\u00e1rio era o Diabo!  O Mach\u00e3o da Gama passou como um rolo compressor. <o:p id=\"yui_3_16_0_1_1454771244627_2425\" class=\"\"><\/o:p><\/span><\/div>\n<div class=\"\" style=\"text-align:justify;text-indent:35.4pt;tab-stops:111.0pt\" id=\"yui_3_16_0_1_1454771244627_2427\"><span style=\"font-size:12.0pt;line-height:115%;font-family:&quot;Arial&quot;,&quot;sans-serif&quot;\" id=\"yui_3_16_0_1_1454771244627_2429\" class=\"\">Pouco  antes da bola rolar, um anjinho do mal, ou seja, um torcedor rubro disparou: \u201cNa  \u00faltima vez que fui a um jogo do Mec\u00e3o contra o Vasco perdemos de 9 a 0. Hoje  ser\u00e1 diferente, estou confiante\u201d, comentou Paulo. Verdade. O placar foi mais  enxuto. No mais nada mudou. A vit\u00f3ria foi nossa. A superioridade matem\u00e1tica da  torcida. A for\u00e7a da camisa&#8230;<o:p id=\"yui_3_16_0_1_1454771244627_2431\" class=\"\"><\/o:p><\/span><\/div>\n<div class=\"\" style=\"text-align:justify;text-indent:35.4pt;tab-stops:111.0pt\" id=\"yui_3_16_0_1_1454771244627_2433\"><span style=\"font-size:12.0pt;line-height:115%;font-family:&quot;Arial&quot;,&quot;sans-serif&quot;\" id=\"yui_3_16_0_1_1454771244627_2435\" class=\"\">Nem  mesmo o enviado do capeta, leia-se \u00e1rbitro (pois essa categoria muitas vezes  complica), conseguiu dar sua pitada maligna. O futebol vasca\u00edno foi brilhante.  Diante de toda t\u00e9cnica, t\u00e1tica e garra apresentada tenho cada vez mais a  certeza que o bem sempre vencer\u00e1 o mal. Afinal, o Diabo n\u00e3o pode derrotar o  time de S\u00e3o Janu\u00e1rio, que carrega a Cruz de Cristo no peito!<o:p id=\"yui_3_16_0_1_1454771244627_2437\" class=\"\"><\/o:p><\/span><\/div>\n<div class=\"\" style=\"text-align:justify;text-indent:35.4pt;tab-stops:111.0pt\" id=\"yui_3_16_0_1_1454771244627_2439\"><span style=\"font-size:12.0pt;line-height:115%;font-family:&quot;Arial&quot;,&quot;sans-serif&quot;\" id=\"yui_3_16_0_1_1454771244627_2441\" class=\"\">Depois  de pegar fogo na batalha contra L\u00facifer, o pr\u00f3ximo desafio do Vasc\u00e3o ser\u00e1 na  quarta-feira de <b id=\"yui_3_16_0_1_1454771244627_2443\" class=\"\"><u id=\"yui_3_16_0_1_1454771244627_2445\" class=\"\">cinzas<\/u><\/b> , e a  pr\u00f3xima v\u00edtima o Volta Redonda, equipe da Cidade do A\u00e7o (acostumada com a  quentura de uma sider\u00fargica), \u00e0s 19h30m, na Colina Hist\u00f3rica. Mas vou logo avisando  que naquele territ\u00f3rio o clima n\u00e3o \u00e9 morno. \u00c9 o caldeir\u00e3o!<o:p id=\"yui_3_16_0_1_1454771244627_2447\" class=\"\"><\/o:p><\/span><\/div>\n<div class=\"\" style=\"text-align:justify;text-indent:35.4pt;tab-stops:111.0pt\" id=\"yui_3_16_0_1_1454771244627_2449\"><span style=\"font-size:12.0pt;line-height:115%;font-family:&quot;Arial&quot;,&quot;sans-serif&quot;\" id=\"yui_3_16_0_1_1454771244627_2451\" class=\"\"><o:p id=\"yui_3_16_0_1_1454771244627_2453\" class=\"\">&nbsp;<\/o:p><\/span><\/div>\n<div class=\"\" style=\"text-align:justify;text-indent:35.4pt;tab-stops:111.0pt\" id=\"yui_3_16_0_1_1454771244627_2455\"><span style=\"font-size:12.0pt;line-height:115%;font-family:&quot;Arial&quot;,&quot;sans-serif&quot;\" id=\"yui_3_16_0_1_1454771244627_2457\" class=\"\"><o:p id=\"yui_3_16_0_1_1454771244627_2459\" class=\"\">&nbsp;<\/o:p><\/span><\/div>\n<div class=\"\" style=\"text-align:justify;text-indent:35.4pt;tab-stops:111.0pt\" id=\"yui_3_16_0_1_1454771244627_2461\"><span style=\"font-size:12.0pt;line-height:115%;font-family:&quot;Arial&quot;,&quot;sans-serif&quot;\" id=\"yui_3_16_0_1_1454771244627_2463\" class=\"\">&nbsp;<o:p id=\"yui_3_16_0_1_1454771244627_2465\" class=\"\"><\/o:p><\/span><\/div>\n<div class=\"\" style=\"text-align:justify;text-indent:35.4pt;tab-stops:111.0pt\" id=\"yui_3_16_0_1_1454771244627_2467\"><b id=\"yui_3_16_0_1_1454771244627_2469\" class=\"\"><u id=\"yui_3_16_0_1_1454771244627_2471\" class=\"\"><span style=\"font-size:20.0pt;line-height:115%;font-family:&quot;Arial&quot;,&quot;sans-serif&quot;\" id=\"yui_3_16_0_1_1454771244627_2473\" class=\"\">DIVULGUEM ESSA COVARDIA:<\/span><\/u><\/b><span style=\"font-size:16.0pt;line-height:115%;font-family:&quot;Arial&quot;,&quot;sans-serif&quot;\" id=\"yui_3_16_0_1_1454771244627_2475\" class=\"\"> GOSTARIA  DE PEDIR A TODOS OS MEUS AMIGOS E LEITORES QUE TIRASSE UM TEMPINHO PARA LER A  PETI\u00c7\u00c3O P\u00daBLICA, AO QUAL SEGUE ABAIXO O LINK. TAL DOCUMENTO REFERE-SE A <b id=\"yui_3_16_0_1_1454771244627_2477\" class=\"\"><u id=\"yui_3_16_0_1_1454771244627_2479\" class=\"\">UM ATO DE COVARDIA POR PARTE DA  VOLKSWAGEN DO BRASIL EM COAUTORIA DA ABOLI\u00c7\u00c3O VE\u00cdCULOS (GRUPO AB)<\/u><\/b>  CONTRA ESTE VELHO JORNALISTA. A REFERIDA CONCESSION\u00c1RIA EST\u00c1 ME LESANDO DESDE  FEVEREIRO DE 2013. MEU CARRO FOI BATIDO DENTRO DA OFICINA, FURTARAM ACESS\u00d3RIOS,  TEM PROBLEMAS CAUSADOS POR ELES, AL\u00c9M DE DEFEITOS DE FABRICA\u00c7\u00c3O. O CARRO 0 KM  COMPRADO POR MIM HOJE SE ENCONTRA NA OFICINA DA ABOLI\u00c7\u00c3O VE\u00cdCULOS (CENTRO DE  NITER\u00d3I) <b id=\"yui_3_16_0_1_1454771244627_2481\" class=\"\"><u id=\"yui_3_16_0_1_1454771244627_2483\" class=\"\">DESDE 10 DE JUNHO DE 2013<\/u><\/b>,  OU SEJA, H\u00c1 <b id=\"yui_3_16_0_1_1454771244627_2485\" class=\"\"><u id=\"yui_3_16_0_1_1454771244627_2487\" class=\"\">30 MESES, OU SEJA, 2 ANOS  E SEIS MESES.<\/u><\/b> <b id=\"yui_3_16_0_1_1454771244627_2489\" class=\"\"><u id=\"yui_3_16_0_1_1454771244627_2491\" class=\"\">TEM APENAS 729  KM RODADOS<\/u><\/b> PARA COMPROVAR O CALV\u00c1RIO TENHO DOCUMENTOS, GRAVA\u00c7\u00d5ES DE  AUDIO E V\u00cdDEO, MAIS DE 600 FOTOGRAFIAS E E-MAILS TROCADOS COM FUNCION\u00c1RIOS DO  BAIXO, M\u00c9DIO E ALTO ESCAL\u00c3O DA EMPRESA. POR FAVOR, ASSINEM O DOCUMENTO PARA QUE  OUTROS CONSUMIDORES N\u00c3O SEJAM LESADOS POR EMPRESAS DESTE N\u00cdVEL.&nbsp; <\/span><a href=\"https:\/\/secure.avaaz.org\/po\/petition\/Aos_Orgaos_de_Defesa_do_Consumidor_e_ao_Poder_Judiciario_JUSTICA_CONTRA_UMA_MARCA_E_SUA_REVENDERORA_QUE_DESCUMPREM_A_LEI\/?lJEcNfb&amp;pv=0\" id=\"yui_3_16_0_1_1454771244627_2493\" class=\"\"><span style=\"font-size:16.0pt;line-height:115%;font-family:&quot;Arial&quot;,&quot;sans-serif&quot;\" id=\"yui_3_16_0_1_1454771244627_2495\" class=\"\"><a href=\"https:\/\/secure.avaaz.org\/po\/petition\/Aos_Orgaos_de_Defesa_do_Consumidor_e_ao_Poder_Judiciario_JUSTICA_CONTRA_UMA_MARCA_E_SUA_REVENDERORA_QUE_DESCUMPREM_A_LEI\/?lJEcNfb&amp;pv=0\" >https:\/\/secure.avaaz.org\/po\/petition\/Aos_Orgaos_de_Defesa_do_Consumidor_e_ao_Poder_Judiciario_JUSTICA_CONTRA_UMA_MARCA_E_SUA_REVENDERORA_QUE_DESCUMPREM_A_LEI\/?lJEcNfb&amp;pv=0<\/a><\/span><\/a><span style=\"font-size:16.0pt;line-height:115%;font-family:&quot;Arial&quot;,&quot;sans-serif&quot;\" id=\"yui_3_16_0_1_1454771244627_2497\" class=\"\"><o:p id=\"yui_3_16_0_1_1454771244627_2499\" class=\"\"><\/o:p><\/span><\/div>\n<div class=\"\" style=\"text-align:justify;tab-stops:111.0pt\" id=\"yui_3_16_0_1_1454771244627_2413\"><span style=\"font-size:16.0pt;line-height:115%;font-family:&quot;Arial&quot;,&quot;sans-serif&quot;\" id=\"yui_3_16_0_1_1454771244627_2502\" class=\"\"><o:p id=\"yui_3_16_0_1_1454771244627_2504\" class=\"\">&nbsp;<\/o:p><\/span><\/div>\n<div class=\"\" style=\"text-align:justify;tab-stops:111.0pt\" id=\"yui_3_16_0_1_1454771244627_2506\"><b id=\"yui_3_16_0_1_1454771244627_2508\" class=\"\"><span style=\"font-size:16.0pt;line-height:115%;font-family:&quot;Arial&quot;,&quot;sans-serif&quot;\" id=\"yui_3_16_0_1_1454771244627_2510\" class=\"\">&nbsp;&nbsp;&nbsp;&nbsp;&nbsp;&nbsp;&nbsp;&nbsp;&nbsp;&nbsp;&nbsp;&nbsp;&nbsp;&nbsp;&nbsp;&nbsp;&nbsp;&nbsp;&nbsp;&nbsp;&nbsp;&nbsp;&nbsp;&nbsp; &nbsp;&nbsp;&nbsp;&nbsp;&nbsp;&nbsp; <o:p id=\"yui_3_16_0_1_1454771244627_2512\" class=\"\"><\/o:p><\/span><\/b><\/div>\n<div id=\"yui_3_16_0_1_1454771244627_2353\">                                            <\/div>\n<div class=\"\" style=\"text-align:justify\" dir=\"ltr\" id=\"yui_3_16_0_1_1454771244627_2514\"><b id=\"yui_3_16_0_1_1454771244627_2516\" class=\"\"><span style=\"font-size:14.0pt;line-height:115%;font-family:&quot;Arial&quot;,&quot;sans-serif&quot;\" id=\"yui_3_16_0_1_1454771244627_2518\" class=\"\">AP\u00d3S  AS TODAS AS PARTIDAS DO VASC\u00c3O EM MEU PERFIL DO FACEBOOK (QUEM QUISER RECEBER  AS CR\u00d4NICAS DE PRIMEIRA M\u00c3O \u00c9 S\u00d3 ME ADICIONAR), E NOS SITES WEBVASCO  (www.webvasco.com), E VASCA\u00cdNOS UNIDOS (www.vascainosunidos.com.br) TEM A  OPINI\u00c3O DO JORNALISTA LUIZ CARLOS ROCHA. LEIAM! COMPARTILHEM E CURTAM!  VASCA\u00cdNOS UNIDOS JAMAIS SER\u00c3O VENCIDOS.<o:p id=\"yui_3_16_0_1_1454771244627_2520\" class=\"\"><\/o:p><\/span><\/b><\/div>\n<div><\/div>\n<div id=\"yui_3_16_0_1_1454771244627_2354\">&nbsp;<\/div>\n<div class=\"signature\" id=\"yui_3_16_0_1_1454771244627_2291\">\n<div id=\"RTEContent\">\n<div id=\"yui_3_16_0_1_1454771244627_2290\">\n<div id=\"yui_3_16_0_1_1454771244627_2289\">\n<div id=\"yui_3_16_0_1_1454771244627_2288\">\n<div align=\"center\" id=\"yui_3_16_0_1_1454771244627_2287\"><\/div>\n<\/div>\n<\/div>\n<\/div>\n<\/div>\n<\/div>\n<\/div>\n<\/div>\n<p><\/p>\n","protected":false},"excerpt":{"rendered":"<p>Na \u00faltima quinta-feira, dia 04 de fevereiro, o Vasco da Gama foi at\u00e9 o Est\u00e1dio&#8230;<\/p>\n","protected":false},"author":7,"featured_media":0,"comment_status":"open","ping_status":"closed","sticky":false,"template":"","format":"standard","meta":{"footnotes":""},"categories":[4],"tags":[],"class_list":["post-7798","post","type-post","status-publish","format-standard","hentry","category-luizcarlosrocha"],"_links":{"self":[{"href":"https:\/\/webvasco.com\/artigos\/wp-json\/wp\/v2\/posts\/7798","targetHints":{"allow":["GET"]}}],"collection":[{"href":"https:\/\/webvasco.com\/artigos\/wp-json\/wp\/v2\/posts"}],"about":[{"href":"https:\/\/webvasco.com\/artigos\/wp-json\/wp\/v2\/types\/post"}],"author":[{"embeddable":true,"href":"https:\/\/webvasco.com\/artigos\/wp-json\/wp\/v2\/users\/7"}],"replies":[{"embeddable":true,"href":"https:\/\/webvasco.com\/artigos\/wp-json\/wp\/v2\/comments?post=7798"}],"version-history":[{"count":0,"href":"https:\/\/webvasco.com\/artigos\/wp-json\/wp\/v2\/posts\/7798\/revisions"}],"wp:attachment":[{"href":"https:\/\/webvasco.com\/artigos\/wp-json\/wp\/v2\/media?parent=7798"}],"wp:term":[{"taxonomy":"category","embeddable":true,"href":"https:\/\/webvasco.com\/artigos\/wp-json\/wp\/v2\/categories?post=7798"},{"taxonomy":"post_tag","embeddable":true,"href":"https:\/\/webvasco.com\/artigos\/wp-json\/wp\/v2\/tags?post=7798"}],"curies":[{"name":"wp","href":"https:\/\/api.w.org\/{rel}","templated":true}]}}