{"id":7799,"date":"2016-02-15T00:22:51","date_gmt":"2016-02-15T03:22:51","guid":{"rendered":"http:\/\/webvasco.com\/artigos\/?p=7799"},"modified":"2016-02-15T00:27:47","modified_gmt":"2016-02-15T03:27:47","slug":"flamengo-vaz-para-a-pqp","status":"publish","type":"post","link":"https:\/\/webvasco.com\/artigos\/colunistas\/luizcarlosrocha\/flamengo-vaz-para-a-pqp\/","title":{"rendered":"FLAMENGO? VAZ PARA A PQP!"},"content":{"rendered":"<div>\n<div style=\"color:#000; background-color:#fff; font-family:HelveticaNeue-Light, Helvetica Neue Light, Helvetica Neue, Helvetica, Arial, Lucida Grande, sans-serif;font-size:32px\">\n<div class=\"\" style=\"text-align:justify;text-indent:35.4pt;tab-stops:111.0pt\" id=\"yui_3_16_0_1_1455506264476_5820\"><span style=\"font-size:12.0pt;line-height:115%;font-family:&quot;Arial&quot;,&quot;sans-serif&quot;\" id=\"yui_3_16_0_1_1455506264476_5822\" class=\"\">S\u00e3o  Janu\u00e1rio hoje foi palco de mais um espet\u00e1culo do Vasco da Gama. O mero  coadjuvante? O mesmo, aquele que n\u00e3o deve ser nomeado. Al\u00e9m do gol de Rafael Vaz,  ainda teve outros lances marcantes. O resultado manteve o Gigante da Colina com  100% de aproveitamento no Campeonato Carioca, agora com 12 pontos ganhos e  l\u00edder isolado do Grupo A.<o:p id=\"yui_3_16_0_1_1455506264476_5824\" class=\"\"><\/o:p><\/span><\/div>\n<div class=\"\" style=\"text-align:justify;text-indent:35.4pt;tab-stops:111.0pt\" id=\"yui_3_16_0_1_1455506264476_5826\"><span style=\"font-size:12.0pt;line-height:115%;font-family:&quot;Arial&quot;,&quot;sans-serif&quot;\" id=\"yui_3_16_0_1_1455506264476_5828\" class=\"\">A  Quarta Rodada serviu para mostrar ao Povo do Gueto, que a Colina Hist\u00f3rica \u00e9 a  nossa casa. E que l\u00e1 dentro quem manda somos n\u00f3s! Prova disso foi a atua\u00e7\u00e3o  impec\u00e1vel do meia Nen\u00ea, que comandou a equipe cruzmaltina e de quebra colocou  um&nbsp; bala\u00e7o no travess\u00e3o em cobran\u00e7a de  falta. Deu um chap\u00e9u em Emerson Sheik que foi humilhante e participou do gol da  vit\u00f3ria. <o:p id=\"yui_3_16_0_1_1455506264476_5830\" class=\"\"><\/o:p><\/span><\/div>\n<div class=\"\" style=\"text-align:justify;text-indent:35.4pt;tab-stops:111.0pt\" id=\"yui_3_16_0_1_1455506264476_5832\"><span style=\"font-size:12.0pt;line-height:115%;font-family:&quot;Arial&quot;,&quot;sans-serif&quot;\" id=\"yui_3_16_0_1_1455506264476_5834\" class=\"\">O  tamb\u00e9m meia Andrezinho foi protagonista do lance mais belo da partida. Deu uma  caneta linda, pegando do outro lado entre as pernas do volante Willian Ar\u00e3o&nbsp; &#8211; que est\u00e1 se achando o jogador \u2013 na qual  ficou tonto at\u00e9 o final do jogo! Jorge Henrique chegou marcar na etapa  vestibular, mas a arbitragem anulou a abertura do placar pelo atacante  vasca\u00edno.<o:p id=\"yui_3_16_0_1_1455506264476_5836\" class=\"\"><\/o:p><\/span><\/div>\n<div class=\"\" style=\"text-align:justify;text-indent:35.4pt;tab-stops:111.0pt\" id=\"yui_3_16_0_1_1455506264476_5838\"><span style=\"font-size:12.0pt;line-height:115%;font-family:&quot;Arial&quot;,&quot;sans-serif&quot;\" id=\"yui_3_16_0_1_1455506264476_5840\" class=\"\">De  nada adiantou. (Assim como a garotada, na preliminar disputada ontem, quando  fizeram o gol da vit\u00f3ria aos 45 do segundo tempo), os pupilos de Jorginho,  exatamente Rafael Vaz que saiu do banco de reservas para substituir Jomar  (ambos zagueiros), apontou que o Caldeir\u00e3o ferve sem d\u00f3 nem piedade. Resultado:  mostrou que uma vez fregu\u00eas, sempre fregu\u00eas! E ponto!<o:p id=\"yui_3_16_0_1_1455506264476_5842\" class=\"\"><\/o:p><\/span><\/div>\n<div class=\"\" style=\"text-align:justify;text-indent:35.4pt;tab-stops:111.0pt\" id=\"yui_3_16_0_1_1455506264476_5844\"><span style=\"font-size:12.0pt;line-height:115%;font-family:&quot;Arial&quot;,&quot;sans-serif&quot;\" id=\"yui_3_16_0_1_1455506264476_5846\" class=\"\">Durante  toda a semana que antecedeu o Cl\u00e1ssico dos Milh\u00f5es, torcedores do Aculturado da  G\u00e1vea disseram que certamente teria uma penalidade m\u00e1xima para ajudar ao Vasc\u00e3o  vencer os Exclu\u00eddos. N\u00e3o precisou. Quando o embate \u00e9 contra time fraco, basta  treinar os 90 minutos, mostrar para eles que foi bom o conv\u00edvio porque bater  f\u00e1cil \u00e9 sempre motivo de orgulho e no final \u2013 com toda a calma do mundo \u2013  abater um Urubu que s\u00f3 voa baixo!<o:p id=\"yui_3_16_0_1_1455506264476_5848\" class=\"\"><\/o:p><\/span><\/div>\n<div class=\"\" style=\"text-align:justify;text-indent:35.4pt;tab-stops:111.0pt\" id=\"yui_3_16_0_1_1455506264476_5850\"><span style=\"font-size:12.0pt;line-height:115%;font-family:&quot;Arial&quot;,&quot;sans-serif&quot;\" id=\"yui_3_16_0_1_1455506264476_5852\" class=\"\">Resumindo:  os molambos entraram em campo derrotados. Time que faz apologia entre seu  jogador e o orif\u00edcio anal, tem mesmo que toma no c&#8230;. Diz a lenda, que o  gringo <b id=\"yui_3_16_0_1_1455506264476_5854\" class=\"\"><u id=\"yui_3_16_0_1_1455506264476_5856\" class=\"\">MAN <\/u><\/b>(Homem)<b id=\"yui_3_16_0_1_1455506264476_5858\" class=\"\"><u id=\"yui_3_16_0_1_1455506264476_5860\" class=\"\"> CU <\/u><\/b>(\u00e2nus)<b id=\"yui_3_16_0_1_1455506264476_5862\" class=\"\"><u id=\"yui_3_16_0_1_1455506264476_5864\" class=\"\"> ELLO <\/u><\/b>(liga\u00e7\u00e3o) veio especialmente para vencer o time de S\u00e3o  Janu\u00e1rio. Doce ilus\u00e3o! O pr\u00f3ximo desafio do Mach\u00e3o da Gama ser\u00e1 s\u00e1bado, dia 20  de fevereiro, diante do Tigres, em Xer\u00e9m, Baixada Fluminense, \u00e0s 19h30m. <o:p id=\"yui_3_16_0_1_1455506264476_5866\" class=\"\"><\/o:p><\/span><\/div>\n<div class=\"\" style=\"text-align:justify;text-indent:35.4pt;tab-stops:111.0pt\" id=\"yui_3_16_0_1_1455506264476_5868\"><span style=\"font-size:12.0pt;line-height:115%;font-family:&quot;Arial&quot;,&quot;sans-serif&quot;\" id=\"yui_3_16_0_1_1455506264476_5870\" class=\"\"><o:p id=\"yui_3_16_0_1_1455506264476_5872\" class=\"\">&nbsp;<\/o:p><\/span><\/div>\n<div class=\"\" style=\"text-align:justify;text-indent:35.4pt;tab-stops:111.0pt\" id=\"yui_3_16_0_1_1455506264476_5874\"><span style=\"font-size:12.0pt;line-height:115%;font-family:&quot;Arial&quot;,&quot;sans-serif&quot;\" id=\"yui_3_16_0_1_1455506264476_5876\" class=\"\">&nbsp;<o:p id=\"yui_3_16_0_1_1455506264476_5878\" class=\"\"><\/o:p><\/span><\/div>\n<div class=\"\" style=\"text-align:justify;text-indent:35.4pt;tab-stops:111.0pt\" id=\"yui_3_16_0_1_1455506264476_5880\"><b id=\"yui_3_16_0_1_1455506264476_5882\" class=\"\"><u id=\"yui_3_16_0_1_1455506264476_5884\" class=\"\"><span style=\"font-size:20.0pt;line-height:115%;font-family:&quot;Arial&quot;,&quot;sans-serif&quot;\" id=\"yui_3_16_0_1_1455506264476_5886\" class=\"\">DIVULGUEM ESSA COVARDIA:<\/span><\/u><\/b><span style=\"font-size:16.0pt;line-height:115%;font-family:&quot;Arial&quot;,&quot;sans-serif&quot;\" id=\"yui_3_16_0_1_1455506264476_5888\" class=\"\"> GOSTARIA  DE PEDIR A TODOS OS MEUS AMIGOS E LEITORES QUE TIRASSE UM TEMPINHO PARA LER A  PETI\u00c7\u00c3O P\u00daBLICA, AO QUAL SEGUE ABAIXO O LINK. TAL DOCUMENTO REFERE-SE A <b id=\"yui_3_16_0_1_1455506264476_5890\" class=\"\"><u id=\"yui_3_16_0_1_1455506264476_5892\" class=\"\">UM ATO DE COVARDIA POR PARTE DA  VOLKSWAGEN DO BRASIL EM COAUTORIA DA ABOLI\u00c7\u00c3O VE\u00cdCULOS (GRUPO AB)<\/u><\/b>  CONTRA ESTE VELHO JORNALISTA. A REFERIDA CONCESSION\u00c1RIA EST\u00c1 ME LESANDO DESDE  FEVEREIRO DE 2013. MEU CARRO FOI BATIDO DENTRO DA OFICINA, FURTARAM ACESS\u00d3RIOS,  TEM PROBLEMAS CAUSADOS POR ELES, AL\u00c9M DE DEFEITOS DE FABRICA\u00c7\u00c3O. O CARRO 0 KM  COMPRADO POR MIM HOJE SE ENCONTRA NA OFICINA DA ABOLI\u00c7\u00c3O VE\u00cdCULOS (CENTRO DE  NITER\u00d3I) <b id=\"yui_3_16_0_1_1455506264476_5894\" class=\"\"><u id=\"yui_3_16_0_1_1455506264476_5896\" class=\"\">DESDE 10 DE JUNHO DE 2013<\/u><\/b>,  OU SEJA, H\u00c1 <b id=\"yui_3_16_0_1_1455506264476_5898\" class=\"\"><u id=\"yui_3_16_0_1_1455506264476_5900\" class=\"\">31 MESES, OU SEJA, 2 ANOS  E SETE MESES.<\/u><\/b> <b id=\"yui_3_16_0_1_1455506264476_5902\" class=\"\"><u id=\"yui_3_16_0_1_1455506264476_5904\" class=\"\">TEM APENAS 729  KM RODADOS<\/u><\/b> PARA COMPROVAR O CALV\u00c1RIO TENHO DOCUMENTOS, GRAVA\u00c7\u00d5ES DE  AUDIO E V\u00cdDEO, MAIS DE 600 FOTOGRAFIAS E E-MAILS TROCADOS COM FUNCION\u00c1RIOS DO  BAIXO, M\u00c9DIO E ALTO ESCAL\u00c3O DA EMPRESA. POR FAVOR, ASSINEM O DOCUMENTO PARA QUE  OUTROS CONSUMIDORES N\u00c3O SEJAM LESADOS POR EMPRESAS DESTE N\u00cdVEL.&nbsp; <\/span><a href=\"https:\/\/secure.avaaz.org\/po\/petition\/Aos_Orgaos_de_Defesa_do_Consumidor_e_ao_Poder_Judiciario_JUSTICA_CONTRA_UMA_MARCA_E_SUA_REVENDERORA_QUE_DESCUMPREM_A_LEI\/?lJEcNfb&amp;pv=0\" id=\"yui_3_16_0_1_1455506264476_5906\" class=\"\"><span style=\"font-size:16.0pt;line-height:115%;font-family:&quot;Arial&quot;,&quot;sans-serif&quot;\" id=\"yui_3_16_0_1_1455506264476_5908\" class=\"\"><a href=\"https:\/\/secure.avaaz.org\/po\/petition\/Aos_Orgaos_de_Defesa_do_Consumidor_e_ao_Poder_Judiciario_JUSTICA_CONTRA_UMA_MARCA_E_SUA_REVENDERORA_QUE_DESCUMPREM_A_LEI\/?lJEcNfb&amp;pv=0\" >https:\/\/secure.avaaz.org\/po\/petition\/Aos_Orgaos_de_Defesa_do_Consumidor_e_ao_Poder_Judiciario_JUSTICA_CONTRA_UMA_MARCA_E_SUA_REVENDERORA_QUE_DESCUMPREM_A_LEI\/?lJEcNfb&amp;pv=0<\/a><\/span><\/a><span style=\"font-size:16.0pt;line-height:115%;font-family:&quot;Arial&quot;,&quot;sans-serif&quot;\" id=\"yui_3_16_0_1_1455506264476_5910\" class=\"\"><o:p id=\"yui_3_16_0_1_1455506264476_5912\" class=\"\"><\/o:p><\/span><\/div>\n<div class=\"\" style=\"text-align:justify;tab-stops:111.0pt\" id=\"yui_3_16_0_1_1455506264476_5914\"><span style=\"font-size:16.0pt;line-height:115%;font-family:&quot;Arial&quot;,&quot;sans-serif&quot;\" id=\"yui_3_16_0_1_1455506264476_5916\" class=\"\"><o:p id=\"yui_3_16_0_1_1455506264476_5918\" class=\"\">&nbsp;<\/o:p><\/span><\/div>\n<div class=\"\" style=\"text-align:justify;tab-stops:111.0pt\" id=\"yui_3_16_0_1_1455506264476_5920\"><b id=\"yui_3_16_0_1_1455506264476_5922\" class=\"\"><span style=\"font-size:16.0pt;line-height:115%;font-family:&quot;Arial&quot;,&quot;sans-serif&quot;\" id=\"yui_3_16_0_1_1455506264476_5924\" class=\"\">&nbsp;&nbsp;&nbsp;&nbsp;&nbsp;&nbsp;&nbsp;&nbsp;&nbsp;&nbsp;&nbsp;&nbsp;&nbsp;&nbsp;&nbsp;&nbsp;&nbsp;&nbsp;&nbsp;&nbsp;&nbsp;&nbsp;&nbsp;&nbsp; &nbsp;&nbsp;&nbsp;&nbsp;&nbsp;&nbsp; <o:p id=\"yui_3_16_0_1_1455506264476_5926\" class=\"\"><\/o:p><\/span><\/b><\/div>\n<div id=\"yui_3_16_0_1_1455506264476_5735\">                                            <\/div>\n<div class=\"\" style=\"text-align:justify\" id=\"yui_3_16_0_1_1455506264476_5818\" dir=\"ltr\"><b id=\"yui_3_16_0_1_1455506264476_5929\" class=\"\"><span style=\"font-size:14.0pt;line-height:115%;font-family:&quot;Arial&quot;,&quot;sans-serif&quot;\" id=\"yui_3_16_0_1_1455506264476_5931\" class=\"\">AP\u00d3S  AS TODAS AS PARTIDAS DO VASC\u00c3O EM MEU PERFIL DO FACEBOOK (QUEM QUISER RECEBER  AS CR\u00d4NICAS DE PRIMEIRA M\u00c3O \u00c9 S\u00d3 ME ADICIONAR), E NOS SITES WEBVASCO  (www.webvasco.com), E VASCA\u00cdNOS UNIDOS (www.vascainosunidos.com.br) TEM A  OPINI\u00c3O DO JORNALISTA LUIZ CARLOS ROCHA. LEIAM! COMPARTILHEM E CURTAM!  VASCA\u00cdNOS UNIDOS JAMAIS SER\u00c3O VENCIDOS.<o:p id=\"yui_3_16_0_1_1455506264476_5933\" class=\"\"><\/o:p><\/span><\/b><\/div>\n<div id=\"yui_3_16_0_1_1455506264476_5734\"><span><br \/><\/span><\/div>\n<div id=\"yui_3_16_0_1_1455506264476_5733\"><span><br \/><\/span><\/div>\n<div id=\"yui_3_16_0_1_1455506264476_5786\"><span><br \/><\/span><\/div>\n<div><\/div>\n<div id=\"yui_3_16_0_1_1455506264476_5766\">&nbsp;<\/div>\n<div class=\"signature\" id=\"yui_3_16_0_1_1455506264476_5679\">\n<div id=\"RTEContent\">\n<div id=\"yui_3_16_0_1_1455506264476_5678\">\n<div id=\"yui_3_16_0_1_1455506264476_5677\">\n<div id=\"yui_3_16_0_1_1455506264476_5676\">\n<div align=\"center\" id=\"yui_3_16_0_1_1455506264476_5680\"><\/div>\n<div align=\"center\" id=\"yui_3_16_0_1_1455506264476_5727\"><font face=\"times new roman, new york, times, serif\" size=\"4\" id=\"yui_3_16_0_1_1455506264476_5729\"><b id=\"yui_3_16_0_1_1455506264476_5728\">&nbsp;<\/b><\/font><\/p>\n<\/div>\n<\/div>\n<\/div>\n<\/div>\n<\/div>\n<\/div>\n<\/div>\n<\/div>\n<p><\/p>\n","protected":false},"excerpt":{"rendered":"<p>S\u00e3o Janu\u00e1rio hoje foi palco de mais um espet\u00e1culo do Vasco da Gama. O mero&#8230;<\/p>\n","protected":false},"author":7,"featured_media":0,"comment_status":"open","ping_status":"closed","sticky":false,"template":"","format":"standard","meta":{"footnotes":""},"categories":[4],"tags":[],"class_list":["post-7799","post","type-post","status-publish","format-standard","hentry","category-luizcarlosrocha"],"_links":{"self":[{"href":"https:\/\/webvasco.com\/artigos\/wp-json\/wp\/v2\/posts\/7799","targetHints":{"allow":["GET"]}}],"collection":[{"href":"https:\/\/webvasco.com\/artigos\/wp-json\/wp\/v2\/posts"}],"about":[{"href":"https:\/\/webvasco.com\/artigos\/wp-json\/wp\/v2\/types\/post"}],"author":[{"embeddable":true,"href":"https:\/\/webvasco.com\/artigos\/wp-json\/wp\/v2\/users\/7"}],"replies":[{"embeddable":true,"href":"https:\/\/webvasco.com\/artigos\/wp-json\/wp\/v2\/comments?post=7799"}],"version-history":[{"count":0,"href":"https:\/\/webvasco.com\/artigos\/wp-json\/wp\/v2\/posts\/7799\/revisions"}],"wp:attachment":[{"href":"https:\/\/webvasco.com\/artigos\/wp-json\/wp\/v2\/media?parent=7799"}],"wp:term":[{"taxonomy":"category","embeddable":true,"href":"https:\/\/webvasco.com\/artigos\/wp-json\/wp\/v2\/categories?post=7799"},{"taxonomy":"post_tag","embeddable":true,"href":"https:\/\/webvasco.com\/artigos\/wp-json\/wp\/v2\/tags?post=7799"}],"curies":[{"name":"wp","href":"https:\/\/api.w.org\/{rel}","templated":true}]}}