{"id":780,"date":"2014-02-13T18:24:13","date_gmt":"2014-02-13T21:24:13","guid":{"rendered":"http:\/\/webvasco.com\/artigos\/?p=780"},"modified":"2014-02-13T18:38:23","modified_gmt":"2014-02-13T21:38:23","slug":"os-interesses-de-eurico-e-o-resgate-de-roberto-ao-menos-como-poltico-pblico","status":"publish","type":"post","link":"https:\/\/webvasco.com\/artigos\/colunistas\/os-interesses-de-eurico-e-o-resgate-de-roberto-ao-menos-como-poltico-pblico\/","title":{"rendered":"OS INTERESSES DE EURICO E O &quot;RESGATE&quot; DE ROBERTO (AO MENOS, COMO POL&Iacute;TICO P&Uacute;BLICO!)"},"content":{"rendered":"<div dir=\"ltr\">\n<div>\n<div style=\"font-family:arial,sans-serif;font-size:13px\">N\u00e3o \u00e9 de hoje que Eurico Miranda se mostra disposto a chegar perto do poder de novo atrav\u00e9s da aproxima\u00e7\u00e3o com seu ex-desafeto pol\u00edtico Roberto Dinamite. Tal como o velho ditado &quot;fa\u00e7a o que eu digo, mas n\u00e3o fa\u00e7a o que eu fa\u00e7o&quot;, Eurico n\u00e3o demonstra em suas atitudes suas bravatas e seus discursos pomposos de suposto opositor.Assim, j\u00e1 foram nos balan\u00e7os de 2009 e 2010, apesar de desqualific\u00e1-los em seu discurso ludibriador para muitos que ainda nele acreditam:<\/div>\n<p><\/p>\n<div style=\"font-family:arial,sans-serif;font-size:13px\"><\/div>\n<p><b style=\"font-family:arial,sans-serif;font-size:13px\"><a href=\"http:\/\/www.netvasco.com.br\/n\/99276\/conselho-deliberativo-aprova-as-contas-de-2009-e-2010-do-vasco\" target=\"_blank\"><\/a><a href=\"http:\/\/www.netvasco.com.br\/n\/99276\/conselho-deliberativo-aprova-as-contas-de-2009-e-2010-do-vasco\" >http:\/\/www.netvasco.com.br\/n\/99276\/conselho-deliberativo-aprova-as-contas-de-2009-e-2010-do-vasco<\/a><\/b><\/p>\n<div style=\"font-family:arial,sans-serif;font-size:13px\">\n<\/div>\n<div style=\"font-family:arial,sans-serif;font-size:13px\">DETALHE: Eurico deu voto pela aprova\u00e7\u00e3o de ambos os balan\u00e7os.<\/div>\n<div style=\"font-family:arial,sans-serif;font-size:13px\"><\/div>\n<div style=\"font-family:arial,sans-serif;font-size:13px\">\nDa mesma forma e, agora, j\u00e1 n\u00edtido seu interesse por se aproximar de Roberto, Eurico concede o prazo de sessenta dias e contraria ao seu pr\u00f3prio conselho que preside:<\/p>\n<div><b><br \/><\/b><\/div>\n<div><a href=\"http:\/\/www.netvasco.com.br\/n\/118012\/com-apoio-de-eurico-cd-aprova-prazo-de-60-dias-para-correcoes-das-contas-de-2011\" target=\"_blank\"><b><a href=\"http:\/\/www.netvasco.com.br\/n\/118012\/com-apoio-de-eurico-cd-aprova-prazo-de-60-dias-para-correcoes-das-contas-de-2011\" >http:\/\/www.netvasco.com.br\/n\/118012\/com-apoio-de-eurico-cd-aprova-prazo-de-60-dias-para-correcoes-das-contas-de-2011<\/a><\/b><\/a><\/div>\n<p><\/p>\n<div><\/div>\n<div><span style=\"color:rgb(68,68,68);font-family:Arial,Helvetica,Tahoma,Verdana,sans-serif;font-size:14px;line-height:22px\">&quot;Em reuni\u00e3o que durou menos de duas horas, o&nbsp;<\/span><a href=\"http:\/\/www.netvasco.com.br\/n\/118012\/com-apoio-de-eurico-cd-aprova-prazo-de-60-dias-para-correcoes-das-contas-de-2011#\" rel=\"nofollow\" target=\"_blank\" style=\"color:rgb(0,102,0);margin:0px;padding:0px;font-family:Arial,Helvetica,Tahoma,Verdana,sans-serif;font-size:14px;line-height:22px;border-bottom-style:dotted;border-bottom-width:1px\">Conselho<\/a><span style=\"color:rgb(68,68,68);font-family:Arial,Helvetica,Tahoma,Verdana,sans-serif;font-size:14px;line-height:22px\">&nbsp;Deliberativo do Vasco aprovou nesta noite de ter\u00e7a-feira um novo prazo para entrega das contas do exerc\u00edcio de 2011. A maioria votou por mais 60 dias para a corre\u00e7\u00e3o dos valores de diversas irregularidades e contas invertidas do balan\u00e7o apresentado no in\u00edcio do ano.&nbsp;<span style=\"background-color:rgb(255,255,0)\"><b>Curiosamente, at\u00e9 o ex-presidente Eurico Miranda, ferrenho cr\u00edtico da oposi\u00e7\u00e3o, apoiou a extens\u00e3o do prazo.&quot;<\/b><\/span><\/span><\/div>\n<p><\/p>\n<div><span style=\"color:rgb(68,68,68);font-family:Arial,Helvetica,Tahoma,Verdana,sans-serif;font-size:14px;line-height:22px\"><span style=\"background-color:rgb(255,255,0)\"><b><br \/><\/b><\/span><\/span><\/div>\n<div><span style=\"font-size:14px;line-height:22px;color:rgb(68,68,68);font-family:Arial,Helvetica,Tahoma,Verdana,sans-serif\">E assim se repete agora&#8230;<\/span><\/p>\n<\/div>\n<div><font color=\"#444444\" face=\"Arial, Helvetica, Tahoma, Verdana, sans-serif\"><span style=\"font-size:14px;line-height:22px\"><b><br \/><\/b><\/span><\/font><\/div>\n<div><font color=\"#444444\" face=\"Arial, Helvetica, Tahoma, Verdana, sans-serif\"><b><span style=\"font-size:14px;line-height:22px\"><a href=\"http:\/\/www.netvasco.com.br\/n\/142486\/conselho-deliberativo-da-a-diretoria-60-dias-para-fazer-ajustes-no-balanco-de-2012-e-adia-votacao-das-contas-para-14-de-abril\" target=\"_blank\"><\/a><a href=\"http:\/\/www.netvasco.com.br\/n\/142486\/conselho-deliberativo-da-a-diretoria-60-dias-para-fazer-ajustes-no-balanco-de-2012-e-adia-votacao-das-contas-para-14-de-abril\" >http:\/\/www.netvasco.com.br\/n\/142486\/conselho-deliberativo-da-a-diretoria-60-dias-para-fazer-ajustes-no-balanco-de-2012-e-adia-votacao-das-contas-para-14-de-abril<\/a><\/span><\/p>\n<p><\/b><\/font><\/div>\n<div><font color=\"#444444\" face=\"Arial, Helvetica, Tahoma, Verdana, sans-serif\"><span style=\"font-size:14px;line-height:22px\"><b><br clear=\"all\"\/><\/b><\/span><\/font><\/p>\n<div><span style=\"color:rgb(68,68,68);font-family:Arial,Helvetica,Tahoma,Verdana,sans-serif;font-size:14px;line-height:22px\">&quot;Em reuni\u00e3o que durou menos de duas horas na sede n\u00e1utica da Lagoa, o&nbsp;<\/span><a href=\"http:\/\/www.netvasco.com.br\/n\/142486\/conselho-deliberativo-da-a-diretoria-60-dias-para-fazer-ajustes-no-balanco-de-2012-e-adia-votacao-das-contas-para-14-de-abril#\" rel=\"nofollow\" target=\"_blank\" style=\"color:rgb(0,102,0);margin:0px;padding:0px;font-family:Arial,Helvetica,Tahoma,Verdana,sans-serif;font-size:14px;line-height:22px;border-bottom-style:dotted;border-bottom-width:1px\">Conselho<\/a><span style=\"color:rgb(68,68,68);font-family:Arial,Helvetica,Tahoma,Verdana,sans-serif;font-size:14px;line-height:22px\">&nbsp;Deliberativo do Vasco decidiu pelo adiamento da vota\u00e7\u00e3o das contas de 2012 do clube.<b style=\"background-color:rgb(255,255,0)\">&nbsp;O pedido da prorroga\u00e7\u00e3o do prazo foi feito pelo presidente Roberto Dinamite e teve a anu\u00eancia de Eurico Miranda, que defendeu o novo per\u00edodo favor\u00e1vel \u00e0 atual diretoria.<\/b>Por maioria de votos, os votantes concordaram com os 60 dias de prazo para que a diretoria reapresente as contas do balan\u00e7o financeiro, que receberam parecer de reprova\u00e7\u00e3o do Conselho Fiscal. A nova reuni\u00e3o pela vota\u00e7\u00e3o das contas acontecer\u00e1 em 14 de abril.&quot;<\/span><\/div>\n<p><\/p>\n<div><span style=\"color:rgb(68,68,68);font-family:Arial,Helvetica,Tahoma,Verdana,sans-serif;font-size:14px;line-height:22px\"><br \/><\/span><\/div>\n<div><b><a href=\"http:\/\/www.supervasco.com\/noticias\/eurico-teria-deixado-benemeritos-insatisfeitos-entenda-200995.html\" target=\"_blank\"><font color=\"#444444\" face=\"Arial, Helvetica, Tahoma, Verdana, sans-serif\"><span style=\"font-size:14px;line-height:22px\"><a href=\"http:\/\/www.supervasco.com\/noticias\/eurico-teria-deixado-benemeritos-insatisfeitos-entenda-200995.html\" >http:\/\/www.supervasco.com\/noticias\/eurico-teria-deixado-benemeritos-insatisfeitos-entenda-200995.html<\/a><\/span><\/font><span style=\"color:rgb(68,68,68);font-family:Arial,Helvetica,Tahoma,Verdana,sans-serif;font-size:14px;line-height:22px\">&nbsp;<\/span><\/a><\/p>\n<p><\/b><\/div>\n<div><\/div>\n<div>&quot;<span style=\"color:rgb(51,51,51);font-size:15px;line-height:21px\">A atitude de Eurico Miranda durante a reuni\u00e3o do Deliberativo n\u00e3o caiu bem entre membros do Conselho de Benem\u00e9ritos, \u00f3rg\u00e3o que o ex-presidente comanda. A mudan\u00e7a de postura em rela\u00e7\u00e3o \u00e0s contas &ndash; que haviam sido reprovadas pelos Benem\u00e9ritos na segunda-feira &ndash; fez com que alguns achassem at\u00e9 que Eurico os traiu, ao &ldquo;rasgar&rdquo; o que havia sido combinado.&quot;<\/span><\/div>\n<p><\/p>\n<div><span style=\"color:rgb(51,51,51);font-size:15px;line-height:21px\"><br \/><\/span><\/div>\n<div><font color=\"#333333\"><span style=\"font-size:15px;line-height:21px\">Contudo, enganam-se \u00e0queles que acham que Eurico e Roberto &quot;d\u00e3o as m\u00e3os&quot; por seus supostos interesses &quot;pr\u00f3-Vasco&quot;. Pelo menos, \u00e9 o que deixa claro essas duas mat\u00e9rias:<\/span><\/font><\/div>\n<p><\/p>\n<div><span style=\"color:rgb(68,68,68);font-family:Arial,Helvetica,Tahoma,Verdana,sans-serif;font-size:14px;line-height:22px\"><br \/><\/span><\/div>\n<div><font color=\"#444444\" face=\"Arial, Helvetica, Tahoma, Verdana, sans-serif\"><span style=\"font-size:14px;line-height:22px\"><b><a href=\"http:\/\/www.supervasco.com\/noticias\/trabalho-de-bastidores-teria-beneficiado-dinamite-e-eurico-miranda-200994.html\" target=\"_blank\"><\/a><a href=\"http:\/\/www.supervasco.com\/noticias\/trabalho-de-bastidores-teria-beneficiado-dinamite-e-eurico-miranda-200994.html\" >http:\/\/www.supervasco.com\/noticias\/trabalho-de-bastidores-teria-beneficiado-dinamite-e-eurico-miranda-200994.html<\/a><\/b><\/span><\/font><\/p>\n<\/div>\n<div><font color=\"#444444\" face=\"Arial, Helvetica, Tahoma, Verdana, sans-serif\"><span style=\"font-size:14px;line-height:22px\"><br \/><\/span><\/font><\/div>\n<div><font color=\"#444444\" face=\"Arial, Helvetica, Tahoma, Verdana, sans-serif\"><span style=\"font-size:14px;line-height:22px\">&quot;<\/span><\/font><span style=\"color:rgb(51,51,51);font-size:15px;line-height:21px\">Eurico, por\u00e9m, com interesse de que nada fosse modificado no<\/span><span style=\"color:rgb(51,51,51);font-size:15px;line-height:21px\">&nbsp;<\/span><a rel=\"nofollow\" style=\"color:rgb(149,186,26);font-size:15px;line-height:21px;margin:0px;padding:0px;border-top-width:0px;border-right-width:0px;border-left-width:0px;outline:0px;vertical-align:baseline;letter-spacing:0px;border-bottom-width:1px!important;border-bottom-style:dotted!important;font-weight:700!important\">clube<\/a><span style=\"color:rgb(51,51,51);font-size:15px;line-height:21px\">, entrou na jogada e e teria dado algumas cartadas certeiras. Assim, ajudou Dinamite a ganhar, perante o Deliberativo, um prazo de 60 dias para apresenta\u00e7\u00f5es das irregularidades apontadas.&nbsp;<\/span><span style=\"color:rgb(51,51,51);font-size:15px;line-height:21px\">Com isso, o atual presidente ganharia tempo e, em troca, a situa\u00e7\u00e3o dos &ldquo;mensaleiros&rdquo; (s\u00f3cios que est\u00e3o com a participa\u00e7\u00e3o no pr\u00f3ximo pleito sob an\u00e1lise) n\u00e3o seria mexida. O ponto de interesse de Eurico seria justamente esse, que os nomes dos referidos associados estejam na lista final de aptos a votarem na elei\u00e7\u00e3o do clube, no meio deste ano.&quot;<\/span><\/div>\n<p><\/p>\n<div><span style=\"color:rgb(51,51,51);font-size:15px;line-height:21px\"><br \/><\/span><\/div>\n<div><span style=\"color:rgb(51,51,51);font-size:15px;line-height:21px\">J\u00e1 Roberto, sabendo que n\u00e3o tem a m\u00ednima chance de se reeleger Presidente, visa outros interesses, bem alheios aos do Vasco, em primeiro lugar:<\/span><\/div>\n<p><\/p>\n<div><span style=\"color:rgb(51,51,51);font-size:15px;line-height:21px\"><br \/><\/span><\/div>\n<div><font color=\"#333333\"><span style=\"font-size:15px;line-height:21px\"><a href=\"http:\/\/www.supervasco.com\/noticias\/dinamite-busca-apoio-para-garantir-imunidade-e-ter-apoio-na-alerj-200996.html\" target=\"_blank\"><\/a><a href=\"http:\/\/www.supervasco.com\/noticias\/dinamite-busca-apoio-para-garantir-imunidade-e-ter-apoio-na-alerj-200996.html\" >http:\/\/www.supervasco.com\/noticias\/dinamite-busca-apoio-para-garantir-imunidade-e-ter-apoio-na-alerj-200996.html<\/a><\/span><\/font><\/p>\n<\/div>\n<div><font color=\"#333333\"><br \/><\/font><\/div>\n<div><font color=\"#333333\">&quot;<\/font><span style=\"color:rgb(51,51,51);font-size:15px;line-height:21px\">Como tamb\u00e9m \u00e9 representante do povo na Assembleia Legislativa do Estado do Rio de Janeiro (Alerj) pelo PMDB, Dinamite estaria fazendo de tudo para melhorar a sua vota\u00e7\u00e3o, j\u00e1 que teve queda acentuada nas \u00faltimas elei\u00e7\u00f5es (veja infogr\u00e1fico na p\u00e1gina). Sem contar, que, desta forma,&nbsp; manteria a imunidade parlamentar.<\/span><\/div>\n<p><\/p>\n<div><span style=\"color:rgb(51,51,51);font-size:15px;line-height:21px\"><br \/><\/span><\/div>\n<div><span style=\"color:rgb(51,51,51);font-size:15px;line-height:21px\">Toda esta costura ganha for\u00e7a porque Dinamite deu entrevista no domingo passado garantindo que n\u00e3o ser\u00e1 candidato na elei\u00e7\u00e3o \u00e0 presid\u00eancia do<\/span><span style=\"color:rgb(51,51,51);font-size:15px;line-height:21px\">&nbsp;<\/span><a rel=\"nofollow\" style=\"color:rgb(149,186,26);font-size:15px;line-height:21px;margin:0px;padding:0px;border-top-width:0px;border-right-width:0px;border-left-width:0px;outline:0px;vertical-align:baseline;letter-spacing:0px;border-bottom-width:1px!important;border-bottom-style:dotted!important;font-weight:700!important\">clube<\/a><span style=\"color:rgb(51,51,51);font-size:15px;line-height:21px\">, o que facilitaria a vida de Eurico Miranda na tentativa de voltar ao poder do Cruz-Maltino.<\/span><\/div>\n<p><\/p>\n<p style=\"margin:0px 0px 10px;padding:0px;border:0px;outline:0px;font-size:15px;vertical-align:baseline;color:rgb(51,51,51);line-height:21px\">Em contrapartida, nos bastidores, o ex-mandat\u00e1rio, caso eleito, ajudaria o (ex) rival na reelei\u00e7\u00e3o para deputado estadual, colocando os seus cabos eleitorais na campanha. Al\u00e9m disso, costuraria tamb\u00e9m apoio das&nbsp;<a rel=\"nofollow\" style=\"color:rgb(149,186,26);margin:0px;padding:0px;border-top-width:0px;border-right-width:0px;border-left-width:0px;outline:0px;vertical-align:baseline;letter-spacing:0px;border-bottom-width:1px!important;border-bottom-style:dotted!important;font-weight:700!important\">torcidas<\/a>&nbsp;organizadas do Vasco e dos supostos &ldquo;mensaleiros&rdquo; que entraram para o quadro social do clube em abril do ano passado.&quot;<\/p>\n<p><\/p>\n<div><\/div>\n<div>E dessa forma, o suposto &quot;acord\u00e3o&quot; (como muitos assim consideram) tornou-se poss\u00edvel, em que cada um visa seus pr\u00f3prios interesses pessoais, e o Vasco&#8230;bom, deixa pra l\u00e1&#8230;<\/div>\n<\/div>\n<\/div>\n<p>\n<\/div>\n<p>\n<\/div>\n<p><\/p>\n","protected":false},"excerpt":{"rendered":"<p>N\u00e3o \u00e9 de hoje que Eurico Miranda se mostra disposto a chegar perto do poder&#8230;<\/p>\n","protected":false},"author":12,"featured_media":341,"comment_status":"open","ping_status":"closed","sticky":false,"template":"","format":"standard","meta":{"footnotes":""},"categories":[3],"tags":[],"class_list":["post-780","post","type-post","status-publish","format-standard","has-post-thumbnail","hentry","category-colunistas"],"_links":{"self":[{"href":"https:\/\/webvasco.com\/artigos\/wp-json\/wp\/v2\/posts\/780","targetHints":{"allow":["GET"]}}],"collection":[{"href":"https:\/\/webvasco.com\/artigos\/wp-json\/wp\/v2\/posts"}],"about":[{"href":"https:\/\/webvasco.com\/artigos\/wp-json\/wp\/v2\/types\/post"}],"author":[{"embeddable":true,"href":"https:\/\/webvasco.com\/artigos\/wp-json\/wp\/v2\/users\/12"}],"replies":[{"embeddable":true,"href":"https:\/\/webvasco.com\/artigos\/wp-json\/wp\/v2\/comments?post=780"}],"version-history":[{"count":0,"href":"https:\/\/webvasco.com\/artigos\/wp-json\/wp\/v2\/posts\/780\/revisions"}],"wp:featuredmedia":[{"embeddable":true,"href":"https:\/\/webvasco.com\/artigos\/wp-json\/wp\/v2\/media\/341"}],"wp:attachment":[{"href":"https:\/\/webvasco.com\/artigos\/wp-json\/wp\/v2\/media?parent=780"}],"wp:term":[{"taxonomy":"category","embeddable":true,"href":"https:\/\/webvasco.com\/artigos\/wp-json\/wp\/v2\/categories?post=780"},{"taxonomy":"post_tag","embeddable":true,"href":"https:\/\/webvasco.com\/artigos\/wp-json\/wp\/v2\/tags?post=780"}],"curies":[{"name":"wp","href":"https:\/\/api.w.org\/{rel}","templated":true}]}}