{"id":7800,"date":"2016-02-25T13:49:34","date_gmt":"2016-02-25T16:49:34","guid":{"rendered":"http:\/\/webvasco.com\/artigos\/?p=7800"},"modified":"2016-02-25T13:50:55","modified_gmt":"2016-02-25T16:50:55","slug":"todos-podem-menos-o-vasco-por-que","status":"publish","type":"post","link":"https:\/\/webvasco.com\/artigos\/colunistas\/marcus-simonini\/todos-podem-menos-o-vasco-por-que\/","title":{"rendered":"TODOS PODEM MENOS O VASCO! POR QUE?!"},"content":{"rendered":"<div>\n<div id=\"divtagdefaultwrapper\" style=\"font-size:12pt;color:#000000;background-color:#FFFFFF;font-family:Calibri,Arial,Helvetica,sans-serif;\">\n<p>Vasca\u00ednos,<\/p>\n<p>  <\/p>\n<p>Muito em breve&nbsp;o Pe\u00f1arol inaugurar\u00e1 seu novo est\u00e1dio. O est\u00e1dio anterior e obsoleto se chamava&nbsp;&quot;Las Acacias&quot;.  <\/p>\n<p>  <\/p>\n<p>O novo est\u00e1dio tem o nome de Jose Pedro Damiani (foto abaixo) tem capacidade para receber uma final de Libertadores. Moderno e confort\u00e1vel ser\u00e1 o melhor do Uruguai, j\u00e1 que o Centen\u00e1rio \u00e9 um &quot;Est\u00e1dio-Museu&quot;<\/p>\n<p><a title=\"http:\/\/imagenes.montevideo.com.uy\/imgnoticias\/201512\/_W620\/539279.jpg Ctrl&#43;Clique ou toque para seguir o link\" id=\"LPlnk555893\" href=\"http:\/\/imagenes.montevideo.com.uy\/imgnoticias\/201512\/_W620\/539279.jpg\"><\/a><a href=\"http:\/\/imagenes.montevideo.com.uy\/imgnoticias\/201512\/_W620\/539279.jpg\" >http:\/\/imagenes.montevideo.com.uy\/imgnoticias\/201512\/_W620\/539279.jpg<\/a><\/p>\n<p><img decoding=\"async\" src=\"http:\/\/imagenes.montevideo.com.uy\/imgnoticias\/201512\/_W620\/539279.jpg\"\/><\/p>\n<\/p>\n<p>  <\/p>\n<p>  <\/p>\n<p>Pois bem, agora \u00e9 a vez do Estudiantes de La Plata anunciar seu novo est\u00e1dio, conforme mat\u00e9ria e v\u00eddeo que voc\u00eas podem conferir no link abaixo:<\/p>\n<p>  <\/p>\n<p><a title=\"http:\/\/www.clarin.com\/deportes\/futbol\/estudiantes\/Estudiantes-puso-fecha-regreso-estadio_0_1528647376.html Ctrl&#43;Clique ou toque para seguir o link\" id=\"LPlnk36208\" href=\"http:\/\/www.clarin.com\/deportes\/futbol\/estudiantes\/Estudiantes-puso-fecha-regreso-estadio_0_1528647376.html\"><\/a><a href=\"http:\/\/www.clarin.com\/deportes\/futbol\/estudiantes\/Estudiantes-puso-fecha-regreso-estadio_0_1528647376.html\" >http:\/\/www.clarin.com\/deportes\/futbol\/estudiantes\/Estudiantes-puso-fecha-regreso-estadio_0_1528647376.html<\/a><\/p>\n<p>  <\/p>\n<p>Ambas as equipes s\u00e3o tradicionais gigantes sul-americanos, como o Vasco. Ambas tinham est\u00e1dios velhos e obsoletos e correram atr\u00e1s de investidores e patroc\u00ednios e fizeram acontecer o sonho de seus s\u00f3cios e torcedores.  <\/p>\n<p>  <\/p>\n<p>Agora esses times ter\u00e3o suas novas casas, modernas e eficientes,&nbsp;lucrativas e cheias de atra\u00e7\u00f5es para seus s\u00f3cios e torcedores.<\/p>\n<p>  <\/p>\n<p>Por que o Vasco n\u00e3o consegue&nbsp;reformar S\u00e3o Janu\u00e1rio e&nbsp;provocar a&nbsp;necess\u00e1ria revitaliza\u00e7\u00e3o do seu entorno? Por que ningu\u00e9m, no CD (Oposi\u00e7\u00e3o, Situa\u00e7\u00e3o, Conselho de Benem\u00e9ritos e GB\u00b4s) e os s\u00f3cios se&nbsp;conformam em ter um est\u00e1dio-museu?!<\/p>\n<p>  <\/p>\n<p>Ora,&nbsp;esse mesmo est\u00e1dio que temos hoje&nbsp;poderia passar&nbsp;por um&nbsp;consistente processo de Retrofit (sem perder sua beleza, hist\u00f3ria, e suas caracter\u00edsticas marcantes)&nbsp;e vir a se juntar a Arena do Palmeiras, do Gr\u00eamio, do Inter e do Atl\u00e9tico Paranaense.  <\/p>\n<p>  <\/p>\n<p>Estamos esperando o Santa Cruz anunciar a reforma do Arruda?!&nbsp;Pelo andar da carruagem esse fato vai acontecer antes que o Vasco tire da gaveta o projeto da Lusoarenas.  <\/p>\n<p>  <\/p>\n<p>Sinceramente, eu espero que este assunto seja levado \u00e0 discuss\u00e3o no CD, e que os s\u00f3cios e torcedores promovam debates sobre o tema em programas e p\u00e1ginas no Facebook, porque o tempo est\u00e1 passando e o Vasco est\u00e1 ficando para tr\u00e1s!  <\/p>\n<p>  <\/p>\n<p>S\u00e3o Janu\u00e1rio n\u00e3o merece envelhecer sem dignidade. N\u00e3o merece se tornar um est\u00e1dio-museu. O s\u00edmbolo do clube que luta contra o sistema merece ser bem cuidado e modernizado, sem perder sua magia!  <\/p>\n<p>  <\/p>\n<p>Teremos elei\u00e7\u00f5es municipais. Rom\u00e1rio e Carlos Os\u00f3rio se apresentam como potenciais candidatos. O momento pol\u00edtico se torna, mais uma vez, favor\u00e1vel. Ent\u00e3o?! Vamos debater a reforma de S\u00e3o Janu\u00e1rio e a consequente e necess\u00e1ria revitaliza\u00e7\u00e3o do seu entorno?!  <\/p>\n<p>  <\/p>\n<p>Com a palavra, a Diretoria, Conselheiros e S\u00f3cios do Vasco!<\/p>\n<p>QU<\/p>\n<p>  <\/p>\n<p>Marcus Simonini, s\u00f3cio propriet\u00e1rio do CRVG, Colunista do WEBVASCO e Editor do Blog&nbsp;Incondicionalmente Vasco!&nbsp;  <\/p>\n<\/p><\/div>\n<\/p><\/div>\n<p><\/p>\n","protected":false},"excerpt":{"rendered":"<p>Vasca\u00ednos, Muito em breve&nbsp;o Pe\u00f1arol inaugurar\u00e1 seu novo est\u00e1dio. O est\u00e1dio anterior e obsoleto se&#8230;<\/p>\n","protected":false},"author":8,"featured_media":7801,"comment_status":"open","ping_status":"closed","sticky":false,"template":"","format":"standard","meta":{"footnotes":""},"categories":[6],"tags":[],"class_list":["post-7800","post","type-post","status-publish","format-standard","has-post-thumbnail","hentry","category-marcus-simonini"],"_links":{"self":[{"href":"https:\/\/webvasco.com\/artigos\/wp-json\/wp\/v2\/posts\/7800","targetHints":{"allow":["GET"]}}],"collection":[{"href":"https:\/\/webvasco.com\/artigos\/wp-json\/wp\/v2\/posts"}],"about":[{"href":"https:\/\/webvasco.com\/artigos\/wp-json\/wp\/v2\/types\/post"}],"author":[{"embeddable":true,"href":"https:\/\/webvasco.com\/artigos\/wp-json\/wp\/v2\/users\/8"}],"replies":[{"embeddable":true,"href":"https:\/\/webvasco.com\/artigos\/wp-json\/wp\/v2\/comments?post=7800"}],"version-history":[{"count":0,"href":"https:\/\/webvasco.com\/artigos\/wp-json\/wp\/v2\/posts\/7800\/revisions"}],"wp:featuredmedia":[{"embeddable":true,"href":"https:\/\/webvasco.com\/artigos\/wp-json\/wp\/v2\/media\/7801"}],"wp:attachment":[{"href":"https:\/\/webvasco.com\/artigos\/wp-json\/wp\/v2\/media?parent=7800"}],"wp:term":[{"taxonomy":"category","embeddable":true,"href":"https:\/\/webvasco.com\/artigos\/wp-json\/wp\/v2\/categories?post=7800"},{"taxonomy":"post_tag","embeddable":true,"href":"https:\/\/webvasco.com\/artigos\/wp-json\/wp\/v2\/tags?post=7800"}],"curies":[{"name":"wp","href":"https:\/\/api.w.org\/{rel}","templated":true}]}}