{"id":7802,"date":"2016-02-25T16:07:33","date_gmt":"2016-02-25T19:07:33","guid":{"rendered":"http:\/\/webvasco.com\/artigos\/?p=7802"},"modified":"2016-02-25T16:18:05","modified_gmt":"2016-02-25T19:18:05","slug":"ensaio-para-domingo","status":"publish","type":"post","link":"https:\/\/webvasco.com\/artigos\/colunistas\/luizcarlosrocha\/ensaio-para-domingo\/","title":{"rendered":"ENSAIO PARA DOMINGO!"},"content":{"rendered":"<div>\n<div style=\"color:#000; background-color:#fff; font-family:HelveticaNeue-Light, Helvetica Neue Light, Helvetica Neue, Helvetica, Arial, Lucida Grande, sans-serif;font-size:32px\">\n<div class=\"\" id=\"yiv4039625418yui_3_16_0_1_1455159828335_8079\" style=\"text-align: justify; text-indent: 35.4pt;\"><span id=\"yiv4039625418yui_3_16_0_1_1455159828335_8081\" class=\"\" style=\"font-size: 12pt; line-height: 18.3999996185303px;\">O Vasco da Gama recebeu hoje o Volta Redonda, em S\u00e3o Janu\u00e1rio. Ainda em clima de folia de Carnaval derrotou o visitante por 2 a 0, com gols de Nen\u00ea e Thalles, ambos na etapa complementar. O resultado manteve a equipe cruzmaltina na lideran\u00e7a isolada com 09 pontos ganhos, em 09 disputados, do Grupo A, do Campeonato Carioca de 2016.<\/span><\/div>\n<div class=\"\" id=\"yiv4039625418yui_3_16_0_1_1455159828335_8085\" style=\"text-align: justify; text-indent: 35.4pt;\"><span id=\"yiv4039625418yui_3_16_0_1_1455159828335_8087\" class=\"\" style=\"font-size: 12pt; line-height: 18.3999996185303px;\">No primeiro tempo a partida foi equilibrada. Mas veio o tempo final, e as coisas mudaram. O zagueiro Luan foi expulso e n\u00e3o enfrentar\u00e1 a Molambada domingo, em partida v\u00e1lida pela Quarta Rodada. Embalado pelos 100% de aproveitamento na competi\u00e7\u00e3o os jogadores do Vasco est\u00e3o bem confiantes na vit\u00f3ria contra aqueles que n\u00e3o devem ser nomeados. Afinal, s\u00e3o fregueses mesmo!<\/span><\/div>\n<div class=\"\" id=\"yiv4039625418yui_3_16_0_1_1455159828335_8091\" style=\"text-align: justify; text-indent: 35.4pt;\"><span id=\"yiv4039625418yui_3_16_0_1_1455159828335_8093\" class=\"\" style=\"font-size: 12pt; line-height: 18.3999996185303px;\">Testemunharam o baile hoje 5.334 presentes na Colina Hist\u00f3rica. O treinador Jorginho ter\u00e1 de arrumar a defesa vasca\u00edna e apontar um substituto para o zagueiro Luan. Na busca pelo bicampeonato a torcida confia no resultado dos \u00faltimos confrontos com os aculturados, na qual s\u00f3 deu Vasc\u00e3o!<\/span><\/div>\n<div class=\"\" id=\"yiv4039625418yui_3_16_0_1_1455159828335_8097\" style=\"text-align: justify; text-indent: 35.4pt;\"><b id=\"yiv4039625418yui_3_16_0_1_1455159828335_8099\" class=\"\"><u id=\"yiv4039625418yui_3_16_0_1_1455159828335_8101\" class=\"\"><span id=\"yiv4039625418yui_3_16_0_1_1455159828335_8103\" class=\"\" style=\"font-size: 12pt; line-height: 18.3999996185303px;\">MANGUEIRA:<\/span><\/u><\/b><span id=\"yiv4039625418yui_3_16_0_1_1455159828335_8105\" class=\"\" style=\"font-size: 12pt; line-height: 18.3999996185303px;\">&nbsp;&nbsp;Parab\u00e9ns \u00e0 Mangueira pelo Campeonato da LIESA 2016. Merecidamente levou a Ta\u00e7a do Carnaval. Se vivo fosse, o ilustre torcedor vasca\u00edno e \u00edcone mangueirense Jamel\u00e3o estaria radiante em ver no mesmo dia o triunfo do Mach\u00e3o da Gama e a conquista de sua Escola de Samba do cora\u00e7\u00e3o!<\/span><\/div>\n<div class=\"\" id=\"yiv4039625418yui_3_16_0_1_1455159828335_8109\" style=\"text-align: justify; text-indent: 35.4pt;\"><span id=\"yiv4039625418yui_3_16_0_1_1455159828335_8111\" class=\"\" style=\"font-size: 12pt; line-height: 18.3999996185303px;\">&nbsp;<\/span><\/div>\n<div class=\"\" id=\"yiv4039625418yui_3_16_0_1_1455159828335_8115\" style=\"text-align: justify; text-indent: 35.4pt;\"><span id=\"yiv4039625418yui_3_16_0_1_1455159828335_8117\" class=\"\" style=\"font-size: 12pt; line-height: 18.3999996185303px;\">&nbsp;<\/span><\/div>\n<div class=\"\" id=\"yiv4039625418yui_3_16_0_1_1455159828335_8121\" style=\"text-align: justify; text-indent: 35.4pt;\"><b id=\"yiv4039625418yui_3_16_0_1_1455159828335_8123\" class=\"\"><u id=\"yiv4039625418yui_3_16_0_1_1455159828335_8125\" class=\"\"><span id=\"yiv4039625418yui_3_16_0_1_1455159828335_8127\" class=\"\" style=\"font-size: 20pt; line-height: 30.6666641235352px;\">DIVULGUEM ESSA COVARDIA:<\/span><\/u><\/b><span id=\"yiv4039625418yui_3_16_0_1_1455159828335_8129\" class=\"\" style=\"font-size: 16pt; line-height: 24.5333347320557px;\">&nbsp;GOSTARIA DE PEDIR A TODOS OS MEUS AMIGOS E LEITORES QUE TIRASSE UM TEMPINHO PARA LER A PETI\u00c7\u00c3O P\u00daBLICA, AO QUAL SEGUE ABAIXO O LINK. TAL DOCUMENTO REFERE-SE A&nbsp;<b id=\"yiv4039625418yui_3_16_0_1_1455159828335_8131\" class=\"\"><u id=\"yiv4039625418yui_3_16_0_1_1455159828335_8133\" class=\"\">UM ATO DE COVARDIA POR PARTE DA VOLKSWAGEN DO BRASIL EM COAUTORIA DA ABOLI\u00c7\u00c3O VE\u00cdCULOS (GRUPO AB)<\/u><\/b>&nbsp;CONTRA ESTE VELHO JORNALISTA. A REFERIDA CONCESSION\u00c1RIA EST\u00c1 ME LESANDO DESDE FEVEREIRO DE 2013. MEU CARRO FOI BATIDO DENTRO DA OFICINA, FURTARAM ACESS\u00d3RIOS, TEM PROBLEMAS CAUSADOS POR ELES, AL\u00c9M DE DEFEITOS DE FABRICA\u00c7\u00c3O. O CARRO 0 KM COMPRADO POR MIM HOJE SE ENCONTRA NA OFICINA DA ABOLI\u00c7\u00c3O VE\u00cdCULOS (CENTRO DE NITER\u00d3I)&nbsp;<b id=\"yiv4039625418yui_3_16_0_1_1455159828335_8135\" class=\"\"><u id=\"yiv4039625418yui_3_16_0_1_1455159828335_8137\" class=\"\">DESDE 10 DE JUNHO DE 2013<\/u><\/b>, OU SEJA, H\u00c1&nbsp;<b id=\"yiv4039625418yui_3_16_0_1_1455159828335_8139\" class=\"\"><u id=\"yiv4039625418yui_3_16_0_1_1455159828335_8141\" class=\"\">31 MESES, OU SEJA, 2 ANOS E SETE MESES.<\/u><\/b>&nbsp;<b id=\"yiv4039625418yui_3_16_0_1_1455159828335_8143\" class=\"\"><u id=\"yiv4039625418yui_3_16_0_1_1455159828335_8145\" class=\"\">TEM APENAS 729 KM RODADOS<\/u><\/b>&nbsp;PARA COMPROVAR O CALV\u00c1RIO TENHO DOCUMENTOS, GRAVA\u00c7\u00d5ES DE AUDIO E V\u00cdDEO, MAIS DE 600 FOTOGRAFIAS E E-MAILS TROCADOS COM FUNCION\u00c1RIOS DO BAIXO, M\u00c9DIO E ALTO ESCAL\u00c3O DA EMPRESA. POR FAVOR, ASSINEM O DOCUMENTO PARA QUE OUTROS CONSUMIDORES N\u00c3O SEJAM LESADOS POR EMPRESAS DESTE N\u00cdVEL.&nbsp;<\/span><a rel=\"nofollow\" target=\"_blank\" href=\"https:\/\/secure.avaaz.org\/po\/petition\/Aos_Orgaos_de_Defesa_do_Consumidor_e_ao_Poder_Judiciario_JUSTICA_CONTRA_UMA_MARCA_E_SUA_REVENDERORA_QUE_DESCUMPREM_A_LEI\/?lJEcNfb&amp;pv=0\" id=\"yiv4039625418yui_3_16_0_1_1455159828335_8147\" class=\"\" style=\"color: rgb(25, 106, 212);\"><span id=\"yiv4039625418yui_3_16_0_1_1455159828335_8149\" class=\"\" style=\"font-size: 16pt; line-height: 24.5333347320557px;\"><a href=\"https:\/\/secure.avaaz.org\/po\/petition\/Aos_Orgaos_de_Defesa_do_Consumidor_e_ao_Poder_Judiciario_JUSTICA_CONTRA_UMA_MARCA_E_SUA_REVENDERORA_QUE_DESCUMPREM_A_LEI\/?lJEcNfb&amp;pv=0\" >https:\/\/secure.avaaz.org\/po\/petition\/Aos_Orgaos_de_Defesa_do_Consumidor_e_ao_Poder_Judiciario_JUSTICA_CONTRA_UMA_MARCA_E_SUA_REVENDERORA_QUE_DESCUMPREM_A_LEI\/?lJEcNfb&amp;pv=0<\/a><\/span><\/a><span id=\"yiv4039625418yui_3_16_0_1_1455159828335_8151\" class=\"\" style=\"font-size: 16pt; line-height: 24.5333347320557px;\"><\/span><\/div>\n<div class=\"\" id=\"yiv4039625418yui_3_16_0_1_1455159828335_8155\" style=\"text-align: justify;\"><span id=\"yiv4039625418yui_3_16_0_1_1455159828335_8157\" class=\"\" style=\"font-size: 16pt; line-height: 24.5333347320557px;\">&nbsp;<\/span><\/div>\n<div class=\"\" id=\"yiv4039625418yui_3_16_0_1_1455159828335_8161\" style=\"text-align: justify;\"><b id=\"yiv4039625418yui_3_16_0_1_1455159828335_8163\" class=\"\"><span id=\"yiv4039625418yui_3_16_0_1_1455159828335_8165\" class=\"\" style=\"font-size: 16pt; line-height: 24.5333347320557px;\">&nbsp;&nbsp;&nbsp;&nbsp;&nbsp;&nbsp;&nbsp;&nbsp;&nbsp;&nbsp;&nbsp;&nbsp;&nbsp;&nbsp;&nbsp;&nbsp;&nbsp;&nbsp;&nbsp;&nbsp;&nbsp;&nbsp;&nbsp;&nbsp; &nbsp;&nbsp;&nbsp;&nbsp;&nbsp;&nbsp;<\/span><\/b><\/div>\n<div id=\"yiv4039625418yui_3_16_0_1_1455159828335_8016\" class=\"\"><\/div>\n<div class=\"\" id=\"yiv4039625418yui_3_16_0_1_1455159828335_8077\" dir=\"ltr\" style=\"text-align: justify;\"><b id=\"yiv4039625418yui_3_16_0_1_1455159828335_8076\" class=\"\"><span id=\"yiv4039625418yui_3_16_0_1_1455159828335_8075\" class=\"\" style=\"font-size: 14pt; line-height: 21.4666652679443px;\">AP\u00d3S AS TODAS AS PARTIDAS DO VASC\u00c3O EM MEU PERFIL DO FACEBOOK (QUEM QUISER RECEBER AS CR\u00d4NICAS DE PRIMEIRA M\u00c3O \u00c9 S\u00d3 ME ADICIONAR), E NOS SITES WEBVASCO (www.webvasco.com), E VASCA\u00cdNOS UNIDOS (www.vascainosunidos.com.br) TEM A OPINI\u00c3O DO JORNALISTA LUIZ CARLOS ROCHA. LEIAM! COMPARTILHEM E CURTAM! VASCA\u00cdNOS UNIDOS JAMAIS SER\u00c3O VENCIDOS.<\/span><\/b><\/div>\n<div id=\"yiv4039625418yui_3_16_0_1_1455159828335_8015\" class=\"\"><br id=\"yui_3_16_0_1_1456422387814_18284\" class=\"\"\/><\/div>\n<div id=\"yiv4039625418yui_3_16_0_1_1455159828335_8014\" class=\"\"><br id=\"yui_3_16_0_1_1456422387814_18287\" class=\"\"\/><\/div>\n<div id=\"yiv4039625418yui_3_16_0_1_1455159828335_8050\" class=\"\"><br id=\"yui_3_16_0_1_1456422387814_18290\" class=\"\"\/><\/div>\n<div id=\"yui_3_16_0_1_1456422387814_18292\" class=\"\"><\/div>\n<div id=\"yui_3_16_0_1_1456422387814_18190\">\n<div class=\"\" id=\"yiv4039625418yui_3_16_0_1_1455159828335_7957\">\n<div id=\"yiv4039625418RTEContent\" class=\"\">\n<div id=\"yiv4039625418yui_3_16_0_1_1455159828335_7956\" class=\"\">\n<div id=\"yiv4039625418yui_3_16_0_1_1455159828335_7955\" class=\"\">\n<div id=\"yiv4039625418yui_3_16_0_1_1455159828335_7954\" class=\"\"><\/div>\n<\/div>\n<\/div>\n<\/div>\n<\/div>\n<\/div>\n<div id=\"yiv4039625418yui_3_16_0_1_1455159828335_8013\" style=\"color: rgb(0, 0, 0); font-family: HelveticaNeue-Light, 'Helvetica Neue Light', 'Helvetica Neue', Helvetica, Arial, 'Lucida Grande', sans-serif; font-size: 32px; font-style: normal; font-variant: normal; font-weight: normal; letter-spacing: normal; line-height: normal; orphans: auto; text-align: start; text-indent: 0px; text-transform: none; white-space: normal; widows: auto; word-spacing: 0px; -webkit-text-stroke-width: 0px;\" dir=\"ltr\" class=\"\">&nbsp;<\/div>\n<div id=\"yui_3_16_0_1_1456422387814_18190\"><span><br \/><\/span><\/div>\n<div id=\"yui_3_16_0_1_1456422387814_18190\"><span><br \/><\/span><\/div>\n<div><\/div>\n<div id=\"yui_3_16_0_1_1456422387814_18189\">&nbsp;<\/div>\n<div class=\"signature\" id=\"yui_3_16_0_1_1456422387814_18195\">\n<div id=\"RTEContent\">\n<div id=\"yui_3_16_0_1_1456422387814_18194\">\n<div id=\"yui_3_16_0_1_1456422387814_18193\">\n<div id=\"yui_3_16_0_1_1456422387814_18192\">\n<div align=\"center\" id=\"yui_3_16_0_1_1456422387814_18191\"><\/div>\n<\/div>\n<\/div>\n<\/div>\n<\/div>\n<\/div>\n<\/div>\n<\/div>\n<p><\/p>\n","protected":false},"excerpt":{"rendered":"<p>O Vasco da Gama recebeu hoje o Volta Redonda, em S\u00e3o Janu\u00e1rio. Ainda em clima&#8230;<\/p>\n","protected":false},"author":7,"featured_media":0,"comment_status":"open","ping_status":"closed","sticky":false,"template":"","format":"standard","meta":{"footnotes":""},"categories":[4],"tags":[],"class_list":["post-7802","post","type-post","status-publish","format-standard","hentry","category-luizcarlosrocha"],"_links":{"self":[{"href":"https:\/\/webvasco.com\/artigos\/wp-json\/wp\/v2\/posts\/7802","targetHints":{"allow":["GET"]}}],"collection":[{"href":"https:\/\/webvasco.com\/artigos\/wp-json\/wp\/v2\/posts"}],"about":[{"href":"https:\/\/webvasco.com\/artigos\/wp-json\/wp\/v2\/types\/post"}],"author":[{"embeddable":true,"href":"https:\/\/webvasco.com\/artigos\/wp-json\/wp\/v2\/users\/7"}],"replies":[{"embeddable":true,"href":"https:\/\/webvasco.com\/artigos\/wp-json\/wp\/v2\/comments?post=7802"}],"version-history":[{"count":0,"href":"https:\/\/webvasco.com\/artigos\/wp-json\/wp\/v2\/posts\/7802\/revisions"}],"wp:attachment":[{"href":"https:\/\/webvasco.com\/artigos\/wp-json\/wp\/v2\/media?parent=7802"}],"wp:term":[{"taxonomy":"category","embeddable":true,"href":"https:\/\/webvasco.com\/artigos\/wp-json\/wp\/v2\/categories?post=7802"},{"taxonomy":"post_tag","embeddable":true,"href":"https:\/\/webvasco.com\/artigos\/wp-json\/wp\/v2\/tags?post=7802"}],"curies":[{"name":"wp","href":"https:\/\/api.w.org\/{rel}","templated":true}]}}