{"id":7803,"date":"2016-02-26T00:12:47","date_gmt":"2016-02-26T03:12:47","guid":{"rendered":"http:\/\/webvasco.com\/artigos\/?p=7803"},"modified":"2016-02-26T00:18:03","modified_gmt":"2016-02-26T03:18:03","slug":"r-r-r","status":"publish","type":"post","link":"https:\/\/webvasco.com\/artigos\/colunistas\/luizcarlosrocha\/r-r-r\/","title":{"rendered":"R, R, R!"},"content":{"rendered":"<div>\n<div style=\"color:#000; background-color:#fff; font-family:HelveticaNeue-Light, Helvetica Neue Light, Helvetica Neue, Helvetica, Arial, Lucida Grande, sans-serif;font-size:32px\">\n<div class=\"\" style=\"text-align:justify;text-indent:35.4pt;tab-stops:111.0pt\" id=\"yui_3_16_0_1_1456450060841_12543\"><span style=\"font-size:12.0pt;line-height:115%;font-family:&quot;Arial&quot;,sans-serif\" id=\"yui_3_16_0_1_1456450060841_12545\" class=\"\">Riascos,  R\u00f4mulo, Rid\u00edculo! Com apenas essas tr\u00eas palavras podemos definir a partida  entre Vasco da Gama e Friburguense, em S\u00e3o Janu\u00e1rio, hoje, pela 6\u00aa Rodada do  Campeonato Carioca. O colombiano marcou duas vezes para o time da casa. O  nacional tamb\u00e9m marcou duas vezes, s\u00f3 que para os visitantes. Com isso o  aproveitamento de 100% na competi\u00e7\u00e3o foi pelo ralo! Mas o Cruzmaltino ainda \u00e9  l\u00edder do Grupo A, agora com 16 pontos na tabela.<o:p id=\"yui_3_16_0_1_1456450060841_12547\" class=\"\"><\/o:p><\/span><\/div>\n<div class=\"\" style=\"text-align:justify;text-indent:35.4pt;tab-stops:111.0pt\" id=\"yui_3_16_0_1_1456450060841_12549\"><span style=\"font-size:12.0pt;line-height:115%;font-family:&quot;Arial&quot;,sans-serif\" id=\"yui_3_16_0_1_1456450060841_12551\" class=\"\">Um  ponto no jogo desta noite foi at\u00e9 muito pelo pouco futebol apresentado. A  defesa bateu cabe\u00e7a, principalmente quando Rodrigo deu lugar a Rafael Vaz ainda  na etapa vestibular. Luan que \u00e9 bom profissional, sentiu a falta do companheiro  titular e acabou titubiando, sendo respons\u00e1vel pelo empate do Friz\u00e3o. O  zagueiro falhou feio no primeiro gol da equipe friburguense.<o:p id=\"yui_3_16_0_1_1456450060841_12553\" class=\"\"><\/o:p><\/span><\/div>\n<div class=\"\" style=\"text-align:justify;text-indent:35.4pt;tab-stops:111.0pt\" id=\"yui_3_16_0_1_1456450060841_12555\"><span style=\"font-size:12.0pt;line-height:115%;font-family:&quot;Arial&quot;,sans-serif\" id=\"yui_3_16_0_1_1456450060841_12557\" class=\"\">O pior  de tudo foi ver o Friburguense inaugurar o marcador, em plena Colina Hist\u00f3rica .Sem  nenhum respeito. E ponto. Mas o Vasco foi o time da virada e do amor. Por\u00e9m em  momento bisonho entregou o ouro, cedendo o empate. Andrezinho e Nen\u00ea fizeram  uma enorme falta. &nbsp;Pela t\u00e9cnica exibida,  a Imensa Torcida Bem Feliz ecoou das arquibancadas vaias e cobran\u00e7a por um time  melhor.<o:p id=\"yui_3_16_0_1_1456450060841_12559\" class=\"\"><\/o:p><\/span><\/div>\n<div class=\"\" style=\"text-align:justify;text-indent:35.4pt;tab-stops:111.0pt\" id=\"yui_3_16_0_1_1456450060841_12561\"><span style=\"font-size:12.0pt;line-height:115%;font-family:&quot;Arial&quot;,sans-serif\" id=\"yui_3_16_0_1_1456450060841_12563\" class=\"\">Agora  \u00e9 levantar a cabe\u00e7a e corrigir os erros. O treinador Jorginho, bem como o  auxiliar Zinho t\u00eam at\u00e9 domingo, \u00e0s 19h30m para acertar os detalhes. Neste dia o  desafio ficar\u00e1 por conta de tentar bater o Botafogo, em S\u00e3o Janu\u00e1rio. At\u00e9 l\u00e1 o  torcedor seguir\u00e1 amargando dois dos tr\u00eas Rs. R\u00f4mulo e Rid\u00edculo certamente se  encaixaram no panorama. &nbsp;<o:p id=\"yui_3_16_0_1_1456450060841_12565\" class=\"\"><\/o:p><\/span><\/div>\n<div class=\"\" style=\"text-align:justify;text-indent:35.4pt;tab-stops:111.0pt\" id=\"yui_3_16_0_1_1456450060841_12567\"><span style=\"font-size:12.0pt;line-height:115%;font-family:&quot;Arial&quot;,sans-serif\" id=\"yui_3_16_0_1_1456450060841_12569\" class=\"\">&nbsp;<o:p id=\"yui_3_16_0_1_1456450060841_12571\" class=\"\"><\/o:p><\/span><\/div>\n<div class=\"\" style=\"text-align:justify;text-indent:35.4pt;tab-stops:111.0pt\" id=\"yui_3_16_0_1_1456450060841_12573\"><b id=\"yui_3_16_0_1_1456450060841_12575\" class=\"\"><u id=\"yui_3_16_0_1_1456450060841_12577\" class=\"\"><span style=\"font-size:20.0pt;line-height:115%;font-family:&quot;Arial&quot;,sans-serif\" id=\"yui_3_16_0_1_1456450060841_12579\" class=\"\">DIVULGUEM ESSA COVARDIA:<\/span><\/u><\/b><span style=\"font-size:16.0pt;line-height:115%;font-family:&quot;Arial&quot;,sans-serif\" id=\"yui_3_16_0_1_1456450060841_12581\" class=\"\"> GOSTARIA  DE PEDIR A TODOS OS MEUS AMIGOS E LEITORES QUE TIRASSE UM TEMPINHO PARA LER A  PETI\u00c7\u00c3O P\u00daBLICA, AO QUAL SEGUE ABAIXO O LINK. TAL DOCUMENTO REFERE-SE A <b id=\"yui_3_16_0_1_1456450060841_12583\" class=\"\"><u id=\"yui_3_16_0_1_1456450060841_12585\" class=\"\">UM ATO DE COVARDIA POR PARTE DA  VOLKSWAGEN DO BRASIL EM COAUTORIA DA ABOLI\u00c7\u00c3O VE\u00cdCULOS (GRUPO AB)<\/u><\/b>  CONTRA ESTE VELHO JORNALISTA. A REFERIDA CONCESSION\u00c1RIA EST\u00c1 ME LESANDO DESDE  FEVEREIRO DE 2013. MEU CARRO FOI BATIDO DENTRO DA OFICINA, FURTARAM ACESS\u00d3RIOS,  TEM PROBLEMAS CAUSADOS POR ELES, AL\u00c9M DE DEFEITOS DE FABRICA\u00c7\u00c3O. O CARRO 0 KM  COMPRADO POR MIM HOJE SE ENCONTRA NA OFICINA DA ABOLI\u00c7\u00c3O VE\u00cdCULOS (CENTRO DE  NITER\u00d3I) <b id=\"yui_3_16_0_1_1456450060841_12587\" class=\"\"><u id=\"yui_3_16_0_1_1456450060841_12589\" class=\"\">DESDE 10 DE JUNHO DE 2013<\/u><\/b>,  OU SEJA, H\u00c1 <b id=\"yui_3_16_0_1_1456450060841_12591\" class=\"\"><u id=\"yui_3_16_0_1_1456450060841_12593\" class=\"\">31 MESES, OU SEJA, 2 ANOS  E SETE MESES.<\/u><\/b> <b id=\"yui_3_16_0_1_1456450060841_12595\" class=\"\"><u id=\"yui_3_16_0_1_1456450060841_12597\" class=\"\">TEM APENAS 729  KM RODADOS<\/u><\/b> PARA COMPROVAR O CALV\u00c1RIO TENHO DOCUMENTOS, GRAVA\u00c7\u00d5ES DE  AUDIO E V\u00cdDEO, MAIS DE 600 FOTOGRAFIAS E E-MAILS TROCADOS COM FUNCION\u00c1RIOS DO  BAIXO, M\u00c9DIO E ALTO ESCAL\u00c3O DA EMPRESA. POR FAVOR, ASSINEM O DOCUMENTO PARA QUE  OUTROS CONSUMIDORES N\u00c3O SEJAM LESADOS POR EMPRESAS DESTE N\u00cdVEL.&nbsp; <\/span><a href=\"https:\/\/secure.avaaz.org\/po\/petition\/Aos_Orgaos_de_Defesa_do_Consumidor_e_ao_Poder_Judiciario_JUSTICA_CONTRA_UMA_MARCA_E_SUA_REVENDERORA_QUE_DESCUMPREM_A_LEI\/?lJEcNfb&amp;pv=0\" id=\"yui_3_16_0_1_1456450060841_12599\" class=\"\"><span style=\"font-size:16.0pt;line-height:115%;font-family:&quot;Arial&quot;,sans-serif\" id=\"yui_3_16_0_1_1456450060841_12601\" class=\"\"><a href=\"https:\/\/secure.avaaz.org\/po\/petition\/Aos_Orgaos_de_Defesa_do_Consumidor_e_ao_Poder_Judiciario_JUSTICA_CONTRA_UMA_MARCA_E_SUA_REVENDERORA_QUE_DESCUMPREM_A_LEI\/?lJEcNfb&amp;pv=0\" >https:\/\/secure.avaaz.org\/po\/petition\/Aos_Orgaos_de_Defesa_do_Consumidor_e_ao_Poder_Judiciario_JUSTICA_CONTRA_UMA_MARCA_E_SUA_REVENDERORA_QUE_DESCUMPREM_A_LEI\/?lJEcNfb&amp;pv=0<\/a><\/span><\/a><span style=\"font-size:16.0pt;line-height:115%;font-family:&quot;Arial&quot;,sans-serif\" id=\"yui_3_16_0_1_1456450060841_12603\" class=\"\"><o:p id=\"yui_3_16_0_1_1456450060841_12605\" class=\"\"><\/o:p><\/span><\/div>\n<div class=\"\" style=\"text-align:justify;tab-stops:111.0pt\" id=\"yui_3_16_0_1_1456450060841_12607\"><span style=\"font-size:16.0pt;line-height:115%;font-family:&quot;Arial&quot;,sans-serif\" id=\"yui_3_16_0_1_1456450060841_12609\" class=\"\"><o:p id=\"yui_3_16_0_1_1456450060841_12611\" class=\"\">&nbsp;<\/o:p><\/span><\/div>\n<div class=\"\" style=\"text-align:justify;tab-stops:111.0pt\" id=\"yui_3_16_0_1_1456450060841_12613\"><b id=\"yui_3_16_0_1_1456450060841_12615\" class=\"\"><span style=\"font-size:16.0pt;line-height:115%;font-family:&quot;Arial&quot;,sans-serif\" id=\"yui_3_16_0_1_1456450060841_12617\" class=\"\">&nbsp;&nbsp;&nbsp;&nbsp;&nbsp;&nbsp;&nbsp;&nbsp;&nbsp;&nbsp;&nbsp;&nbsp;&nbsp;&nbsp;&nbsp;&nbsp;&nbsp;&nbsp;&nbsp;&nbsp;&nbsp;&nbsp;&nbsp;&nbsp; &nbsp;&nbsp;&nbsp;&nbsp;&nbsp;&nbsp; <o:p id=\"yui_3_16_0_1_1456450060841_12619\" class=\"\"><\/o:p><\/span><\/b><\/div>\n<div id=\"yui_3_16_0_1_1456450060841_12407\">                                <\/div>\n<div class=\"\" style=\"text-align:justify\" id=\"yui_3_16_0_1_1456450060841_12541\" dir=\"ltr\"><b id=\"yui_3_16_0_1_1456450060841_12540\" class=\"\"><span style=\"font-size:14.0pt;line-height:115%;font-family:&quot;Arial&quot;,sans-serif\" id=\"yui_3_16_0_1_1456450060841_12539\" class=\"\">AP\u00d3S  AS TODAS AS PARTIDAS DO VASC\u00c3O EM MEU PERFIL DO FACEBOOK (QUEM QUISER RECEBER  AS CR\u00d4NICAS DE PRIMEIRA M\u00c3O \u00c9 S\u00d3 ME ADICIONAR), E NOS SITES WEBVASCO  (www.webvasco.com), E VASCA\u00cdNOS UNIDOS (www.vascainosunidos.com.br) TEM A  OPINI\u00c3O DO JORNALISTA LUIZ CARLOS ROCHA. LEIAM! COMPARTILHEM E CURTAM!  VASCA\u00cdNOS UNIDOS JAMAIS SER\u00c3O VENCIDOS.<o:p id=\"yui_3_16_0_1_1456450060841_12624\" class=\"\"><\/o:p><\/span><\/b><\/div>\n<div id=\"yui_3_16_0_1_1456450060841_12407\"><span><br \/><\/span><\/div>\n<div id=\"yui_3_16_0_1_1456450060841_12407\"><span><br \/><\/span><\/div>\n<div><\/div>\n<div id=\"yui_3_16_0_1_1456450060841_12494\">&nbsp;<\/div>\n<div class=\"signature\" id=\"yui_3_16_0_1_1456450060841_12448\">\n<div id=\"RTEContent\">\n<div id=\"yui_3_16_0_1_1456450060841_12447\">\n<div id=\"yui_3_16_0_1_1456450060841_12446\">\n<div id=\"yui_3_16_0_1_1456450060841_12445\">\n<div align=\"center\" id=\"yui_3_16_0_1_1456450060841_12444\"><\/div>\n<\/div>\n<\/div>\n<\/div>\n<\/div>\n<\/div>\n<\/div>\n<\/div>\n<p><\/p>\n","protected":false},"excerpt":{"rendered":"<p>Riascos, R\u00f4mulo, Rid\u00edculo! Com apenas essas tr\u00eas palavras podemos definir a partida entre Vasco da&#8230;<\/p>\n","protected":false},"author":7,"featured_media":0,"comment_status":"open","ping_status":"closed","sticky":false,"template":"","format":"standard","meta":{"footnotes":""},"categories":[4],"tags":[],"class_list":["post-7803","post","type-post","status-publish","format-standard","hentry","category-luizcarlosrocha"],"_links":{"self":[{"href":"https:\/\/webvasco.com\/artigos\/wp-json\/wp\/v2\/posts\/7803","targetHints":{"allow":["GET"]}}],"collection":[{"href":"https:\/\/webvasco.com\/artigos\/wp-json\/wp\/v2\/posts"}],"about":[{"href":"https:\/\/webvasco.com\/artigos\/wp-json\/wp\/v2\/types\/post"}],"author":[{"embeddable":true,"href":"https:\/\/webvasco.com\/artigos\/wp-json\/wp\/v2\/users\/7"}],"replies":[{"embeddable":true,"href":"https:\/\/webvasco.com\/artigos\/wp-json\/wp\/v2\/comments?post=7803"}],"version-history":[{"count":0,"href":"https:\/\/webvasco.com\/artigos\/wp-json\/wp\/v2\/posts\/7803\/revisions"}],"wp:attachment":[{"href":"https:\/\/webvasco.com\/artigos\/wp-json\/wp\/v2\/media?parent=7803"}],"wp:term":[{"taxonomy":"category","embeddable":true,"href":"https:\/\/webvasco.com\/artigos\/wp-json\/wp\/v2\/categories?post=7803"},{"taxonomy":"post_tag","embeddable":true,"href":"https:\/\/webvasco.com\/artigos\/wp-json\/wp\/v2\/tags?post=7803"}],"curies":[{"name":"wp","href":"https:\/\/api.w.org\/{rel}","templated":true}]}}